{"id":3542,"date":"2018-11-14T12:20:24","date_gmt":"2018-11-14T11:20:24","guid":{"rendered":"http:\/\/agora.xtec.cat\/escmarquesdelapobla\/?p=3542"},"modified":"2020-11-08T13:17:57","modified_gmt":"2020-11-08T12:17:57","slug":"som-els-magics","status":"publish","type":"post","link":"https:\/\/agora.xtec.cat\/escmarquesdelapobla\/superior\/p5\/som-els-magics\/","title":{"rendered":"Som els M\u00e0gics"},"content":{"rendered":"<p>El dimecres dia 7 de novembre vam anar tots els infants de Prim\u00e0ria al gimn\u00e0s per presentar el nom que cada classe ha escollit per aquest curs.<\/p>\n<p>La classe de 5\u00e8 B vam acabar escollint el nom de \u201cEls M\u00e0gics\u201d despr\u00e9s d\u2019haver fet una votaci\u00f3. Vam descartar un altre nom ja que cr\u00e8iem que no era adequat per a l\u2019escola i a m\u00e9s a m\u00e9s no agradava a tothom.<\/p>\n<p>Com a \u201cEls M\u00e0gics \u201c que som, veiem que cadasc\u00fa de nosaltres \u00e9s m\u00e0gic, \u00fanic i\u00a0 irrepetible. Durant aquest curs\u00a0 volem donar la nostra m\u00e0gia als altres. La m\u00e0gia de cadasc\u00fa i de cadascuna de nosaltres est\u00e0 en els nostres cors i en els somriures.<\/p>\n<p>Us convidem a totes i a tots a mostrar la vostra m\u00e0gia!<\/p>\n<p><a href=\"https:\/\/photos.app.goo.gl\/nHb9GGbfgN72v26T8\"><img loading=\"lazy\" decoding=\"async\" class=\"size-large aligncenter\" src=\"https:\/\/lh3.googleusercontent.com\/1adJsWZEzC_v0ulDt0LYOPiCWrqlsmHCcXdtq3yjWhAye1F73rOQWNz__0rBKv0gHNjsN0MhOIPfVM7Od7nf7V0A6vkfRCv12wuDBDo1tpkkplPpxj7ykcAxmTFkFV3vl0P4WMTG-qeN1JC6RlrWYmQ7WAKccw94o4prJEH9LOTy9gJon1SbOpvA3uYeIueLJVmeL9OVE6I6M2gcC_IkIBSRktYasQgwhwnjrYCNZYM6QWij37TpIsHQZVgts9u9CYTduiBQaBXe0XRycPDCrQTyi-qmzSjXrV3ZsbfbZqmzk1L2lkIOpYozfi48HB2X_inl_8S_6n_TMgqvJw2g5TPNY9yxokWc_ZaQsH-v88FC3DmQ08wRQ22pea7kDO-DNwkhCkuoeLCi7Mi1JixoEoONKRoa04U5-WieIsKrxvakZMs2MvsYcZPyyFSTqTy6pqn8Mu_YX1DgvJtmdKtL240YnMcd_Gy9p5M66jWs556faJvHAmLiFJuyAd-PAtEBaloNNiLkkVaa9Uip_TG10e_obyub6a6TUoFLINRmBHBHQ48H5vyBYSVuEAxGZgrcdsZMnE0awG5J6N4v2WDg95K2G8ZNBiVJelOgAgZVHlH5YziRgLmzwGKu3_dJ3GDYD9ZswA3bol5KHJO5NjENVfMM=w505-h745-no\" width=\"505\" height=\"745\" \/><\/a><\/p>\n","protected":false},"excerpt":{"rendered":"<p>El dimecres dia 7 de novembre vam anar tots els infants de Prim\u00e0ria al gimn\u00e0s per presentar el nom que cada classe ha escollit per aquest curs. La classe de 5\u00e8 B vam acabar escollint el nom de \u201cEls M\u00e0gics\u201d despr\u00e9s d\u2019haver fet una votaci\u00f3. Vam descartar un altre nom ja que cr\u00e8iem que no [&hellip;]<\/p>\n","protected":false},"author":1,"featured_media":0,"comment_status":"open","ping_status":"closed","sticky":false,"template":"","format":"standard","meta":{"_bbp_topic_count":0,"_bbp_reply_count":0,"_bbp_total_topic_count":0,"_bbp_total_reply_count":0,"_bbp_voice_count":0,"_bbp_anonymous_reply_count":0,"_bbp_topic_count_hidden":0,"_bbp_reply_count_hidden":0,"_bbp_forum_subforum_count":0,"site-sidebar-layout":"default","site-content-layout":"","ast-site-content-layout":"","site-content-style":"default","site-sidebar-style":"default","ast-global-header-display":"","ast-banner-title-visibility":"","ast-main-header-display":"","ast-hfb-above-header-display":"","ast-hfb-below-header-display":"","ast-hfb-mobile-header-display":"","site-post-title":"","ast-breadcrumbs-content":"","ast-featured-img":"","footer-sml-layout":"","theme-transparent-header-meta":"","adv-header-id-meta":"","stick-header-meta":"","header-above-stick-meta":"","header-main-stick-meta":"","header-below-stick-meta":"","astra-migrate-meta-layouts":"default","ast-page-background-enabled":"default","ast-page-background-meta":{"desktop":{"background-color":"var(--ast-global-color-5)","background-image":"","background-repeat":"repeat","background-position":"center center","background-size":"auto","background-attachment":"scroll","background-type":"","background-media":"","overlay-type":"","overlay-color":"","overlay-opacity":"","overlay-gradient":""},"tablet":{"background-color":"","background-image":"","background-repeat":"repeat","background-position":"center center","background-size":"auto","background-attachment":"scroll","background-type":"","background-media":"","overlay-type":"","overlay-color":"","overlay-opacity":"","overlay-gradient":""},"mobile":{"background-color":"","background-image":"","background-repeat":"repeat","background-position":"center center","background-size":"auto","background-attachment":"scroll","background-type":"","background-media":"","overlay-type":"","overlay-color":"","overlay-opacity":"","overlay-gradient":""}},"ast-content-background-meta":{"desktop":{"background-color":"var(--ast-global-color-4)","background-image":"","background-repeat":"repeat","background-position":"center center","background-size":"auto","background-attachment":"scroll","background-type":"","background-media":"","overlay-type":"","overlay-color":"","overlay-opacity":"","overlay-gradient":""},"tablet":{"background-color":"var(--ast-global-color-4)","background-image":"","background-repeat":"repeat","background-position":"center center","background-size":"auto","background-attachment":"scroll","background-type":"","background-media":"","overlay-type":"","overlay-color":"","overlay-opacity":"","overlay-gradient":""},"mobile":{"background-color":"var(--ast-global-color-4)","background-image":"","background-repeat":"repeat","background-position":"center center","background-size":"auto","background-attachment":"scroll","background-type":"","background-media":"","overlay-type":"","overlay-color":"","overlay-opacity":"","overlay-gradient":""}},"footnotes":""},"categories":[224,14],"tags":[],"class_list":["post-3542","post","type-post","status-publish","format-standard","hentry","category-historic","category-p5"],"post_mailing_queue_ids":[],"_links":{"self":[{"href":"https:\/\/agora.xtec.cat\/escmarquesdelapobla\/wp-json\/wp\/v2\/posts\/3542","targetHints":{"allow":["GET"]}}],"collection":[{"href":"https:\/\/agora.xtec.cat\/escmarquesdelapobla\/wp-json\/wp\/v2\/posts"}],"about":[{"href":"https:\/\/agora.xtec.cat\/escmarquesdelapobla\/wp-json\/wp\/v2\/types\/post"}],"author":[{"embeddable":true,"href":"https:\/\/agora.xtec.cat\/escmarquesdelapobla\/wp-json\/wp\/v2\/users\/1"}],"replies":[{"embeddable":true,"href":"https:\/\/agora.xtec.cat\/escmarquesdelapobla\/wp-json\/wp\/v2\/comments?post=3542"}],"version-history":[{"count":2,"href":"https:\/\/agora.xtec.cat\/escmarquesdelapobla\/wp-json\/wp\/v2\/posts\/3542\/revisions"}],"predecessor-version":[{"id":3557,"href":"https:\/\/agora.xtec.cat\/escmarquesdelapobla\/wp-json\/wp\/v2\/posts\/3542\/revisions\/3557"}],"wp:attachment":[{"href":"https:\/\/agora.xtec.cat\/escmarquesdelapobla\/wp-json\/wp\/v2\/media?parent=3542"}],"wp:term":[{"taxonomy":"category","embeddable":true,"href":"https:\/\/agora.xtec.cat\/escmarquesdelapobla\/wp-json\/wp\/v2\/categories?post=3542"},{"taxonomy":"post_tag","embeddable":true,"href":"https:\/\/agora.xtec.cat\/escmarquesdelapobla\/wp-json\/wp\/v2\/tags?post=3542"}],"curies":[{"name":"wp","href":"https:\/\/api.w.org\/{rel}","templated":true}]}}