{"id":3540,"date":"2018-11-15T13:22:23","date_gmt":"2018-11-15T12:22:23","guid":{"rendered":"http:\/\/agora.xtec.cat\/escmarquesdelapobla\/?p=3540"},"modified":"2020-11-08T13:17:11","modified_gmt":"2020-11-08T12:17:11","slug":"celebrem-la-castanyada","status":"publish","type":"post","link":"https:\/\/agora.xtec.cat\/escmarquesdelapobla\/celebracions\/celebrem-la-castanyada\/","title":{"rendered":"CELEBREM LA CASTANYADA"},"content":{"rendered":"<p style=\"text-align: center;\">CASTANYADA 2018<br \/>\nEl dia 31 d\u2019octubre vam celebrar una Castanyada una mica especial a causa de la pluja.<br \/>\nEls nens i nenes d\u2019Educaci\u00f3 Infantil van gaudir de la visita dels castanyers: el Pepet, la Pepeta i el seu gat el Marrameu. Es van trobar a la sala de les columnes, on van cantar i ballar can\u00e7ons populars.<br \/>\nEls nens i nenes de Cicle Inicial van fer tallers de tardor. Tamb\u00e9 van rebre la visita dels castanyers i el gat Marrameu a la biblioteca i, com els m\u00e9s petits de l\u2019escola, van cantar i ballar.<br \/>\n<a href=\"https:\/\/photos.app.goo.gl\/gGSG9KVXmXYhAF336\"><img loading=\"lazy\" decoding=\"async\" class=\"aligncenter\" src=\"https:\/\/lh3.googleusercontent.com\/Skh8vP-6V_A4M9DnpHVuimWSGkteCyUiP9V7DvQ_YhW7sJWSA9HviQs_YxGR0eWFr8hz_AlVq72RVqF4SbZG_nTg09nsK3FsysM_iFA9NWnk4WfyExsEGvHRWxFeG4JAgUP9-K5tuopBSNCsMCUSMBveg7tkemPZLvD1U1C9dMWIsBL5xTtwUdbOGVgaQrjwKj9IsvUws7E5Y8kkJY9FLHxsDjXOCwmVdFQo4JlSj76KdNsVbQPraG1TILZMwzvEMxGksCSTXehuZichIs6-wkrAzOEmeHUavvuhbXrClziwNY7ZlZZaIWqnEQt2bVdwD4Gx4EpU6oVKEq0pV5R9I4hCXRHbCPvgAbNNcs-HpXPI_v7f4eIJVbNXfMXs5ENmwPyA_QJJ8-RHqk5p992odv6XMjuVdBzt4IxOjqc8vq1SWA-Q1DzaEF_upIfsr165KKHk7JIKLnfXjQ1KeXNcdXWn3PbuRDTlEhhyG5iN8ahgGB-8WhAiimXicdgnJReIe7NXRhWB2YMrt8dssmhXvI7J-wIJ-6TNxS6xNbqrh8eiRCkuO4VO9sLdPoL1Hfql7dxfuRP91s6va3UIU-KlBuz37oxou7pLH1CNAHWyKDCH7gaijFD0rQZtU9RPF6UPusIjSZ0gtcPszHQt0BJAvm8m=w217-h291-no\" alt=\"\" width=\"217\" height=\"289\" \/><\/a><br \/>\n<a href=\"https:\/\/photos.app.goo.gl\/unJh31Mpij38BwfaA\"><img loading=\"lazy\" decoding=\"async\" class=\"aligncenter\" src=\"https:\/\/lh3.googleusercontent.com\/PTmTaTygN3pPAHAGpfCN_dAqMgRV30TxxMIfHY8ep41IJmw5qIndSWIbo7WK4OhKjYn-IWmib8FBuoGT5Lje56q0d3e40b9i-Csf7aKMq_UOg02IBJn8DFgIdM9VSVzGj3eJ7Otrq54K9X1Q5rgsj3YLJRokRSSuW8jBgJjARh2gy1V-wsTY5ylODPIXv8hJwPngELw9bfVVb3Gq0zBdgssLOg7nrro2hwge_I69RHjRTzOKf2v8NBX2k2McOzZ3oU20jp2HrOxJUzKfLJeTucsix0EZSJVlzPTkERBFbKP22uGi8wrT0rtMuFfxnoCB3SfD5rMi8rE24aCN-ORK-zozT0RsJ7b4VZnlfu3yVHWQYOzm0sT7KVnbDnvUMjMkR4NNLjtloirutYO8oKBNBd6ow3lHkPKxTXBvbpEfSEIcN6Uv6xLqewF9VLlLbMIx2Z1qbAdRsBEkyVeh58TVG1a8_Jkv3IIOSEHXcOHPaVVgswyO7GXu29z2T2YTSCYyAJRNEErieL-bqMoeVNf5RsCk_dw5VsQK3aiKAMYcdbyPGBuzKQPhAl7n9xHS2itGw9lrexk9CK1rywFjPwNDj4aK5nuugyjuUADsRQkRh-fMYVhuJWT0KlWpSMpK-ipsiDv9Had-rKQXsmHpOBYPC_dr=w1398-h787-no\" alt=\"\" width=\"544\" height=\"306\" \/><\/a><\/p>\n<p>Les activitats a l\u2019aire lliure es van realitzar dilluns amb l\u2019esperat Ral\u00b7li de la Castanya i la gran Gimcana.<br \/>\nEls alumnes de 2n van organitzar un ral\u00b7li molt divertit pels seus companys de 1r i Educaci\u00f3 Infantil. Van fer curses de Marrameus, relleus, punteria amb castanyes, maquillatge&#8230; S\u2019ho van passar molt b\u00e9!<\/p>\n<p><a href=\"https:\/\/photos.app.goo.gl\/3yA9pT1cP1uXdBvC8\"><img loading=\"lazy\" decoding=\"async\" class=\"size-large aligncenter\" src=\"https:\/\/lh3.googleusercontent.com\/P__30XG5u0M1t8OgdcZ26WZCUCnrZkdzr9rUaVRmFhwP3RHuvgKBM-SfzYb5WtKFilstexKGdvJ2HSj5P12JOykPOLOtrQaLQPSDSeKsEs4sEkSEu2i9ZzBPiDOCV878Xc9rs9R05iFH0JbV5q39so3gT8HdNsVklMolzGInPlbS4enabq245XVA6RWLwKpsUgmj6EZJ43M5ZZTzZiNXRin_EtvyhI2i7sKJ6eIqmCm8M297vPtVim0aSwIvpQz8YYJfBTZykFLdRDAfT9axAgrOiZTDwmJeIXab_4XnNaaUWWODl94KOYoVgIU851SBYQxeYgLRcxjmQSWoYrwgsigZzW6p6yhaW7-2v4FzFp_yZyYJP40fac2QSJfWikZHoPh2HaJNGe3k8m_NG59qj29v53mCAvdVzuRUYmI8Gj_R_Fn1tpIFeco_IGQtmewjv5kdxijyAzrcMOlvtBWBS3ilLAaTgXGG5dKZ9eT_W5n3BSw7JfSvQqWtr_uLwErzR8JFid4iC1h4JkHo-Uld1fAVx0nOdyiOlMy1O5D1jDiz8W6TWA3OuCGeGpNiVyXAKOG9DDmKqhb6CBCdQur2r6nqWfLjM0duKREMWVtmFjT-J7sWtcVQqC1dFtagq9T_Ak1pmtBEAonD7ZXGN0Ogz4yy=w388-h291-no\" width=\"388\" height=\"291\" \/><\/a><\/p>\n<p><a href=\"https:\/\/photos.app.goo.gl\/uzVDHDUtm7Wx3AED7\"><img loading=\"lazy\" decoding=\"async\" class=\"aligncenter\" src=\"https:\/\/lh3.googleusercontent.com\/X70f70W-mbzW0TOsF5UCp0pv9Tt-_3E6xScuG6SnT57z5qvTm6zbFEpn2v8ix0TKguWxjOubCd_u4EQ6p9mCo-B4FzZs6y6aw9Kh5lOrnAFIQMqBbz_Q73o2-B3qf6K6RAGBdcP-oBRyubDEkcMZ3_AJDPClC39299CJHooLfe8mNdHsKZ9U0prRAmQa7zSPUiJKPcgjckoxo8pISOpuCM9U5-XoOVVDNCIaTajNGLI_fRt2EZLmCh0BEQEsf-gSlU18LoM5Dxi7tDSMFdHdlkki1v_D8xx7Fv1dzr6ZsLKdyaMUivNhcQfVcjolY9mUz4jcKSEicNWYurfQLOM14p73b-jLoXNkAyw6sRH4dpKZqks82onIvLvy9Z881i_QUX6vrhDNVSoTbGYRFCQYFVfRPTMBjJ2DQpFVSX1xpCAD8bACGuoc3sAjCsyWJeB7U98t_WH6GZ1I-2r3nEWXk-5kXegnKblbC0P49n2L2Aooy-tZxHuYH7vBa35Pg8ssoJODaCrDmmK4O4J_ON8HblRECHz6i0besFyVBuUj6mv8px64uZXYRsq5uDnRbcu7R04ogpe2TxuEf3R2NQIbvaibZAl7PRfxwKmE_t-bUv-FljHaCKmQrn4Zd1MZ3JFz5qYHQO2pvRsbhiJUuvXt4Efu=w694-h390-no\" width=\"511\" height=\"287\" \/><\/a><br \/>\nEls m\u00e9s grans, en canvi, van organitzar una gimcana per 5\u00e8 i Cicle Mitj\u00e0. Van preparar diferents proves: t\u00fanel del terror, punteria, buscar carbasses, tirar boles, t\u00fanel rellisc\u00f3s&#8230; Van posar a prova les seves habilitats. Es van divertir molt!<\/p>\n<p><a href=\"https:\/\/photos.app.goo.gl\/FSxroDguuTBMcmCLA\"><img loading=\"lazy\" decoding=\"async\" class=\"aligncenter\" src=\"https:\/\/lh3.googleusercontent.com\/2gmyYNrzMr7X3Td1dSVUJ76V-YAFBaebZJLwRlNG7RI_gWjNN_CZZR6Y8FasfdPvsORP5kMOkosguhZTRnzfrPVF23HuYTDmZDZyoWrXfWCTaD2Z7zh3VZ46W3Z-PmM959xpe-2tCzCjx72_4CY9CCaNoMI-P-7tD2wPe23QzsJ16zDO0S955QpEzje1IeGqIOwxIeEPc3fJnt9OJjNDE6ffVJMSG1N3ZPYdNVfJa4RGHixrxXWAz8i_pYN9PzBENHidnzLgXh_XfV0YKI6XxroJ0UIzi4fpaYz0VIsYxRIE_9fJEwt6kor9DTTzfaPHxu3-zSUG0Rk6I34PJaZo41DNlEbexZQGW40AKXAzl5dKE_X0q-z9JYKrAmljIbBIooLVmTuyEyx3nd4_374f8GNkOT2a13c8UEqllAcgFg3YkxP8XdPR3i7PqfgQGq_pK5UxF7act1F-KgC2sVnUmFqgjZXHXB33skiT8wTbQiJiV-S9cfY2Qm-t1INQDzxkptVWk4GsJGOw6h9RNwKlwY93I2zx0xBK-5YZURsKOMrP2oU2ljLS7euQdfJkdXhlZFWNgEZdQPdfUXUZh8eYQ5tAurXrVjI7cR95_ewPm2r9uvBgLBXB8xsn-FlIH8BvX2GTNRfugLvgu3k7Rg74q2Tr=w462-h346-no\" alt=\"\" width=\"371\" height=\"278\" \/><\/a><\/p>\n","protected":false},"excerpt":{"rendered":"<p>CASTANYADA 2018 El dia 31 d\u2019octubre vam celebrar una Castanyada una mica especial a causa de la pluja. Els nens i nenes d\u2019Educaci\u00f3 Infantil van gaudir de la visita dels castanyers: el Pepet, la Pepeta i el seu gat el Marrameu. Es van trobar a la sala de les columnes, on van cantar i ballar [&hellip;]<\/p>\n","protected":false},"author":1,"featured_media":0,"comment_status":"open","ping_status":"closed","sticky":false,"template":"","format":"standard","meta":{"_bbp_topic_count":0,"_bbp_reply_count":0,"_bbp_total_topic_count":0,"_bbp_total_reply_count":0,"_bbp_voice_count":0,"_bbp_anonymous_reply_count":0,"_bbp_topic_count_hidden":0,"_bbp_reply_count_hidden":0,"_bbp_forum_subforum_count":0,"site-sidebar-layout":"default","site-content-layout":"","ast-site-content-layout":"","site-content-style":"default","site-sidebar-style":"default","ast-global-header-display":"","ast-banner-title-visibility":"","ast-main-header-display":"","ast-hfb-above-header-display":"","ast-hfb-below-header-display":"","ast-hfb-mobile-header-display":"","site-post-title":"","ast-breadcrumbs-content":"","ast-featured-img":"","footer-sml-layout":"","theme-transparent-header-meta":"","adv-header-id-meta":"","stick-header-meta":"","header-above-stick-meta":"","header-main-stick-meta":"","header-below-stick-meta":"","astra-migrate-meta-layouts":"default","ast-page-background-enabled":"default","ast-page-background-meta":{"desktop":{"background-color":"var(--ast-global-color-5)","background-image":"","background-repeat":"repeat","background-position":"center center","background-size":"auto","background-attachment":"scroll","background-type":"","background-media":"","overlay-type":"","overlay-color":"","overlay-opacity":"","overlay-gradient":""},"tablet":{"background-color":"","background-image":"","background-repeat":"repeat","background-position":"center center","background-size":"auto","background-attachment":"scroll","background-type":"","background-media":"","overlay-type":"","overlay-color":"","overlay-opacity":"","overlay-gradient":""},"mobile":{"background-color":"","background-image":"","background-repeat":"repeat","background-position":"center center","background-size":"auto","background-attachment":"scroll","background-type":"","background-media":"","overlay-type":"","overlay-color":"","overlay-opacity":"","overlay-gradient":""}},"ast-content-background-meta":{"desktop":{"background-color":"var(--ast-global-color-4)","background-image":"","background-repeat":"repeat","background-position":"center center","background-size":"auto","background-attachment":"scroll","background-type":"","background-media":"","overlay-type":"","overlay-color":"","overlay-opacity":"","overlay-gradient":""},"tablet":{"background-color":"var(--ast-global-color-4)","background-image":"","background-repeat":"repeat","background-position":"center center","background-size":"auto","background-attachment":"scroll","background-type":"","background-media":"","overlay-type":"","overlay-color":"","overlay-opacity":"","overlay-gradient":""},"mobile":{"background-color":"var(--ast-global-color-4)","background-image":"","background-repeat":"repeat","background-position":"center center","background-size":"auto","background-attachment":"scroll","background-type":"","background-media":"","overlay-type":"","overlay-color":"","overlay-opacity":"","overlay-gradient":""}},"footnotes":""},"categories":[170,55,64,65,224],"tags":[],"class_list":["post-3540","post","type-post","status-publish","format-standard","hentry","category-castanyada","category-celebracions","category-inicial","category-mitja","category-historic"],"post_mailing_queue_ids":[],"_links":{"self":[{"href":"https:\/\/agora.xtec.cat\/escmarquesdelapobla\/wp-json\/wp\/v2\/posts\/3540","targetHints":{"allow":["GET"]}}],"collection":[{"href":"https:\/\/agora.xtec.cat\/escmarquesdelapobla\/wp-json\/wp\/v2\/posts"}],"about":[{"href":"https:\/\/agora.xtec.cat\/escmarquesdelapobla\/wp-json\/wp\/v2\/types\/post"}],"author":[{"embeddable":true,"href":"https:\/\/agora.xtec.cat\/escmarquesdelapobla\/wp-json\/wp\/v2\/users\/1"}],"replies":[{"embeddable":true,"href":"https:\/\/agora.xtec.cat\/escmarquesdelapobla\/wp-json\/wp\/v2\/comments?post=3540"}],"version-history":[{"count":3,"href":"https:\/\/agora.xtec.cat\/escmarquesdelapobla\/wp-json\/wp\/v2\/posts\/3540\/revisions"}],"predecessor-version":[{"id":3556,"href":"https:\/\/agora.xtec.cat\/escmarquesdelapobla\/wp-json\/wp\/v2\/posts\/3540\/revisions\/3556"}],"wp:attachment":[{"href":"https:\/\/agora.xtec.cat\/escmarquesdelapobla\/wp-json\/wp\/v2\/media?parent=3540"}],"wp:term":[{"taxonomy":"category","embeddable":true,"href":"https:\/\/agora.xtec.cat\/escmarquesdelapobla\/wp-json\/wp\/v2\/categories?post=3540"},{"taxonomy":"post_tag","embeddable":true,"href":"https:\/\/agora.xtec.cat\/escmarquesdelapobla\/wp-json\/wp\/v2\/tags?post=3540"}],"curies":[{"name":"wp","href":"https:\/\/api.w.org\/{rel}","templated":true}]}}