{"id":3350,"date":"2018-10-11T14:54:40","date_gmt":"2018-10-11T12:54:40","guid":{"rendered":"http:\/\/agora.xtec.cat\/escmarquesdelapobla\/?p=3350"},"modified":"2020-11-08T13:22:06","modified_gmt":"2020-11-08T12:22:06","slug":"ens-ha-deixat-una-gran-artista","status":"publish","type":"post","link":"https:\/\/agora.xtec.cat\/escmarquesdelapobla\/musica\/ens-ha-deixat-una-gran-artista\/","title":{"rendered":"Ens ha deixat una gran artista!"},"content":{"rendered":"<p>El dia 6 d&#8217;octubre ens va deixar una gran soprano de casa nostra, Montserrat Caball\u00e9.<\/p>\n<p>Durant la setmana i, a l&#8217;hora de m\u00fasica, hem parlat d&#8217;ella, de la seva impressionant veu i de les seves grans qualitats humanes que tenia.<\/p>\n<p>Hem descobert que va ser una persona lluitadora i amb una veu extraordin\u00e0ria. A la classe, petits i grans,ens hem meravellat i fins i tot emocionat escoltant\u00a0 petits fragments seus. En alguns cantava sola, en altres ho feia conjuntament amb la seva filla Montserrat o amb grans tenors o cantants importants com\u00a0 Freddie Mercury amb la famosa can\u00e7\u00f3\u00a0 &#8220;Barcelona&#8221; dels jocs ol\u00edmpics del 1992.<\/p>\n<p>Quan hem acabat, alguns alumnes s&#8217;han expressat dient:\u00a0\u00a0&#8220;Mare meva, quina veu! A mi m&#8217;ha fet emocionar una mica. Cantava notes molt agudes i les podia fer fort o piano. Que bonic! Tornem-la a escoltar! Ho explicar\u00e9 a la fam\u00edlia. Quina sort que tenim els de 4t ja que la setmana que ve anirem d&#8217;excursi\u00f3 al Gran Teatre del Liceu on ella\u00a0 va cantar moltes vegades! No canviava els seu pentinat? Somriu molt&#8230;.&#8221;.<\/p>\n<p>A partir d&#8217;ara ja sabrem i podrem explicar a la gent que\u00a0 dins el m\u00f3n de la m\u00fasica ha passat una gran i famosa artista barcelonina.<\/p>\n<p>Us deixem l&#8217;enlla\u00e7 d&#8217;un dels fragments que hem escoltat i que ens ha agradat molt.<\/p>\n<p><a href=\"https:\/\/www.youtube.com\/watch?v=RxZSP1Dc78Q\">https:\/\/www.youtube.com\/watch?v=RxZSP1Dc78Q<\/a><\/p>\n<p>Gr\u00e0cies Montserrat i\u00a0 descansa en pau.<\/p>\n<p>&nbsp;<\/p>\n<p>&nbsp;<\/p>\n","protected":false},"excerpt":{"rendered":"<p>El dia 6 d&#8217;octubre ens va deixar una gran soprano de casa nostra, Montserrat Caball\u00e9. Durant la setmana i, a l&#8217;hora de m\u00fasica, hem parlat d&#8217;ella, de la seva impressionant veu i de les seves grans qualitats humanes que tenia. Hem descobert que va ser una persona lluitadora i amb una veu extraordin\u00e0ria. A la [&hellip;]<\/p>\n","protected":false},"author":1,"featured_media":0,"comment_status":"open","ping_status":"closed","sticky":false,"template":"","format":"standard","meta":{"_bbp_topic_count":0,"_bbp_reply_count":0,"_bbp_total_topic_count":0,"_bbp_total_reply_count":0,"_bbp_voice_count":0,"_bbp_anonymous_reply_count":0,"_bbp_topic_count_hidden":0,"_bbp_reply_count_hidden":0,"_bbp_forum_subforum_count":0,"site-sidebar-layout":"default","site-content-layout":"","ast-site-content-layout":"","site-content-style":"default","site-sidebar-style":"default","ast-global-header-display":"","ast-banner-title-visibility":"","ast-main-header-display":"","ast-hfb-above-header-display":"","ast-hfb-below-header-display":"","ast-hfb-mobile-header-display":"","site-post-title":"","ast-breadcrumbs-content":"","ast-featured-img":"","footer-sml-layout":"","theme-transparent-header-meta":"","adv-header-id-meta":"","stick-header-meta":"","header-above-stick-meta":"","header-main-stick-meta":"","header-below-stick-meta":"","astra-migrate-meta-layouts":"default","ast-page-background-enabled":"default","ast-page-background-meta":{"desktop":{"background-color":"var(--ast-global-color-5)","background-image":"","background-repeat":"repeat","background-position":"center center","background-size":"auto","background-attachment":"scroll","background-type":"","background-media":"","overlay-type":"","overlay-color":"","overlay-opacity":"","overlay-gradient":""},"tablet":{"background-color":"","background-image":"","background-repeat":"repeat","background-position":"center center","background-size":"auto","background-attachment":"scroll","background-type":"","background-media":"","overlay-type":"","overlay-color":"","overlay-opacity":"","overlay-gradient":""},"mobile":{"background-color":"","background-image":"","background-repeat":"repeat","background-position":"center center","background-size":"auto","background-attachment":"scroll","background-type":"","background-media":"","overlay-type":"","overlay-color":"","overlay-opacity":"","overlay-gradient":""}},"ast-content-background-meta":{"desktop":{"background-color":"var(--ast-global-color-4)","background-image":"","background-repeat":"repeat","background-position":"center center","background-size":"auto","background-attachment":"scroll","background-type":"","background-media":"","overlay-type":"","overlay-color":"","overlay-opacity":"","overlay-gradient":""},"tablet":{"background-color":"var(--ast-global-color-4)","background-image":"","background-repeat":"repeat","background-position":"center center","background-size":"auto","background-attachment":"scroll","background-type":"","background-media":"","overlay-type":"","overlay-color":"","overlay-opacity":"","overlay-gradient":""},"mobile":{"background-color":"var(--ast-global-color-4)","background-image":"","background-repeat":"repeat","background-position":"center center","background-size":"auto","background-attachment":"scroll","background-type":"","background-media":"","overlay-type":"","overlay-color":"","overlay-opacity":"","overlay-gradient":""}},"footnotes":""},"categories":[224,126],"tags":[],"class_list":["post-3350","post","type-post","status-publish","format-standard","hentry","category-historic","category-musica"],"post_mailing_queue_ids":[],"_links":{"self":[{"href":"https:\/\/agora.xtec.cat\/escmarquesdelapobla\/wp-json\/wp\/v2\/posts\/3350","targetHints":{"allow":["GET"]}}],"collection":[{"href":"https:\/\/agora.xtec.cat\/escmarquesdelapobla\/wp-json\/wp\/v2\/posts"}],"about":[{"href":"https:\/\/agora.xtec.cat\/escmarquesdelapobla\/wp-json\/wp\/v2\/types\/post"}],"author":[{"embeddable":true,"href":"https:\/\/agora.xtec.cat\/escmarquesdelapobla\/wp-json\/wp\/v2\/users\/1"}],"replies":[{"embeddable":true,"href":"https:\/\/agora.xtec.cat\/escmarquesdelapobla\/wp-json\/wp\/v2\/comments?post=3350"}],"version-history":[{"count":3,"href":"https:\/\/agora.xtec.cat\/escmarquesdelapobla\/wp-json\/wp\/v2\/posts\/3350\/revisions"}],"predecessor-version":[{"id":3371,"href":"https:\/\/agora.xtec.cat\/escmarquesdelapobla\/wp-json\/wp\/v2\/posts\/3350\/revisions\/3371"}],"wp:attachment":[{"href":"https:\/\/agora.xtec.cat\/escmarquesdelapobla\/wp-json\/wp\/v2\/media?parent=3350"}],"wp:term":[{"taxonomy":"category","embeddable":true,"href":"https:\/\/agora.xtec.cat\/escmarquesdelapobla\/wp-json\/wp\/v2\/categories?post=3350"},{"taxonomy":"post_tag","embeddable":true,"href":"https:\/\/agora.xtec.cat\/escmarquesdelapobla\/wp-json\/wp\/v2\/tags?post=3350"}],"curies":[{"name":"wp","href":"https:\/\/api.w.org\/{rel}","templated":true}]}}