{"id":2943,"date":"2018-06-01T16:07:25","date_gmt":"2018-06-01T14:07:25","guid":{"rendered":"http:\/\/agora.xtec.cat\/escmarquesdelapobla\/?p=2943"},"modified":"2020-11-08T13:29:15","modified_gmt":"2020-11-08T12:29:15","slug":"pigments-naturals-llevant","status":"publish","type":"post","link":"https:\/\/agora.xtec.cat\/escmarquesdelapobla\/mitja\/pigments-naturals-llevant\/","title":{"rendered":"Pigments naturals Llevant"},"content":{"rendered":"<p>Benvolgudes fam\u00edlies,<br \/>\nSom la classe Llevant.<br \/>\nDurant aquesta setmana hem estat fent un rac\u00f3 de pintures vegetals.<br \/>\nLa Nayara i la Tais van portar llavors desconegudes i el professor les va aixafar per extraure&#8217;n el pigment. Ens va animar a investigar amb m\u00e9s coses i per aix\u00f2o hem anat portant fruites i llavors.<br \/>\nUn dia ens vam separar per grups i vam triturar tot el que hav\u00edem portat. Amb les cireres surt el color vermell, amb la col un blau lil\u00f3s, amb les llavors desconegudes color negre o blau mar\u00ed, amb els xerris vermell fluix , amb caf\u00e8 i vi marr\u00f3&#8230;Amb aquestes pintures vam fer quadres. Molt bonics!!!<br \/>\nAquest article ha estat redactat pels alumnes.<\/p>\n<p>Feu clic a la imatge per veure m\u00e9s fotografies!<br \/>\n<a href=\"https:\/\/photos.app.goo.gl\/41dihPgPJEpVfYAP2\"><img loading=\"lazy\" decoding=\"async\" class=\"alignnone size-large\" src=\"https:\/\/lh3.googleusercontent.com\/XcmDKkhEinurpoIA7AFVgKdcGcgE8OFrNpV4BQUgF_IF86N2VNx_6U85VXyvVYZhA_vBLm7le1I1C8HBRVmus-SLdEnM1zRSdjQJ0Hj6bElqmSyEA33wN6NZa5SVYOhI5fJwBcjPejSiEeyx1s6sBITpKCdkK_xKvzPmNcW3CCnPnLsqT0jOwUy8NgAAh3E-t6uietc3bpnJqPnmNSvW07-TSP5YQKfF5b0S-Ljm2ykfzzLtwyU2_vqOpn4dto5GtevoXEtcBq9Q65HRkjtMlkcyTuSmT7O255ih0I3bETtKybrtRhsHrd9FKbb5jvPZhoV7A9Xc3eAc8GB4rFrV7PqtzVHuNmmW_SNpzym6cxBLLBncluoUBjCsApmuCbTYant3yhno9SC2zEJoWyHWpnjq5OdR4x6xH5_FJY7wDTlyfv-OL1hmbxxNWoleCw4kLFmdO5dV5OxQxyYF9LdC2dI5lm92n7_si5mpSMhDcOYZEtlyZXJ7mUEzgw-7SIj_DgriTwsKf_78M4H0Xtc2JbYWPWpIxU90J7ALYElVKH0CkmftqeNXDl9JPuKHpOX_vbPyXJyiMRPsxbyVad82G0n-mkble-OU0WKKvAKWwQpfWK8Ec7mdSCmbvUO5DZefvnSqGodBiyZTm3NuMbXHWmK0mdtSTUn7=w872-h654-no\" width=\"872\" height=\"654\" \/><\/a><\/p>\n","protected":false},"excerpt":{"rendered":"<p>Benvolgudes fam\u00edlies, Som la classe Llevant. Durant aquesta setmana hem estat fent un rac\u00f3 de pintures vegetals. La Nayara i la Tais van portar llavors desconegudes i el professor les va aixafar per extraure&#8217;n el pigment. Ens va animar a investigar amb m\u00e9s coses i per aix\u00f2o hem anat portant fruites i llavors. Un dia [&hellip;]<\/p>\n","protected":false},"author":1,"featured_media":0,"comment_status":"open","ping_status":"closed","sticky":false,"template":"","format":"standard","meta":{"_bbp_topic_count":0,"_bbp_reply_count":0,"_bbp_total_topic_count":0,"_bbp_total_reply_count":0,"_bbp_voice_count":0,"_bbp_anonymous_reply_count":0,"_bbp_topic_count_hidden":0,"_bbp_reply_count_hidden":0,"_bbp_forum_subforum_count":0,"site-sidebar-layout":"default","site-content-layout":"","ast-site-content-layout":"","site-content-style":"default","site-sidebar-style":"default","ast-global-header-display":"","ast-banner-title-visibility":"","ast-main-header-display":"","ast-hfb-above-header-display":"","ast-hfb-below-header-display":"","ast-hfb-mobile-header-display":"","site-post-title":"","ast-breadcrumbs-content":"","ast-featured-img":"","footer-sml-layout":"","theme-transparent-header-meta":"","adv-header-id-meta":"","stick-header-meta":"","header-above-stick-meta":"","header-main-stick-meta":"","header-below-stick-meta":"","astra-migrate-meta-layouts":"default","ast-page-background-enabled":"default","ast-page-background-meta":{"desktop":{"background-color":"var(--ast-global-color-5)","background-image":"","background-repeat":"repeat","background-position":"center center","background-size":"auto","background-attachment":"scroll","background-type":"","background-media":"","overlay-type":"","overlay-color":"","overlay-opacity":"","overlay-gradient":""},"tablet":{"background-color":"","background-image":"","background-repeat":"repeat","background-position":"center center","background-size":"auto","background-attachment":"scroll","background-type":"","background-media":"","overlay-type":"","overlay-color":"","overlay-opacity":"","overlay-gradient":""},"mobile":{"background-color":"","background-image":"","background-repeat":"repeat","background-position":"center center","background-size":"auto","background-attachment":"scroll","background-type":"","background-media":"","overlay-type":"","overlay-color":"","overlay-opacity":"","overlay-gradient":""}},"ast-content-background-meta":{"desktop":{"background-color":"var(--ast-global-color-4)","background-image":"","background-repeat":"repeat","background-position":"center center","background-size":"auto","background-attachment":"scroll","background-type":"","background-media":"","overlay-type":"","overlay-color":"","overlay-opacity":"","overlay-gradient":""},"tablet":{"background-color":"var(--ast-global-color-4)","background-image":"","background-repeat":"repeat","background-position":"center center","background-size":"auto","background-attachment":"scroll","background-type":"","background-media":"","overlay-type":"","overlay-color":"","overlay-opacity":"","overlay-gradient":""},"mobile":{"background-color":"var(--ast-global-color-4)","background-image":"","background-repeat":"repeat","background-position":"center center","background-size":"auto","background-attachment":"scroll","background-type":"","background-media":"","overlay-type":"","overlay-color":"","overlay-opacity":"","overlay-gradient":""}},"footnotes":""},"categories":[65,224],"tags":[],"class_list":["post-2943","post","type-post","status-publish","format-standard","hentry","category-mitja","category-historic"],"post_mailing_queue_ids":[],"_links":{"self":[{"href":"https:\/\/agora.xtec.cat\/escmarquesdelapobla\/wp-json\/wp\/v2\/posts\/2943","targetHints":{"allow":["GET"]}}],"collection":[{"href":"https:\/\/agora.xtec.cat\/escmarquesdelapobla\/wp-json\/wp\/v2\/posts"}],"about":[{"href":"https:\/\/agora.xtec.cat\/escmarquesdelapobla\/wp-json\/wp\/v2\/types\/post"}],"author":[{"embeddable":true,"href":"https:\/\/agora.xtec.cat\/escmarquesdelapobla\/wp-json\/wp\/v2\/users\/1"}],"replies":[{"embeddable":true,"href":"https:\/\/agora.xtec.cat\/escmarquesdelapobla\/wp-json\/wp\/v2\/comments?post=2943"}],"version-history":[{"count":3,"href":"https:\/\/agora.xtec.cat\/escmarquesdelapobla\/wp-json\/wp\/v2\/posts\/2943\/revisions"}],"predecessor-version":[{"id":2955,"href":"https:\/\/agora.xtec.cat\/escmarquesdelapobla\/wp-json\/wp\/v2\/posts\/2943\/revisions\/2955"}],"wp:attachment":[{"href":"https:\/\/agora.xtec.cat\/escmarquesdelapobla\/wp-json\/wp\/v2\/media?parent=2943"}],"wp:term":[{"taxonomy":"category","embeddable":true,"href":"https:\/\/agora.xtec.cat\/escmarquesdelapobla\/wp-json\/wp\/v2\/categories?post=2943"},{"taxonomy":"post_tag","embeddable":true,"href":"https:\/\/agora.xtec.cat\/escmarquesdelapobla\/wp-json\/wp\/v2\/tags?post=2943"}],"curies":[{"name":"wp","href":"https:\/\/api.w.org\/{rel}","templated":true}]}}