{"id":2847,"date":"2018-05-21T10:49:23","date_gmt":"2018-05-21T08:49:23","guid":{"rendered":"http:\/\/agora.xtec.cat\/escmarquesdelapobla\/?p=2847"},"modified":"2020-11-08T13:30:42","modified_gmt":"2020-11-08T12:30:42","slug":"colonies-4t-cm","status":"publish","type":"post","link":"https:\/\/agora.xtec.cat\/escmarquesdelapobla\/superior\/colonies-4t-cm\/","title":{"rendered":"Col\u00f2nies 4t  CM"},"content":{"rendered":"<p style=\"text-align: justify;\">Benvolgudes fam\u00edlies,<br \/>\nEls alumnes de 4t de cicle Mitj\u00e0 ja estem de col\u00f2nies a en Mas d&#8217;en Pedro. S\u00ed!!<br \/>\ntrobareu m\u00e9s informaci\u00f3 al seu web <a href=\"https:\/\/maspedroblog.com\/\" target=\"_blank\" rel=\"noopener noreferrer\">https:\/\/maspedroblog.com\/<\/a><br \/>\nTamb\u00e9 us volem explicar que anirem publicant fotos i\/o v\u00eddeos de les nostres activitats. Les podreu veure al nostre GoogleFotos clicant la imatge que apareix al peu d&#8217;aquest article.<\/p>\n<p style=\"text-align: justify;\">Esperem els vostres comentaris!<br \/>\n<a href=\"https:\/\/photos.app.goo.gl\/m4pHFh1R5nrEiQWl1\"><img loading=\"lazy\" decoding=\"async\" class=\" aligncenter\" src=\"https:\/\/lh3.googleusercontent.com\/KEwvcD5avuO7VkLKdc_Qa8a6gmgfVHVnIVEF-NIIPdl9ObkU2ydEh0RoduzQlDt01k872bdR7Q9ih5vlNtSRX2DTxyPoXViq_Vn6zSDigcfAC-HQL3Xdl33Q_wxdG38lfDoN1j5O_HCXrna60RLS8lm229jGxIuwkPc05LgLCQhhQRzTTbLJ5HHGzfOBMFR7AZi4Yoa4r1c0Def6ShKgoI2ms_IEofm3MEoUs6Bet1ftkkZ1iama9rsI4tw9H_IWUrCKuFkdqUl5VDQiiZLAX1nb6NrHTTbnKlokB9EWi1pJpFNNm0e1ddHhMlkaOFDws-jscEY6XfeM98O7PyKeYC0eww6nOkWpeAP7NPn8l0PUkgZGDeDnWHENUkMhujh4i_oxtl8fPr7QTmG5E3QBae5ozb8W6Gf_YYYxTkjcjlG_aLXUQKt_Uuf52ooRjDxS1tL6wuonIkc2AKAqH1crpYNbpueo1A82uq6hV4Bi5rEoHqEmAn3HJ_oBqxsZB24d7CF8kaaPf0phhPi8fvgptiXO8_5pwtWvuVfPCvzchcqsaSgbPOTmhi1yOX2zI8BPc46uast7rq5BvBMTEPKur_uWZDrDgRYj4DnAXEOtbVgOUamzQQbE5twSjr1ggfPg4EMLaYPFLkBPA4nQJFWtqJSRul4-QN6q=w898-h673-no\" width=\"436\" height=\"327\" \/><\/a><\/p>\n","protected":false},"excerpt":{"rendered":"<p>Benvolgudes fam\u00edlies, Els alumnes de 4t de cicle Mitj\u00e0 ja estem de col\u00f2nies a en Mas d&#8217;en Pedro. S\u00ed!! trobareu m\u00e9s informaci\u00f3 al seu web https:\/\/maspedroblog.com\/ Tamb\u00e9 us volem explicar que anirem publicant fotos i\/o v\u00eddeos de les nostres activitats. Les podreu veure al nostre GoogleFotos clicant la imatge que apareix al peu d&#8217;aquest article. [&hellip;]<\/p>\n","protected":false},"author":1,"featured_media":0,"comment_status":"open","ping_status":"closed","sticky":false,"template":"","format":"standard","meta":{"_bbp_topic_count":0,"_bbp_reply_count":0,"_bbp_total_topic_count":0,"_bbp_total_reply_count":0,"_bbp_voice_count":0,"_bbp_anonymous_reply_count":0,"_bbp_topic_count_hidden":0,"_bbp_reply_count_hidden":0,"_bbp_forum_subforum_count":0,"site-sidebar-layout":"default","site-content-layout":"","ast-site-content-layout":"","site-content-style":"default","site-sidebar-style":"default","ast-global-header-display":"","ast-banner-title-visibility":"","ast-main-header-display":"","ast-hfb-above-header-display":"","ast-hfb-below-header-display":"","ast-hfb-mobile-header-display":"","site-post-title":"","ast-breadcrumbs-content":"","ast-featured-img":"","footer-sml-layout":"","theme-transparent-header-meta":"","adv-header-id-meta":"","stick-header-meta":"","header-above-stick-meta":"","header-main-stick-meta":"","header-below-stick-meta":"","astra-migrate-meta-layouts":"default","ast-page-background-enabled":"default","ast-page-background-meta":{"desktop":{"background-color":"var(--ast-global-color-5)","background-image":"","background-repeat":"repeat","background-position":"center center","background-size":"auto","background-attachment":"scroll","background-type":"","background-media":"","overlay-type":"","overlay-color":"","overlay-opacity":"","overlay-gradient":""},"tablet":{"background-color":"","background-image":"","background-repeat":"repeat","background-position":"center center","background-size":"auto","background-attachment":"scroll","background-type":"","background-media":"","overlay-type":"","overlay-color":"","overlay-opacity":"","overlay-gradient":""},"mobile":{"background-color":"","background-image":"","background-repeat":"repeat","background-position":"center center","background-size":"auto","background-attachment":"scroll","background-type":"","background-media":"","overlay-type":"","overlay-color":"","overlay-opacity":"","overlay-gradient":""}},"ast-content-background-meta":{"desktop":{"background-color":"var(--ast-global-color-4)","background-image":"","background-repeat":"repeat","background-position":"center center","background-size":"auto","background-attachment":"scroll","background-type":"","background-media":"","overlay-type":"","overlay-color":"","overlay-opacity":"","overlay-gradient":""},"tablet":{"background-color":"var(--ast-global-color-4)","background-image":"","background-repeat":"repeat","background-position":"center center","background-size":"auto","background-attachment":"scroll","background-type":"","background-media":"","overlay-type":"","overlay-color":"","overlay-opacity":"","overlay-gradient":""},"mobile":{"background-color":"var(--ast-global-color-4)","background-image":"","background-repeat":"repeat","background-position":"center center","background-size":"auto","background-attachment":"scroll","background-type":"","background-media":"","overlay-type":"","overlay-color":"","overlay-opacity":"","overlay-gradient":""}},"footnotes":""},"categories":[65,5,224,74],"tags":[],"class_list":["post-2847","post","type-post","status-publish","format-standard","hentry","category-mitja","category-superior","category-historic","category-sortides"],"post_mailing_queue_ids":[],"_links":{"self":[{"href":"https:\/\/agora.xtec.cat\/escmarquesdelapobla\/wp-json\/wp\/v2\/posts\/2847","targetHints":{"allow":["GET"]}}],"collection":[{"href":"https:\/\/agora.xtec.cat\/escmarquesdelapobla\/wp-json\/wp\/v2\/posts"}],"about":[{"href":"https:\/\/agora.xtec.cat\/escmarquesdelapobla\/wp-json\/wp\/v2\/types\/post"}],"author":[{"embeddable":true,"href":"https:\/\/agora.xtec.cat\/escmarquesdelapobla\/wp-json\/wp\/v2\/users\/1"}],"replies":[{"embeddable":true,"href":"https:\/\/agora.xtec.cat\/escmarquesdelapobla\/wp-json\/wp\/v2\/comments?post=2847"}],"version-history":[{"count":5,"href":"https:\/\/agora.xtec.cat\/escmarquesdelapobla\/wp-json\/wp\/v2\/posts\/2847\/revisions"}],"predecessor-version":[{"id":2914,"href":"https:\/\/agora.xtec.cat\/escmarquesdelapobla\/wp-json\/wp\/v2\/posts\/2847\/revisions\/2914"}],"wp:attachment":[{"href":"https:\/\/agora.xtec.cat\/escmarquesdelapobla\/wp-json\/wp\/v2\/media?parent=2847"}],"wp:term":[{"taxonomy":"category","embeddable":true,"href":"https:\/\/agora.xtec.cat\/escmarquesdelapobla\/wp-json\/wp\/v2\/categories?post=2847"},{"taxonomy":"post_tag","embeddable":true,"href":"https:\/\/agora.xtec.cat\/escmarquesdelapobla\/wp-json\/wp\/v2\/tags?post=2847"}],"curies":[{"name":"wp","href":"https:\/\/api.w.org\/{rel}","templated":true}]}}