{"id":2841,"date":"2018-05-18T12:55:00","date_gmt":"2018-05-18T10:55:00","guid":{"rendered":"http:\/\/agora.xtec.cat\/escmarquesdelapobla\/?p=2841"},"modified":"2020-11-08T13:30:46","modified_gmt":"2020-11-08T12:30:46","slug":"ponent-i-garbi-a-la-trobada-de-corals-escolars","status":"publish","type":"post","link":"https:\/\/agora.xtec.cat\/escmarquesdelapobla\/superior\/ponent-i-garbi-a-la-trobada-de-corals-escolars\/","title":{"rendered":"PONENT I GARB\u00cd A LA TROBADA DE CORALS ESCOLARS"},"content":{"rendered":"<p>Hem passat un dia molt bonic!<\/p>\n<p>Les classes de 3r hem participat a la XVI trobada de Corals escolars que aquest dijous 17 de maig s&#8217;ha celebrat a Berga (el Bergued\u00e0).<a href=\"https:\/\/photos.app.goo.gl\/SutciQuGfrIuISVl2\"><img loading=\"lazy\" decoding=\"async\" class=\"alignnone size-large wp-image-2851\" src=\"http:\/\/agora.xtec.cat\/escmarquesdelapobla\/wp-content\/uploads\/usu1682\/2018\/05\/IMG-20180517-WA0011-1024x768.jpg\" alt=\"\" width=\"1024\" height=\"768\" srcset=\"https:\/\/agora.xtec.cat\/escmarquesdelapobla\/wp-content\/uploads\/usu1682\/2018\/05\/IMG-20180517-WA0011-1024x768.jpg 1024w, https:\/\/agora.xtec.cat\/escmarquesdelapobla\/wp-content\/uploads\/usu1682\/2018\/05\/IMG-20180517-WA0011-300x225.jpg 300w, https:\/\/agora.xtec.cat\/escmarquesdelapobla\/wp-content\/uploads\/usu1682\/2018\/05\/IMG-20180517-WA0011-768x576.jpg 768w, https:\/\/agora.xtec.cat\/escmarquesdelapobla\/wp-content\/uploads\/usu1682\/2018\/05\/IMG-20180517-WA0011-200x150.jpg 200w, https:\/\/agora.xtec.cat\/escmarquesdelapobla\/wp-content\/uploads\/usu1682\/2018\/05\/IMG-20180517-WA0011.jpg 1599w\" sizes=\"auto, (max-width: 1024px) 100vw, 1024px\" \/><\/a><\/p>\n<p>Hem compartit un mat\u00ed musical amb cinc escoles que plegats, hem gaudit del cant amb molt bon ambient. \u00c9s ben cert que la m\u00fasica ens ajuda a cr\u00e9ixer!\u00a0 A part del repertori com\u00fa, la nostra escola ha cantat la can\u00e7\u00f3 <em>Pa amb tom\u00e0quet<\/em> i, pensant amb el nostre eix<strong><em> persones grans, grans<\/em> persones,<em>\u00a0<\/em><\/strong>hem\u00a0interpretat\u00a0la can\u00e7\u00f3 de l&#8217;<em>Avi mariner<\/em>.<\/p>\n<p>&nbsp;<\/p>\n<p>Despr\u00e9s hem fet ruta tur\u00edstica per la bonica ciutat de Berga. Hem estat a la pla\u00e7a de Sant Pere on se celebra cada any la gran festa de la Patum! No entenem com en aquella pla\u00e7a s&#8217;hi poden aplegar\u00a0milers de\u00a0persones! No sabem pas com s&#8217;ho fan!! En apropar-se les festes pels carrers es notava ja un ambient ben patumaire&#8230;<\/p>\n<p>Despr\u00e9s hem dinat i jugat una estona al parc del Llad\u00f3 gaudint de molt bones vistes i tot seguit retorn cap a casa molt satisfets d&#8217;un dia molt complert.<\/p>\n<p>&nbsp;<\/p>\n","protected":false},"excerpt":{"rendered":"<p>Hem passat un dia molt bonic! Les classes de 3r hem participat a la XVI trobada de Corals escolars que aquest dijous 17 de maig s&#8217;ha celebrat a Berga (el Bergued\u00e0). Hem compartit un mat\u00ed musical amb cinc escoles que plegats, hem gaudit del cant amb molt bon ambient. \u00c9s ben cert que la m\u00fasica [&hellip;]<\/p>\n","protected":false},"author":1,"featured_media":0,"comment_status":"open","ping_status":"closed","sticky":false,"template":"","format":"standard","meta":{"_bbp_topic_count":0,"_bbp_reply_count":0,"_bbp_total_topic_count":0,"_bbp_total_reply_count":0,"_bbp_voice_count":0,"_bbp_anonymous_reply_count":0,"_bbp_topic_count_hidden":0,"_bbp_reply_count_hidden":0,"_bbp_forum_subforum_count":0,"site-sidebar-layout":"default","site-content-layout":"","ast-site-content-layout":"","site-content-style":"default","site-sidebar-style":"default","ast-global-header-display":"","ast-banner-title-visibility":"","ast-main-header-display":"","ast-hfb-above-header-display":"","ast-hfb-below-header-display":"","ast-hfb-mobile-header-display":"","site-post-title":"","ast-breadcrumbs-content":"","ast-featured-img":"","footer-sml-layout":"","theme-transparent-header-meta":"","adv-header-id-meta":"","stick-header-meta":"","header-above-stick-meta":"","header-main-stick-meta":"","header-below-stick-meta":"","astra-migrate-meta-layouts":"default","ast-page-background-enabled":"default","ast-page-background-meta":{"desktop":{"background-color":"var(--ast-global-color-5)","background-image":"","background-repeat":"repeat","background-position":"center center","background-size":"auto","background-attachment":"scroll","background-type":"","background-media":"","overlay-type":"","overlay-color":"","overlay-opacity":"","overlay-gradient":""},"tablet":{"background-color":"","background-image":"","background-repeat":"repeat","background-position":"center center","background-size":"auto","background-attachment":"scroll","background-type":"","background-media":"","overlay-type":"","overlay-color":"","overlay-opacity":"","overlay-gradient":""},"mobile":{"background-color":"","background-image":"","background-repeat":"repeat","background-position":"center center","background-size":"auto","background-attachment":"scroll","background-type":"","background-media":"","overlay-type":"","overlay-color":"","overlay-opacity":"","overlay-gradient":""}},"ast-content-background-meta":{"desktop":{"background-color":"var(--ast-global-color-4)","background-image":"","background-repeat":"repeat","background-position":"center center","background-size":"auto","background-attachment":"scroll","background-type":"","background-media":"","overlay-type":"","overlay-color":"","overlay-opacity":"","overlay-gradient":""},"tablet":{"background-color":"var(--ast-global-color-4)","background-image":"","background-repeat":"repeat","background-position":"center center","background-size":"auto","background-attachment":"scroll","background-type":"","background-media":"","overlay-type":"","overlay-color":"","overlay-opacity":"","overlay-gradient":""},"mobile":{"background-color":"var(--ast-global-color-4)","background-image":"","background-repeat":"repeat","background-position":"center center","background-size":"auto","background-attachment":"scroll","background-type":"","background-media":"","overlay-type":"","overlay-color":"","overlay-opacity":"","overlay-gradient":""}},"footnotes":""},"categories":[65,5,224],"tags":[],"class_list":["post-2841","post","type-post","status-publish","format-standard","hentry","category-mitja","category-superior","category-historic"],"post_mailing_queue_ids":[],"_links":{"self":[{"href":"https:\/\/agora.xtec.cat\/escmarquesdelapobla\/wp-json\/wp\/v2\/posts\/2841","targetHints":{"allow":["GET"]}}],"collection":[{"href":"https:\/\/agora.xtec.cat\/escmarquesdelapobla\/wp-json\/wp\/v2\/posts"}],"about":[{"href":"https:\/\/agora.xtec.cat\/escmarquesdelapobla\/wp-json\/wp\/v2\/types\/post"}],"author":[{"embeddable":true,"href":"https:\/\/agora.xtec.cat\/escmarquesdelapobla\/wp-json\/wp\/v2\/users\/1"}],"replies":[{"embeddable":true,"href":"https:\/\/agora.xtec.cat\/escmarquesdelapobla\/wp-json\/wp\/v2\/comments?post=2841"}],"version-history":[{"count":3,"href":"https:\/\/agora.xtec.cat\/escmarquesdelapobla\/wp-json\/wp\/v2\/posts\/2841\/revisions"}],"predecessor-version":[{"id":2853,"href":"https:\/\/agora.xtec.cat\/escmarquesdelapobla\/wp-json\/wp\/v2\/posts\/2841\/revisions\/2853"}],"wp:attachment":[{"href":"https:\/\/agora.xtec.cat\/escmarquesdelapobla\/wp-json\/wp\/v2\/media?parent=2841"}],"wp:term":[{"taxonomy":"category","embeddable":true,"href":"https:\/\/agora.xtec.cat\/escmarquesdelapobla\/wp-json\/wp\/v2\/categories?post=2841"},{"taxonomy":"post_tag","embeddable":true,"href":"https:\/\/agora.xtec.cat\/escmarquesdelapobla\/wp-json\/wp\/v2\/tags?post=2841"}],"curies":[{"name":"wp","href":"https:\/\/api.w.org\/{rel}","templated":true}]}}