{"id":2797,"date":"2018-05-03T15:22:52","date_gmt":"2018-05-03T13:22:52","guid":{"rendered":"http:\/\/agora.xtec.cat\/escmarquesdelapobla\/?p=2797"},"modified":"2020-11-08T13:32:34","modified_gmt":"2020-11-08T12:32:34","slug":"felicitats-guanyadors","status":"publish","type":"post","link":"https:\/\/agora.xtec.cat\/escmarquesdelapobla\/superior\/felicitats-guanyadors\/","title":{"rendered":"FELICITATS GUANYADORS!!!"},"content":{"rendered":"<p>Moltes felicitats als guanyadors de l&#8217;Escola Marqu\u00e8s de la Pobla del concurs organitzat pel Club F\u00fatbol Sala Capellades en motiu dels seus 25 anys d&#8217;hist\u00f2ria.<\/p>\n<p><img loading=\"lazy\" decoding=\"async\" class=\"wp-image-2807 alignleft\" src=\"http:\/\/agora.xtec.cat\/escmarquesdelapobla\/wp-content\/uploads\/usu1682\/2018\/05\/GUANYADOR-DEL-CONCURS-DIDAC-PONS-GARZ\u00c1S-3er-MARQU\u00c9S-DE-LA-POBLE-743x1024.jpg\" alt=\"\" width=\"244\" height=\"337\" srcset=\"https:\/\/agora.xtec.cat\/escmarquesdelapobla\/wp-content\/uploads\/usu1682\/2018\/05\/GUANYADOR-DEL-CONCURS-DIDAC-PONS-GARZ\u00c1S-3er-MARQU\u00c9S-DE-LA-POBLE-743x1024.jpg 743w, https:\/\/agora.xtec.cat\/escmarquesdelapobla\/wp-content\/uploads\/usu1682\/2018\/05\/GUANYADOR-DEL-CONCURS-DIDAC-PONS-GARZ\u00c1S-3er-MARQU\u00c9S-DE-LA-POBLE-218x300.jpg 218w, https:\/\/agora.xtec.cat\/escmarquesdelapobla\/wp-content\/uploads\/usu1682\/2018\/05\/GUANYADOR-DEL-CONCURS-DIDAC-PONS-GARZ\u00c1S-3er-MARQU\u00c9S-DE-LA-POBLE-768x1058.jpg 768w, https:\/\/agora.xtec.cat\/escmarquesdelapobla\/wp-content\/uploads\/usu1682\/2018\/05\/GUANYADOR-DEL-CONCURS-DIDAC-PONS-GARZ\u00c1S-3er-MARQU\u00c9S-DE-LA-POBLE.jpg 1020w\" sizes=\"auto, (max-width: 244px) 100vw, 244px\" \/><\/p>\n<p><a href=\"https:\/\/photos.app.goo.gl\/RHi12R9kTKL2TFtu7\"><img loading=\"lazy\" decoding=\"async\" class=\"wp-image-2809 alignleft\" src=\"http:\/\/agora.xtec.cat\/escmarquesdelapobla\/wp-content\/uploads\/usu1682\/2018\/05\/GUANYADORA-2on-VANIA-MARTOS-HERMOSILLA-2on-MARQU\u00c9S-DE-LA-POBLA-693x1024.jpg\" alt=\"\" width=\"234\" height=\"345\" srcset=\"https:\/\/agora.xtec.cat\/escmarquesdelapobla\/wp-content\/uploads\/usu1682\/2018\/05\/GUANYADORA-2on-VANIA-MARTOS-HERMOSILLA-2on-MARQU\u00c9S-DE-LA-POBLA-693x1024.jpg 693w, https:\/\/agora.xtec.cat\/escmarquesdelapobla\/wp-content\/uploads\/usu1682\/2018\/05\/GUANYADORA-2on-VANIA-MARTOS-HERMOSILLA-2on-MARQU\u00c9S-DE-LA-POBLA-203x300.jpg 203w, https:\/\/agora.xtec.cat\/escmarquesdelapobla\/wp-content\/uploads\/usu1682\/2018\/05\/GUANYADORA-2on-VANIA-MARTOS-HERMOSILLA-2on-MARQU\u00c9S-DE-LA-POBLA-768x1134.jpg 768w, https:\/\/agora.xtec.cat\/escmarquesdelapobla\/wp-content\/uploads\/usu1682\/2018\/05\/GUANYADORA-2on-VANIA-MARTOS-HERMOSILLA-2on-MARQU\u00c9S-DE-LA-POBLA.jpg 910w\" sizes=\"auto, (max-width: 234px) 100vw, 234px\" \/><img loading=\"lazy\" decoding=\"async\" class=\"wp-image-2811 alignleft\" src=\"http:\/\/agora.xtec.cat\/escmarquesdelapobla\/wp-content\/uploads\/usu1682\/2018\/05\/GUANYADORA-4t-CARLA-MALDONADO-GOMEZ-4t-MARQU\u00c9S-DE-LA-POBLA-693x1024.jpg\" alt=\"\" width=\"244\" height=\"361\" srcset=\"https:\/\/agora.xtec.cat\/escmarquesdelapobla\/wp-content\/uploads\/usu1682\/2018\/05\/GUANYADORA-4t-CARLA-MALDONADO-GOMEZ-4t-MARQU\u00c9S-DE-LA-POBLA-693x1024.jpg 693w, https:\/\/agora.xtec.cat\/escmarquesdelapobla\/wp-content\/uploads\/usu1682\/2018\/05\/GUANYADORA-4t-CARLA-MALDONADO-GOMEZ-4t-MARQU\u00c9S-DE-LA-POBLA-203x300.jpg 203w, https:\/\/agora.xtec.cat\/escmarquesdelapobla\/wp-content\/uploads\/usu1682\/2018\/05\/GUANYADORA-4t-CARLA-MALDONADO-GOMEZ-4t-MARQU\u00c9S-DE-LA-POBLA-768x1135.jpg 768w, https:\/\/agora.xtec.cat\/escmarquesdelapobla\/wp-content\/uploads\/usu1682\/2018\/05\/GUANYADORA-4t-CARLA-MALDONADO-GOMEZ-4t-MARQU\u00c9S-DE-LA-POBLA.jpg 974w\" sizes=\"auto, (max-width: 244px) 100vw, 244px\" \/><img loading=\"lazy\" decoding=\"async\" class=\"wp-image-2808 alignleft\" src=\"http:\/\/agora.xtec.cat\/escmarquesdelapobla\/wp-content\/uploads\/usu1682\/2018\/05\/GUANYADORA-2on-ALEXANDRA-COSTAS-MARTINEZ-2on-MARQU\u00c9S-DE-LA-POBLA-790x1024.jpg\" alt=\"\" width=\"243\" height=\"316\" srcset=\"https:\/\/agora.xtec.cat\/escmarquesdelapobla\/wp-content\/uploads\/usu1682\/2018\/05\/GUANYADORA-2on-ALEXANDRA-COSTAS-MARTINEZ-2on-MARQU\u00c9S-DE-LA-POBLA-790x1024.jpg 790w, https:\/\/agora.xtec.cat\/escmarquesdelapobla\/wp-content\/uploads\/usu1682\/2018\/05\/GUANYADORA-2on-ALEXANDRA-COSTAS-MARTINEZ-2on-MARQU\u00c9S-DE-LA-POBLA-768x995.jpg 768w, https:\/\/agora.xtec.cat\/escmarquesdelapobla\/wp-content\/uploads\/usu1682\/2018\/05\/GUANYADORA-2on-ALEXANDRA-COSTAS-MARTINEZ-2on-MARQU\u00c9S-DE-LA-POBLA.jpg 1102w\" sizes=\"auto, (max-width: 243px) 100vw, 243px\" \/><img loading=\"lazy\" decoding=\"async\" class=\"wp-image-2810 alignleft\" src=\"http:\/\/agora.xtec.cat\/escmarquesdelapobla\/wp-content\/uploads\/usu1682\/2018\/05\/GUANYADORA-3er-AINA-TARRIDA-ROIG-3er-MARQU\u00c9S-DE-LA-POBLA-693x1024.jpg\" alt=\"\" width=\"245\" height=\"361\" srcset=\"https:\/\/agora.xtec.cat\/escmarquesdelapobla\/wp-content\/uploads\/usu1682\/2018\/05\/GUANYADORA-3er-AINA-TARRIDA-ROIG-3er-MARQU\u00c9S-DE-LA-POBLA-693x1024.jpg 693w, https:\/\/agora.xtec.cat\/escmarquesdelapobla\/wp-content\/uploads\/usu1682\/2018\/05\/GUANYADORA-3er-AINA-TARRIDA-ROIG-3er-MARQU\u00c9S-DE-LA-POBLA-203x300.jpg 203w, https:\/\/agora.xtec.cat\/escmarquesdelapobla\/wp-content\/uploads\/usu1682\/2018\/05\/GUANYADORA-3er-AINA-TARRIDA-ROIG-3er-MARQU\u00c9S-DE-LA-POBLA-768x1135.jpg 768w, https:\/\/agora.xtec.cat\/escmarquesdelapobla\/wp-content\/uploads\/usu1682\/2018\/05\/GUANYADORA-3er-AINA-TARRIDA-ROIG-3er-MARQU\u00c9S-DE-LA-POBLA.jpg 943w\" sizes=\"auto, (max-width: 245px) 100vw, 245px\" \/><img loading=\"lazy\" decoding=\"async\" class=\"alignnone size-large\" src=\"https:\/\/lh3.googleusercontent.com\/ZL8ryKzTIfx1LbYng4KlP5ei5XapHEQTGc9I9xXf7hZWo-gzXcRtfGCvm2uyITWmLUpd-vDA3VZAtU8bG2z-zqaBIG4l_yDtodZtBklYOZugakH6jrBzihhlyhJGy5_VlrTBFP9I2Hokbwc9cZr9vyBGd8YYHe7h0D39kv4MBhMQHzYFELUsyUdasIV2czleH5WZ0f6BaJahoa6urySw-V9CFgub07fkMM-OTShnlwanyGx0QNqukgUAFHMKAlLe8fqbKdGQvJApUAV3IxIcj-wgkbcEme7qS3e7qvdLqmd6BTdv4KO0IJEYDzby6d0OJ_BlyFzxw3vmww-k64RK-xnJbCG_uwQXxiVx8I31aqtsK5FUaRRV49sy4OBULKz3oo2CcGwXedFpWE2HySqkGxldW4Hw0wu73sTSsCY3Go58IsDh2UwjeQcpciBK873nr2awq-jD8pXZGiDDGZHAN7b_hmh4GLCnYY1oJwFzO8S_HKjwCXJi47XSDn6yYWaUR0Dkydqx1Gw2Ri1wGyfOKapA-8RqJZkm55JQO8hXwXrfnvenpV73Op4sxkKGtMuHOJw-sXrybb2FXtri-cHJ4nunSU7qjkehatfFlOY=w1214-h910-no\" width=\"1214\" height=\"910\" \/><\/a><\/p>\n","protected":false},"excerpt":{"rendered":"<p>Moltes felicitats als guanyadors de l&#8217;Escola Marqu\u00e8s de la Pobla del concurs organitzat pel Club F\u00fatbol Sala Capellades en motiu dels seus 25 anys d&#8217;hist\u00f2ria.<\/p>\n","protected":false},"author":1,"featured_media":0,"comment_status":"open","ping_status":"closed","sticky":false,"template":"","format":"standard","meta":{"_bbp_topic_count":0,"_bbp_reply_count":0,"_bbp_total_topic_count":0,"_bbp_total_reply_count":0,"_bbp_voice_count":0,"_bbp_anonymous_reply_count":0,"_bbp_topic_count_hidden":0,"_bbp_reply_count_hidden":0,"_bbp_forum_subforum_count":0,"site-sidebar-layout":"default","site-content-layout":"","ast-site-content-layout":"","site-content-style":"default","site-sidebar-style":"default","ast-global-header-display":"","ast-banner-title-visibility":"","ast-main-header-display":"","ast-hfb-above-header-display":"","ast-hfb-below-header-display":"","ast-hfb-mobile-header-display":"","site-post-title":"","ast-breadcrumbs-content":"","ast-featured-img":"","footer-sml-layout":"","theme-transparent-header-meta":"","adv-header-id-meta":"","stick-header-meta":"","header-above-stick-meta":"","header-main-stick-meta":"","header-below-stick-meta":"","astra-migrate-meta-layouts":"default","ast-page-background-enabled":"default","ast-page-background-meta":{"desktop":{"background-color":"var(--ast-global-color-5)","background-image":"","background-repeat":"repeat","background-position":"center center","background-size":"auto","background-attachment":"scroll","background-type":"","background-media":"","overlay-type":"","overlay-color":"","overlay-opacity":"","overlay-gradient":""},"tablet":{"background-color":"","background-image":"","background-repeat":"repeat","background-position":"center center","background-size":"auto","background-attachment":"scroll","background-type":"","background-media":"","overlay-type":"","overlay-color":"","overlay-opacity":"","overlay-gradient":""},"mobile":{"background-color":"","background-image":"","background-repeat":"repeat","background-position":"center center","background-size":"auto","background-attachment":"scroll","background-type":"","background-media":"","overlay-type":"","overlay-color":"","overlay-opacity":"","overlay-gradient":""}},"ast-content-background-meta":{"desktop":{"background-color":"var(--ast-global-color-4)","background-image":"","background-repeat":"repeat","background-position":"center center","background-size":"auto","background-attachment":"scroll","background-type":"","background-media":"","overlay-type":"","overlay-color":"","overlay-opacity":"","overlay-gradient":""},"tablet":{"background-color":"var(--ast-global-color-4)","background-image":"","background-repeat":"repeat","background-position":"center center","background-size":"auto","background-attachment":"scroll","background-type":"","background-media":"","overlay-type":"","overlay-color":"","overlay-opacity":"","overlay-gradient":""},"mobile":{"background-color":"var(--ast-global-color-4)","background-image":"","background-repeat":"repeat","background-position":"center center","background-size":"auto","background-attachment":"scroll","background-type":"","background-media":"","overlay-type":"","overlay-color":"","overlay-opacity":"","overlay-gradient":""}},"footnotes":""},"categories":[5,224,14],"tags":[],"class_list":["post-2797","post","type-post","status-publish","format-standard","hentry","category-superior","category-historic","category-p5"],"post_mailing_queue_ids":[],"_links":{"self":[{"href":"https:\/\/agora.xtec.cat\/escmarquesdelapobla\/wp-json\/wp\/v2\/posts\/2797","targetHints":{"allow":["GET"]}}],"collection":[{"href":"https:\/\/agora.xtec.cat\/escmarquesdelapobla\/wp-json\/wp\/v2\/posts"}],"about":[{"href":"https:\/\/agora.xtec.cat\/escmarquesdelapobla\/wp-json\/wp\/v2\/types\/post"}],"author":[{"embeddable":true,"href":"https:\/\/agora.xtec.cat\/escmarquesdelapobla\/wp-json\/wp\/v2\/users\/1"}],"replies":[{"embeddable":true,"href":"https:\/\/agora.xtec.cat\/escmarquesdelapobla\/wp-json\/wp\/v2\/comments?post=2797"}],"version-history":[{"count":3,"href":"https:\/\/agora.xtec.cat\/escmarquesdelapobla\/wp-json\/wp\/v2\/posts\/2797\/revisions"}],"predecessor-version":[{"id":2813,"href":"https:\/\/agora.xtec.cat\/escmarquesdelapobla\/wp-json\/wp\/v2\/posts\/2797\/revisions\/2813"}],"wp:attachment":[{"href":"https:\/\/agora.xtec.cat\/escmarquesdelapobla\/wp-json\/wp\/v2\/media?parent=2797"}],"wp:term":[{"taxonomy":"category","embeddable":true,"href":"https:\/\/agora.xtec.cat\/escmarquesdelapobla\/wp-json\/wp\/v2\/categories?post=2797"},{"taxonomy":"post_tag","embeddable":true,"href":"https:\/\/agora.xtec.cat\/escmarquesdelapobla\/wp-json\/wp\/v2\/tags?post=2797"}],"curies":[{"name":"wp","href":"https:\/\/api.w.org\/{rel}","templated":true}]}}