{"id":2718,"date":"2018-05-03T15:24:50","date_gmt":"2018-05-03T13:24:50","guid":{"rendered":"http:\/\/agora.xtec.cat\/escmarquesdelapobla\/?p=2718"},"modified":"2020-11-08T13:31:57","modified_gmt":"2020-11-08T12:31:57","slug":"carla-lopez-primera-al-salo-internacional-del-comic","status":"publish","type":"post","link":"https:\/\/agora.xtec.cat\/escmarquesdelapobla\/mitja\/carla-lopez-primera-al-salo-internacional-del-comic\/","title":{"rendered":"Carla L\u00f3pez, primera al Sal\u00f3 Internacional del c\u00f2mic"},"content":{"rendered":"<p>El passat cap de setmana del 15 d&#8217;abril, l&#8217;alumna de la nostra escola Carla L\u00f3pez de 4tA &#8211; Tramuntana, va anar a recollir el premi com a finalista del concurs escolar que s&#8217;organitzava dins el marc del Sal\u00f3 internacional del c\u00f2mic de Barcelona.<\/p>\n<p>Per la Carla i per l&#8217;Escola ja era un motiu d&#8217;enorme satisfacci\u00f3 i ens feia molta il\u00b7lusi\u00f3 estar presents a l&#8217;acte de lliurament de premis, per\u00f2 el goig va ser encara m\u00e9s gran quan la Carla va ser\u00a0galardonada com a guanyadora absoluta de la seva categoria.<\/p>\n<p>Un enorme premi a la const\u00e0ncia, al treball, a l&#8217;esfor\u00e7 de superaci\u00f3 i a la feina ben feta.<\/p>\n<p>Estem molt contents Carla! Enhorabona!<\/p>\n<p><a href=\"https:\/\/photos.app.goo.gl\/ooiC09yvnocd3Rc32\"><img loading=\"lazy\" decoding=\"async\" class=\"alignnone size-large\" src=\"https:\/\/lh3.googleusercontent.com\/zVkPFlZ31od3KoDore5bShgkOTO4f9wGf96sVGnZi78HcK-e-YZaEsgu475QXa_Ta10xxKXSU5CpruX3CVOdGxb_kDc4PAmbY4eroLxUJ87a-u8WQ8aj-WmG6fi7txiuwPKiS8uepjSHd_-8ArwqGuW05a8cfVETmIVB-sbx8xaQGbdEAyd4VW8oD0O5uUa3iTaOYW4DmWMpoK9QsGevUg875rGSfFKZ5IdtSUTou99pv45Ug7VMHbnLdz8aijG_MWePnbn3N7FAqGe_2vpy6tzkz2UPgmxZa1ttoY4U1ZxPVvgG17MuUvWFut_DZvKd2IR-kcX2kyT7EbTuDCBrZ-CMI8WKkifb6UNTp0cyiUftKcvmQCmpdvCfhYf2yCKTyUvbQuyz2hZyhBG6_kc8vGs6aE3jx6kZPXFWxjQ6JGyXMfSOmUn8MKiUA8iAz_Oc6K0FnN2qXNLulBDQt24By67_sJANScJDaO_L7KVuuH-2hWhppd-nVjtp0j2UFYGNI36_BimWAfgUtHAiTSeffdPaaFtRIzXFE9Z6kwNaBcji62UUrfqGgvuBaLhRqzs9IVBJOPg_U6r2t-qEAczHjRhPPxVkWSRTyXpHdVqkBa5JwqiZ4mN2g9QiH3tcJxbNVPIZCSeyQF2CIV3GAeNEmDA6vE6JNt_O=w1214-h910-no\" width=\"1214\" height=\"910\" \/><\/a><\/p>\n","protected":false},"excerpt":{"rendered":"<p>El passat cap de setmana del 15 d&#8217;abril, l&#8217;alumna de la nostra escola Carla L\u00f3pez de 4tA &#8211; Tramuntana, va anar a recollir el premi com a finalista del concurs escolar que s&#8217;organitzava dins el marc del Sal\u00f3 internacional del c\u00f2mic de Barcelona. Per la Carla i per l&#8217;Escola ja era un motiu d&#8217;enorme satisfacci\u00f3 [&hellip;]<\/p>\n","protected":false},"author":1,"featured_media":0,"comment_status":"open","ping_status":"closed","sticky":false,"template":"","format":"standard","meta":{"_bbp_topic_count":0,"_bbp_reply_count":0,"_bbp_total_topic_count":0,"_bbp_total_reply_count":0,"_bbp_voice_count":0,"_bbp_anonymous_reply_count":0,"_bbp_topic_count_hidden":0,"_bbp_reply_count_hidden":0,"_bbp_forum_subforum_count":0,"site-sidebar-layout":"default","site-content-layout":"","ast-site-content-layout":"","site-content-style":"default","site-sidebar-style":"default","ast-global-header-display":"","ast-banner-title-visibility":"","ast-main-header-display":"","ast-hfb-above-header-display":"","ast-hfb-below-header-display":"","ast-hfb-mobile-header-display":"","site-post-title":"","ast-breadcrumbs-content":"","ast-featured-img":"","footer-sml-layout":"","theme-transparent-header-meta":"","adv-header-id-meta":"","stick-header-meta":"","header-above-stick-meta":"","header-main-stick-meta":"","header-below-stick-meta":"","astra-migrate-meta-layouts":"default","ast-page-background-enabled":"default","ast-page-background-meta":{"desktop":{"background-color":"var(--ast-global-color-5)","background-image":"","background-repeat":"repeat","background-position":"center center","background-size":"auto","background-attachment":"scroll","background-type":"","background-media":"","overlay-type":"","overlay-color":"","overlay-opacity":"","overlay-gradient":""},"tablet":{"background-color":"","background-image":"","background-repeat":"repeat","background-position":"center center","background-size":"auto","background-attachment":"scroll","background-type":"","background-media":"","overlay-type":"","overlay-color":"","overlay-opacity":"","overlay-gradient":""},"mobile":{"background-color":"","background-image":"","background-repeat":"repeat","background-position":"center center","background-size":"auto","background-attachment":"scroll","background-type":"","background-media":"","overlay-type":"","overlay-color":"","overlay-opacity":"","overlay-gradient":""}},"ast-content-background-meta":{"desktop":{"background-color":"var(--ast-global-color-4)","background-image":"","background-repeat":"repeat","background-position":"center center","background-size":"auto","background-attachment":"scroll","background-type":"","background-media":"","overlay-type":"","overlay-color":"","overlay-opacity":"","overlay-gradient":""},"tablet":{"background-color":"var(--ast-global-color-4)","background-image":"","background-repeat":"repeat","background-position":"center center","background-size":"auto","background-attachment":"scroll","background-type":"","background-media":"","overlay-type":"","overlay-color":"","overlay-opacity":"","overlay-gradient":""},"mobile":{"background-color":"var(--ast-global-color-4)","background-image":"","background-repeat":"repeat","background-position":"center center","background-size":"auto","background-attachment":"scroll","background-type":"","background-media":"","overlay-type":"","overlay-color":"","overlay-opacity":"","overlay-gradient":""}},"footnotes":""},"categories":[65,224],"tags":[],"class_list":["post-2718","post","type-post","status-publish","format-standard","hentry","category-mitja","category-historic"],"post_mailing_queue_ids":[],"_links":{"self":[{"href":"https:\/\/agora.xtec.cat\/escmarquesdelapobla\/wp-json\/wp\/v2\/posts\/2718","targetHints":{"allow":["GET"]}}],"collection":[{"href":"https:\/\/agora.xtec.cat\/escmarquesdelapobla\/wp-json\/wp\/v2\/posts"}],"about":[{"href":"https:\/\/agora.xtec.cat\/escmarquesdelapobla\/wp-json\/wp\/v2\/types\/post"}],"author":[{"embeddable":true,"href":"https:\/\/agora.xtec.cat\/escmarquesdelapobla\/wp-json\/wp\/v2\/users\/1"}],"replies":[{"embeddable":true,"href":"https:\/\/agora.xtec.cat\/escmarquesdelapobla\/wp-json\/wp\/v2\/comments?post=2718"}],"version-history":[{"count":3,"href":"https:\/\/agora.xtec.cat\/escmarquesdelapobla\/wp-json\/wp\/v2\/posts\/2718\/revisions"}],"predecessor-version":[{"id":2802,"href":"https:\/\/agora.xtec.cat\/escmarquesdelapobla\/wp-json\/wp\/v2\/posts\/2718\/revisions\/2802"}],"wp:attachment":[{"href":"https:\/\/agora.xtec.cat\/escmarquesdelapobla\/wp-json\/wp\/v2\/media?parent=2718"}],"wp:term":[{"taxonomy":"category","embeddable":true,"href":"https:\/\/agora.xtec.cat\/escmarquesdelapobla\/wp-json\/wp\/v2\/categories?post=2718"},{"taxonomy":"post_tag","embeddable":true,"href":"https:\/\/agora.xtec.cat\/escmarquesdelapobla\/wp-json\/wp\/v2\/tags?post=2718"}],"curies":[{"name":"wp","href":"https:\/\/api.w.org\/{rel}","templated":true}]}}