{"id":2641,"date":"2018-04-06T10:02:26","date_gmt":"2018-04-06T08:02:26","guid":{"rendered":"http:\/\/agora.xtec.cat\/escmarquesdelapobla\/?p=2641"},"modified":"2020-11-08T13:50:23","modified_gmt":"2020-11-08T12:50:23","slug":"la-setmana-cultural-a-lenllac","status":"publish","type":"post","link":"https:\/\/agora.xtec.cat\/escmarquesdelapobla\/celebracions\/cultural\/la-setmana-cultural-a-lenllac\/","title":{"rendered":"La Setmana Cultural a L&#8217;Enlla\u00e7!"},"content":{"rendered":"<p>Activitats de l\u2019escola Marqu\u00e8s de la Pobla de\u00a0 CAPELLADES<\/p>\n<p><strong>Els alumnes de tercer de l\u2019escola entrevisten l\u2019alcalde <\/strong><\/p>\n<p>Tal com \u00e9s habitual de cada curs, els nens i nenes de tercer es reuneixen amb l\u2019alcalde de Capellades, Aleix Auber, per fer-li un seguit de preguntes. Primer, comencen a les classes estudiant amb les professores com funciona l\u2019ajuntament d\u2019un municipi. Despr\u00e9s elaboren una llista de preguntes diverses, que van des de q\u00fcestions municipals i pol\u00edtiques a altres de personals. Enguany, els alumnes van manifestar molta curiositat per con\u00e8ixer quins s\u00f3n els principals serveis que dona l\u2019Ajuntament i tamb\u00e9 pel nou servei de recollida d\u2019escombraries porta a porta, que es comen\u00e7ar\u00e0 a aplicar el 18 de juny. Despr\u00e9s d\u2019una hora de preguntes i respostes, els nens i nenes tenien molt material per continuar treballant a classe.<\/p>\n<p><strong>Una molt entranyable Setmana Cultural<\/strong><\/p>\n<p>Reconnectar avis exalumnes amb n\u00e9ts alumnes, enlla\u00e7ar passat i present per la via de la paraula a les classes, transmetre viv\u00e8ncies pret\u00e8rites per fer-nos adonar de les presents, tot plegat ha estat possible a l\u2019escola Marqu\u00e8s de la Pobla de Capellades durant la Setmana Cultural que va tenir lloc del 19 al 23 de mar\u00e7. Tenint en compte que l\u2019eix transversal d\u2019aquest curs al centre \u00e9s \u201cPersones grans, grans persones\u201d, enguany aquesta setmana plena d\u2019activitats com a colof\u00f3 del segon trimestre ha estat plena sobretot d\u2019experi\u00e8ncia i d\u2019hist\u00f2- ria per a tot l\u2019alumnat de l\u2019escola. D\u2019una banda, m\u00e9s de trenta avis i \u00e0vies, i tamb\u00e9 bes\u00e0vies, durant tres tardes van omplir les classes d\u2019Educaci\u00f3 Infantil i d\u2019Educaci\u00f3 Prim\u00e0ria per recordar en veu alta les seves experi\u00e8ncies escolars, en alguns casos il\u00b7lustrades amb els quaderns que encara guarden i unes quantes fotografies de l\u2019\u00e8poca en qu\u00e8 molts van comen\u00e7ar a estudiar a la mateixa escola que els tornava a acollir. Tal com comenten en el bloc de l\u2019escola, es va tractar d\u2019una experi\u00e8ncia altament interessant per als que ara omplen les aules i els va servir per adonar-se de com ha variat la realitat de l\u2019escola. Els que van oferir el mestratge per un dia van ser la B\u00e0rbara, la Mari Maraver, el Juan Capit\u00e1n, el Pep Vall\u00e8s, el Francisco, el Ramon Cuadras, la Gemma Mateu, la Carme Galofr\u00e9, la Nati, la Pepi Guti\u00e9rrez, el Pedro R., la Maria L\u00f3pez, el Ramon Mata, la Maria Carbonell, la Josefina Rosich, la Vicenta Quero, l\u2019Am\u00e0lia Archilla, l\u2019Elena Castells, l\u2019\u00c0ngels Rovira, la Laura Colom, la Gl\u00f2ria Sabater, la Carme Campoy, la Carme Roca, la Pilar Alert, la Josefina Soler, el Pepe, la Lola, la Fina S\u00e1nchez, la L\u00eddia Gu\u00e0rdia, el Guillem Guarro i l\u2019Ant\u00f2nia Farriol, als quals es va agrair molt\u00edssim les xerrades. D\u2019altra banda, i lligat a aquest eix que tira enrere en el temps, al llarg dels matins es van fer diverses xerrades i excursions pel municipi, per exemple al barri de la Font de la Reina, i es van descobrir altres llocs i espais antics del poble, com el vell safareig p\u00fablic, el Bar Aloy, la barberia Ainsua, Cal Ponet, entre d\u2019altres. I durant la XXX Jornada de l\u2019Esport del darrer dia es van practicar jocs tradicionals com els patacons, l\u2019anell picapedrell, trencar l\u2019olla, xapes&#8230;. Sense dubte va ser una gran setmana cultural pr\u00e8via a les merescudes vacances.<\/p>\n<p>Joan Pinyol &#8211; <a href=\"http:\/\/www.latossa.com\/antics\/784-29Marc18-1.pdf\">L\u2019ENLLA\u00c7,<\/a><a href=\"http:\/\/www.latossa.com\/antics\/784-29Marc18-1.pdf\"> n\u00ba784<\/a>, Igualada, 29 de mar\u00e7 de 2018<\/p>\n","protected":false},"excerpt":{"rendered":"<p>Activitats de l\u2019escola Marqu\u00e8s de la Pobla de\u00a0 CAPELLADES Els alumnes de tercer de l\u2019escola entrevisten l\u2019alcalde Tal com \u00e9s habitual de cada curs, els nens i nenes de tercer es reuneixen amb l\u2019alcalde de Capellades, Aleix Auber, per fer-li un seguit de preguntes. Primer, comencen a les classes estudiant amb les professores com funciona [&hellip;]<\/p>\n","protected":false},"author":1,"featured_media":0,"comment_status":"open","ping_status":"closed","sticky":false,"template":"","format":"standard","meta":{"_bbp_topic_count":0,"_bbp_reply_count":0,"_bbp_total_topic_count":0,"_bbp_total_reply_count":0,"_bbp_voice_count":0,"_bbp_anonymous_reply_count":0,"_bbp_topic_count_hidden":0,"_bbp_reply_count_hidden":0,"_bbp_forum_subforum_count":0,"site-sidebar-layout":"default","site-content-layout":"","ast-site-content-layout":"","site-content-style":"default","site-sidebar-style":"default","ast-global-header-display":"","ast-banner-title-visibility":"","ast-main-header-display":"","ast-hfb-above-header-display":"","ast-hfb-below-header-display":"","ast-hfb-mobile-header-display":"","site-post-title":"","ast-breadcrumbs-content":"","ast-featured-img":"","footer-sml-layout":"","theme-transparent-header-meta":"","adv-header-id-meta":"","stick-header-meta":"","header-above-stick-meta":"","header-main-stick-meta":"","header-below-stick-meta":"","astra-migrate-meta-layouts":"default","ast-page-background-enabled":"default","ast-page-background-meta":{"desktop":{"background-color":"var(--ast-global-color-5)","background-image":"","background-repeat":"repeat","background-position":"center center","background-size":"auto","background-attachment":"scroll","background-type":"","background-media":"","overlay-type":"","overlay-color":"","overlay-opacity":"","overlay-gradient":""},"tablet":{"background-color":"","background-image":"","background-repeat":"repeat","background-position":"center center","background-size":"auto","background-attachment":"scroll","background-type":"","background-media":"","overlay-type":"","overlay-color":"","overlay-opacity":"","overlay-gradient":""},"mobile":{"background-color":"","background-image":"","background-repeat":"repeat","background-position":"center center","background-size":"auto","background-attachment":"scroll","background-type":"","background-media":"","overlay-type":"","overlay-color":"","overlay-opacity":"","overlay-gradient":""}},"ast-content-background-meta":{"desktop":{"background-color":"var(--ast-global-color-4)","background-image":"","background-repeat":"repeat","background-position":"center center","background-size":"auto","background-attachment":"scroll","background-type":"","background-media":"","overlay-type":"","overlay-color":"","overlay-opacity":"","overlay-gradient":""},"tablet":{"background-color":"var(--ast-global-color-4)","background-image":"","background-repeat":"repeat","background-position":"center center","background-size":"auto","background-attachment":"scroll","background-type":"","background-media":"","overlay-type":"","overlay-color":"","overlay-opacity":"","overlay-gradient":""},"mobile":{"background-color":"var(--ast-global-color-4)","background-image":"","background-repeat":"repeat","background-position":"center center","background-size":"auto","background-attachment":"scroll","background-type":"","background-media":"","overlay-type":"","overlay-color":"","overlay-opacity":"","overlay-gradient":""}},"footnotes":""},"categories":[224,82],"tags":[],"class_list":["post-2641","post","type-post","status-publish","format-standard","hentry","category-historic","category-cultural"],"post_mailing_queue_ids":[],"_links":{"self":[{"href":"https:\/\/agora.xtec.cat\/escmarquesdelapobla\/wp-json\/wp\/v2\/posts\/2641","targetHints":{"allow":["GET"]}}],"collection":[{"href":"https:\/\/agora.xtec.cat\/escmarquesdelapobla\/wp-json\/wp\/v2\/posts"}],"about":[{"href":"https:\/\/agora.xtec.cat\/escmarquesdelapobla\/wp-json\/wp\/v2\/types\/post"}],"author":[{"embeddable":true,"href":"https:\/\/agora.xtec.cat\/escmarquesdelapobla\/wp-json\/wp\/v2\/users\/1"}],"replies":[{"embeddable":true,"href":"https:\/\/agora.xtec.cat\/escmarquesdelapobla\/wp-json\/wp\/v2\/comments?post=2641"}],"version-history":[{"count":3,"href":"https:\/\/agora.xtec.cat\/escmarquesdelapobla\/wp-json\/wp\/v2\/posts\/2641\/revisions"}],"predecessor-version":[{"id":2644,"href":"https:\/\/agora.xtec.cat\/escmarquesdelapobla\/wp-json\/wp\/v2\/posts\/2641\/revisions\/2644"}],"wp:attachment":[{"href":"https:\/\/agora.xtec.cat\/escmarquesdelapobla\/wp-json\/wp\/v2\/media?parent=2641"}],"wp:term":[{"taxonomy":"category","embeddable":true,"href":"https:\/\/agora.xtec.cat\/escmarquesdelapobla\/wp-json\/wp\/v2\/categories?post=2641"},{"taxonomy":"post_tag","embeddable":true,"href":"https:\/\/agora.xtec.cat\/escmarquesdelapobla\/wp-json\/wp\/v2\/tags?post=2641"}],"curies":[{"name":"wp","href":"https:\/\/api.w.org\/{rel}","templated":true}]}}