{"id":2330,"date":"2018-03-21T20:04:17","date_gmt":"2018-03-21T19:04:17","guid":{"rendered":"http:\/\/agora.xtec.cat\/escmarquesdelapobla\/?p=2330"},"modified":"2020-11-08T13:53:15","modified_gmt":"2020-11-08T12:53:15","slug":"els-grans-fem-de-public-dels-petits","status":"publish","type":"post","link":"https:\/\/agora.xtec.cat\/escmarquesdelapobla\/superior\/els-grans-fem-de-public-dels-petits\/","title":{"rendered":"Els grans fem de p\u00fablic dels petits"},"content":{"rendered":"<p>Els alumnes de 1r han estat preparant diversos teatres i, en aquesta ocasi\u00f3, ens van convidar als alumnes de 6\u00e8 a fer de p\u00fablic de les seves dues obres: &#8220;L&#8217;Elmer&#8221; i &#8220;La girafa del coll curt&#8221;.<\/p>\n<p>Ens va agradar molt tornar a les aules on vam viure tants moments bons quan \u00e9rem petits com ells. A m\u00e9s, molts de nosaltres tenim germans i cosins a 1r i ens va fer molta il\u00b7lusi\u00f3 veure&#8217;ls actuar.<\/p>\n<p>Ho van fer molt b\u00e9! S\u00f3n uns artistes! Esperem que ens deixin repetir.<\/p>\n<p>Cliqueu a la imatge per veure algunes fotos de l&#8217;experi\u00e8ncia.<\/p>\n<p><a href=\"https:\/\/photos.app.goo.gl\/4ornw3ap9OznEt3u2\"><img loading=\"lazy\" decoding=\"async\" class=\"aligncenter\" src=\"https:\/\/lh3.googleusercontent.com\/mINtedl38pVUUP48L8Rjng1tmu6hsMYFoaIXZaJun-Z_iuB8LPqYKAbZko03d4ry7yHmzMUagakOXGiTzxqVWqJ8JkUfQbvTHvgvFnugWNccUj9sagiQk-6SyWnSsMqKpguCN-6hmJqbnjFHGDVkQLLihxPkts8NHPP6J1C69hZxqb2r2cJNa71-W_Ll19-iWL01vO697KEvqXY4kIM_6seMMLjihhvepVB00yQmSmwqpFwbCA8tn1nbCrpQwMOIrp1xF1G-AROxmeqjVSW7_j0yJ3DiSDoSpTFalz_BQFolyptCDTBexopnluXbe0oxH6D17WwAN1dw5TpTUDs5iVlbQc9aiy2qObWbt0C-MzTB0FAaKEUgF-UsvM8XWWRkaYH-yDssZ4xYTwxqadnSPW-Cwmg0xCwiqtB8xMqU0EDOdRwxdq5HZe4F0hKsFDZadupimBoV2v_eIC2tbPzrefOXOlIvz2Xl9ZNE8UAl2mhlRjV5xUPQYhTp97wuOTH2PMi2y1N2kT-_6bKwsN8OVBm949PKwWPZWkoMFh6P3XmpSpuJs75t2mdhHFoLaZGKerQq33dSPfWyXod2KdiTegOrBDo56ZYtstvFwUE=w883-h662-no\" width=\"517\" height=\"388\" \/><\/a><\/p>\n","protected":false},"excerpt":{"rendered":"<p>Els alumnes de 1r han estat preparant diversos teatres i, en aquesta ocasi\u00f3, ens van convidar als alumnes de 6\u00e8 a fer de p\u00fablic de les seves dues obres: &#8220;L&#8217;Elmer&#8221; i &#8220;La girafa del coll curt&#8221;. Ens va agradar molt tornar a les aules on vam viure tants moments bons quan \u00e9rem petits com ells. [&hellip;]<\/p>\n","protected":false},"author":1,"featured_media":0,"comment_status":"open","ping_status":"closed","sticky":false,"template":"","format":"standard","meta":{"_bbp_topic_count":0,"_bbp_reply_count":0,"_bbp_total_topic_count":0,"_bbp_total_reply_count":0,"_bbp_voice_count":0,"_bbp_anonymous_reply_count":0,"_bbp_topic_count_hidden":0,"_bbp_reply_count_hidden":0,"_bbp_forum_subforum_count":0,"site-sidebar-layout":"default","site-content-layout":"","ast-site-content-layout":"","site-content-style":"default","site-sidebar-style":"default","ast-global-header-display":"","ast-banner-title-visibility":"","ast-main-header-display":"","ast-hfb-above-header-display":"","ast-hfb-below-header-display":"","ast-hfb-mobile-header-display":"","site-post-title":"","ast-breadcrumbs-content":"","ast-featured-img":"","footer-sml-layout":"","theme-transparent-header-meta":"","adv-header-id-meta":"","stick-header-meta":"","header-above-stick-meta":"","header-main-stick-meta":"","header-below-stick-meta":"","astra-migrate-meta-layouts":"default","ast-page-background-enabled":"default","ast-page-background-meta":{"desktop":{"background-color":"var(--ast-global-color-5)","background-image":"","background-repeat":"repeat","background-position":"center center","background-size":"auto","background-attachment":"scroll","background-type":"","background-media":"","overlay-type":"","overlay-color":"","overlay-opacity":"","overlay-gradient":""},"tablet":{"background-color":"","background-image":"","background-repeat":"repeat","background-position":"center center","background-size":"auto","background-attachment":"scroll","background-type":"","background-media":"","overlay-type":"","overlay-color":"","overlay-opacity":"","overlay-gradient":""},"mobile":{"background-color":"","background-image":"","background-repeat":"repeat","background-position":"center center","background-size":"auto","background-attachment":"scroll","background-type":"","background-media":"","overlay-type":"","overlay-color":"","overlay-opacity":"","overlay-gradient":""}},"ast-content-background-meta":{"desktop":{"background-color":"var(--ast-global-color-4)","background-image":"","background-repeat":"repeat","background-position":"center center","background-size":"auto","background-attachment":"scroll","background-type":"","background-media":"","overlay-type":"","overlay-color":"","overlay-opacity":"","overlay-gradient":""},"tablet":{"background-color":"var(--ast-global-color-4)","background-image":"","background-repeat":"repeat","background-position":"center center","background-size":"auto","background-attachment":"scroll","background-type":"","background-media":"","overlay-type":"","overlay-color":"","overlay-opacity":"","overlay-gradient":""},"mobile":{"background-color":"var(--ast-global-color-4)","background-image":"","background-repeat":"repeat","background-position":"center center","background-size":"auto","background-attachment":"scroll","background-type":"","background-media":"","overlay-type":"","overlay-color":"","overlay-opacity":"","overlay-gradient":""}},"footnotes":""},"categories":[64,5,224,82],"tags":[],"class_list":["post-2330","post","type-post","status-publish","format-standard","hentry","category-inicial","category-superior","category-historic","category-cultural"],"post_mailing_queue_ids":[],"_links":{"self":[{"href":"https:\/\/agora.xtec.cat\/escmarquesdelapobla\/wp-json\/wp\/v2\/posts\/2330","targetHints":{"allow":["GET"]}}],"collection":[{"href":"https:\/\/agora.xtec.cat\/escmarquesdelapobla\/wp-json\/wp\/v2\/posts"}],"about":[{"href":"https:\/\/agora.xtec.cat\/escmarquesdelapobla\/wp-json\/wp\/v2\/types\/post"}],"author":[{"embeddable":true,"href":"https:\/\/agora.xtec.cat\/escmarquesdelapobla\/wp-json\/wp\/v2\/users\/1"}],"replies":[{"embeddable":true,"href":"https:\/\/agora.xtec.cat\/escmarquesdelapobla\/wp-json\/wp\/v2\/comments?post=2330"}],"version-history":[{"count":2,"href":"https:\/\/agora.xtec.cat\/escmarquesdelapobla\/wp-json\/wp\/v2\/posts\/2330\/revisions"}],"predecessor-version":[{"id":2342,"href":"https:\/\/agora.xtec.cat\/escmarquesdelapobla\/wp-json\/wp\/v2\/posts\/2330\/revisions\/2342"}],"wp:attachment":[{"href":"https:\/\/agora.xtec.cat\/escmarquesdelapobla\/wp-json\/wp\/v2\/media?parent=2330"}],"wp:term":[{"taxonomy":"category","embeddable":true,"href":"https:\/\/agora.xtec.cat\/escmarquesdelapobla\/wp-json\/wp\/v2\/categories?post=2330"},{"taxonomy":"post_tag","embeddable":true,"href":"https:\/\/agora.xtec.cat\/escmarquesdelapobla\/wp-json\/wp\/v2\/tags?post=2330"}],"curies":[{"name":"wp","href":"https:\/\/api.w.org\/{rel}","templated":true}]}}