{"id":2327,"date":"2018-03-21T19:55:00","date_gmt":"2018-03-21T18:55:00","guid":{"rendered":"http:\/\/agora.xtec.cat\/escmarquesdelapobla\/?p=2327"},"modified":"2020-11-08T13:53:19","modified_gmt":"2020-11-08T12:53:19","slug":"escoltem-persones-grans-c-superiorinfantil","status":"publish","type":"post","link":"https:\/\/agora.xtec.cat\/escmarquesdelapobla\/infantil\/i3\/escoltem-persones-grans-c-superiorinfantil\/","title":{"rendered":"Tarda amb persones grans (6\u00e8 C.Superior i Educaci\u00f3 Infantil)"},"content":{"rendered":"<p>Durant la setmana cultural, estem realitzant activitats relacionades amb l&#8217;eix de l&#8217;escola d&#8217;aquest curs: persones grans, grans persones.\u00a0Per aix\u00f2, hem convidat a l&#8217;escola els nostres avis, \u00e0vies i familiars en general perqu\u00e8 ens expliquin coses de quan ells anaven a l&#8217;escola.<\/p>\n<p>Aquest dimarts, els alumnes de 6\u00e8 hem acompanyat els alumnes d&#8217;infantil a escoltar alguns avis i \u00e0vies que han vingut molt amablement a explicar-nos coses. Fins i tot, ens han portat fotos i quaderns de quan anaven a l&#8217;escola.<\/p>\n<p>Ha estat molt interessant i hem apr\u00e8s moltes coses!<\/p>\n<p>Volem agrair-los el seu temps i dedicaci\u00f3 i esperem que tornin aviat.<\/p>\n<p>Gr\u00e0cies!<\/p>\n<p>Us deixem algunes fotos. Feu click a la imatge i les trobareu!<\/p>\n<p><a href=\"https:\/\/photos.app.goo.gl\/GmLDEhY2oHyK61Tl1\"><img loading=\"lazy\" decoding=\"async\" class=\"aligncenter\" src=\"https:\/\/lh3.googleusercontent.com\/f96M0-ixPcJ2tKVg0qtal51_6qD8M3mEpnURAZ92o4BcwK6Ch-cazcWBaXrJnHQsJ1iz6Hg8cRI5CGSQWB9i-BL4hSfzjhe8nvxz6i0NVhHtuWy5SJHZWpxULlukvvYRJHO5sJJR4HHmrrCPuvm33VP15Tkg2aD5CbUbe4_FzZyt6SUh1TnVziHfHZ9W66Er9eEzjHQjCoMhFh0vR3h01Fs4UE0AatvKQuC56gJcMgbIxuH5R_uQF0O8AQiiWQK33UNnc9qzw4WT6MHCzIUDWPn_PXLdOLMx-hECQeVwGJfd_nec39JDNkwtLP0Xq9Lq91YeqUQtqNL2YhsIHFQMSnjiC7ibobeDLEyfAEiRjmZx1ieBKJkIsAzGS2-3TvlUTwYAsuAMhkPwq_1lX_oY-M1Rg-cHjnE-jq36r4-i5LwfMaEHFZmLn1n8edXwSjWrRglfeWllLMujIbKaO6Q_ymdRbb4tU1mlwn5lkV8T1iqnaWR9kCFgsbLb-oSV373hsvxArkXYPvxTdWYbTZCN358-g0E5W7hbRcSgXyYU_QVIY5kb4oEXHXhLj3ZqzcP4pI_ESqk2OG3TIKRhWQtd0ZaHOE5eOqnryGVtUxk=w883-h662-no\" width=\"517\" height=\"388\" \/><\/a><\/p>\n","protected":false},"excerpt":{"rendered":"<p>Durant la setmana cultural, estem realitzant activitats relacionades amb l&#8217;eix de l&#8217;escola d&#8217;aquest curs: persones grans, grans persones.\u00a0Per aix\u00f2, hem convidat a l&#8217;escola els nostres avis, \u00e0vies i familiars en general perqu\u00e8 ens expliquin coses de quan ells anaven a l&#8217;escola. Aquest dimarts, els alumnes de 6\u00e8 hem acompanyat els alumnes d&#8217;infantil a escoltar alguns [&hellip;]<\/p>\n","protected":false},"author":1,"featured_media":0,"comment_status":"open","ping_status":"closed","sticky":false,"template":"","format":"standard","meta":{"_bbp_topic_count":0,"_bbp_reply_count":0,"_bbp_total_topic_count":0,"_bbp_total_reply_count":0,"_bbp_voice_count":0,"_bbp_anonymous_reply_count":0,"_bbp_topic_count_hidden":0,"_bbp_reply_count_hidden":0,"_bbp_forum_subforum_count":0,"site-sidebar-layout":"default","site-content-layout":"","ast-site-content-layout":"","site-content-style":"default","site-sidebar-style":"default","ast-global-header-display":"","ast-banner-title-visibility":"","ast-main-header-display":"","ast-hfb-above-header-display":"","ast-hfb-below-header-display":"","ast-hfb-mobile-header-display":"","site-post-title":"","ast-breadcrumbs-content":"","ast-featured-img":"","footer-sml-layout":"","theme-transparent-header-meta":"","adv-header-id-meta":"","stick-header-meta":"","header-above-stick-meta":"","header-main-stick-meta":"","header-below-stick-meta":"","astra-migrate-meta-layouts":"default","ast-page-background-enabled":"default","ast-page-background-meta":{"desktop":{"background-color":"var(--ast-global-color-5)","background-image":"","background-repeat":"repeat","background-position":"center center","background-size":"auto","background-attachment":"scroll","background-type":"","background-media":"","overlay-type":"","overlay-color":"","overlay-opacity":"","overlay-gradient":""},"tablet":{"background-color":"","background-image":"","background-repeat":"repeat","background-position":"center center","background-size":"auto","background-attachment":"scroll","background-type":"","background-media":"","overlay-type":"","overlay-color":"","overlay-opacity":"","overlay-gradient":""},"mobile":{"background-color":"","background-image":"","background-repeat":"repeat","background-position":"center center","background-size":"auto","background-attachment":"scroll","background-type":"","background-media":"","overlay-type":"","overlay-color":"","overlay-opacity":"","overlay-gradient":""}},"ast-content-background-meta":{"desktop":{"background-color":"var(--ast-global-color-4)","background-image":"","background-repeat":"repeat","background-position":"center center","background-size":"auto","background-attachment":"scroll","background-type":"","background-media":"","overlay-type":"","overlay-color":"","overlay-opacity":"","overlay-gradient":""},"tablet":{"background-color":"var(--ast-global-color-4)","background-image":"","background-repeat":"repeat","background-position":"center center","background-size":"auto","background-attachment":"scroll","background-type":"","background-media":"","overlay-type":"","overlay-color":"","overlay-opacity":"","overlay-gradient":""},"mobile":{"background-color":"var(--ast-global-color-4)","background-image":"","background-repeat":"repeat","background-position":"center center","background-size":"auto","background-attachment":"scroll","background-type":"","background-media":"","overlay-type":"","overlay-color":"","overlay-opacity":"","overlay-gradient":""}},"footnotes":""},"categories":[224,3,8,9,82],"tags":[],"class_list":["post-2327","post","type-post","status-publish","format-standard","hentry","category-historic","category-i3","category-i4","category-i5","category-cultural"],"post_mailing_queue_ids":[],"_links":{"self":[{"href":"https:\/\/agora.xtec.cat\/escmarquesdelapobla\/wp-json\/wp\/v2\/posts\/2327","targetHints":{"allow":["GET"]}}],"collection":[{"href":"https:\/\/agora.xtec.cat\/escmarquesdelapobla\/wp-json\/wp\/v2\/posts"}],"about":[{"href":"https:\/\/agora.xtec.cat\/escmarquesdelapobla\/wp-json\/wp\/v2\/types\/post"}],"author":[{"embeddable":true,"href":"https:\/\/agora.xtec.cat\/escmarquesdelapobla\/wp-json\/wp\/v2\/users\/1"}],"replies":[{"embeddable":true,"href":"https:\/\/agora.xtec.cat\/escmarquesdelapobla\/wp-json\/wp\/v2\/comments?post=2327"}],"version-history":[{"count":3,"href":"https:\/\/agora.xtec.cat\/escmarquesdelapobla\/wp-json\/wp\/v2\/posts\/2327\/revisions"}],"predecessor-version":[{"id":2336,"href":"https:\/\/agora.xtec.cat\/escmarquesdelapobla\/wp-json\/wp\/v2\/posts\/2327\/revisions\/2336"}],"wp:attachment":[{"href":"https:\/\/agora.xtec.cat\/escmarquesdelapobla\/wp-json\/wp\/v2\/media?parent=2327"}],"wp:term":[{"taxonomy":"category","embeddable":true,"href":"https:\/\/agora.xtec.cat\/escmarquesdelapobla\/wp-json\/wp\/v2\/categories?post=2327"},{"taxonomy":"post_tag","embeddable":true,"href":"https:\/\/agora.xtec.cat\/escmarquesdelapobla\/wp-json\/wp\/v2\/tags?post=2327"}],"curies":[{"name":"wp","href":"https:\/\/api.w.org\/{rel}","templated":true}]}}