{"id":2323,"date":"2018-03-21T18:07:48","date_gmt":"2018-03-21T17:07:48","guid":{"rendered":"http:\/\/agora.xtec.cat\/escmarquesdelapobla\/?p=2323"},"modified":"2020-11-08T13:53:27","modified_gmt":"2020-11-08T12:53:27","slug":"a-6e-fem-la-mona","status":"publish","type":"post","link":"https:\/\/agora.xtec.cat\/escmarquesdelapobla\/superior\/a-6e-fem-la-mona\/","title":{"rendered":"A 6\u00e8 FEM LA MONA!"},"content":{"rendered":"<p><a href=\"https:\/\/photos.app.goo.gl\/mT70klna8nJ60Na03\"><img loading=\"lazy\" decoding=\"async\" class=\"alignleft\" src=\"https:\/\/lh3.googleusercontent.com\/bGnliTkT4w8n5eL2NtAHROnD8XoLqN5lEjDfRtVeNLdVP2wRJsZzwG6TWcEMgY-twjhzusNQLQpOOpPhw8xeTv3Mfq2FaWWB_i2WCEu0dtx4BrwhqpFQlNfEHm0PSYp2KgMQDlZaYl-p4r6zIcmZUHbmTGiDHs9kU4KHRJosn-bKOduyahpT31n8M8GKSSkIsKOYUGdGhPYNQINKzV3cE85DpXOSTencaKofnOI3wG1MBbQatjY-0jJxH0ZMfxDqtiUcCp8Xes7zx3gBoZhgSkb2No8qqZaKLVmgiWRAzhYMEjJ_qOVkKYF4a263EuzMme7mbJm5me_CIFSNVcudRRIdx_MiPF9IcD0wtFJ6DJCS2wGxe3Ehkyn2tyQdjYv50qPwtcg4H-ZqwNXHZor8DMWcbuCo6ATC23UXmCe1VfIYfKdpT-GvkiZPrbOfXkzMXVslAc21TNnf2bLJIgLHrrms6xVMEQ15wcyGKSIR-juCIMnWbisG6dSlpq70Bmw3CQpM3SJYqOts1ZMnqmHICv1C2bXy11SngIHytyxd6hfDGrYim9mkrVOV3XP7fPPETIEtJ2ONstWh1pEYEWCh9qtsk1Kk1g3KLxhUtDM=w497-h662-no\" width=\"291\" height=\"388\" \/><\/a><\/p>\n<p>Com \u00e9s tradici\u00f3, avui els nens i les nenes de sis\u00e8 hem fet la mona.<\/p>\n<p>Primer, hem llegit 20 curiositats\u00a0sobre la tradici\u00f3 de la mona. Per exemple, sab\u00edeu qu\u00e8 la recepta de la mona \u00e9s coneguda des del segle XV i llavors no portava xocolata, la qual es va introduir al segle XVI amb l\u2019arribada del cacau provinent d\u2019Am\u00e8rica?<br \/>\nTamb\u00e9, la Noemi (la tutora de 6\u00e8 B) ens ha explicat com \u00e9s la mona que mengen al Pa\u00eds Valenci\u00e0 i ens ha ensenyat una can\u00e7\u00f3 t\u00edpica en valenci\u00e0.<\/p>\n<p>A continuaci\u00f3, hem elaborat la recepta de la mona que hem fet per no oblidar-nos cap pas!<\/p>\n<p>I, finalment, l&#8217;hem preparat i, el m\u00e9s important, ens l&#8217;hem menjat!!<\/p>\n<p>Us deixem unes fotos per que veieu el resultat. Cliqueu a la imatge i ho veureu!<\/p>\n","protected":false},"excerpt":{"rendered":"<p>Com \u00e9s tradici\u00f3, avui els nens i les nenes de sis\u00e8 hem fet la mona. Primer, hem llegit 20 curiositats\u00a0sobre la tradici\u00f3 de la mona. Per exemple, sab\u00edeu qu\u00e8 la recepta de la mona \u00e9s coneguda des del segle XV i llavors no portava xocolata, la qual es va introduir al segle XVI amb l\u2019arribada [&hellip;]<\/p>\n","protected":false},"author":1,"featured_media":0,"comment_status":"open","ping_status":"closed","sticky":false,"template":"","format":"standard","meta":{"_bbp_topic_count":0,"_bbp_reply_count":0,"_bbp_total_topic_count":0,"_bbp_total_reply_count":0,"_bbp_voice_count":0,"_bbp_anonymous_reply_count":0,"_bbp_topic_count_hidden":0,"_bbp_reply_count_hidden":0,"_bbp_forum_subforum_count":0,"site-sidebar-layout":"default","site-content-layout":"","ast-site-content-layout":"","site-content-style":"default","site-sidebar-style":"default","ast-global-header-display":"","ast-banner-title-visibility":"","ast-main-header-display":"","ast-hfb-above-header-display":"","ast-hfb-below-header-display":"","ast-hfb-mobile-header-display":"","site-post-title":"","ast-breadcrumbs-content":"","ast-featured-img":"","footer-sml-layout":"","theme-transparent-header-meta":"","adv-header-id-meta":"","stick-header-meta":"","header-above-stick-meta":"","header-main-stick-meta":"","header-below-stick-meta":"","astra-migrate-meta-layouts":"default","ast-page-background-enabled":"default","ast-page-background-meta":{"desktop":{"background-color":"var(--ast-global-color-5)","background-image":"","background-repeat":"repeat","background-position":"center center","background-size":"auto","background-attachment":"scroll","background-type":"","background-media":"","overlay-type":"","overlay-color":"","overlay-opacity":"","overlay-gradient":""},"tablet":{"background-color":"","background-image":"","background-repeat":"repeat","background-position":"center center","background-size":"auto","background-attachment":"scroll","background-type":"","background-media":"","overlay-type":"","overlay-color":"","overlay-opacity":"","overlay-gradient":""},"mobile":{"background-color":"","background-image":"","background-repeat":"repeat","background-position":"center center","background-size":"auto","background-attachment":"scroll","background-type":"","background-media":"","overlay-type":"","overlay-color":"","overlay-opacity":"","overlay-gradient":""}},"ast-content-background-meta":{"desktop":{"background-color":"var(--ast-global-color-4)","background-image":"","background-repeat":"repeat","background-position":"center center","background-size":"auto","background-attachment":"scroll","background-type":"","background-media":"","overlay-type":"","overlay-color":"","overlay-opacity":"","overlay-gradient":""},"tablet":{"background-color":"var(--ast-global-color-4)","background-image":"","background-repeat":"repeat","background-position":"center center","background-size":"auto","background-attachment":"scroll","background-type":"","background-media":"","overlay-type":"","overlay-color":"","overlay-opacity":"","overlay-gradient":""},"mobile":{"background-color":"var(--ast-global-color-4)","background-image":"","background-repeat":"repeat","background-position":"center center","background-size":"auto","background-attachment":"scroll","background-type":"","background-media":"","overlay-type":"","overlay-color":"","overlay-opacity":"","overlay-gradient":""}},"footnotes":""},"categories":[55,5,224,82],"tags":[],"class_list":["post-2323","post","type-post","status-publish","format-standard","hentry","category-celebracions","category-superior","category-historic","category-cultural"],"post_mailing_queue_ids":[],"_links":{"self":[{"href":"https:\/\/agora.xtec.cat\/escmarquesdelapobla\/wp-json\/wp\/v2\/posts\/2323","targetHints":{"allow":["GET"]}}],"collection":[{"href":"https:\/\/agora.xtec.cat\/escmarquesdelapobla\/wp-json\/wp\/v2\/posts"}],"about":[{"href":"https:\/\/agora.xtec.cat\/escmarquesdelapobla\/wp-json\/wp\/v2\/types\/post"}],"author":[{"embeddable":true,"href":"https:\/\/agora.xtec.cat\/escmarquesdelapobla\/wp-json\/wp\/v2\/users\/1"}],"replies":[{"embeddable":true,"href":"https:\/\/agora.xtec.cat\/escmarquesdelapobla\/wp-json\/wp\/v2\/comments?post=2323"}],"version-history":[{"count":3,"href":"https:\/\/agora.xtec.cat\/escmarquesdelapobla\/wp-json\/wp\/v2\/posts\/2323\/revisions"}],"predecessor-version":[{"id":2343,"href":"https:\/\/agora.xtec.cat\/escmarquesdelapobla\/wp-json\/wp\/v2\/posts\/2323\/revisions\/2343"}],"wp:attachment":[{"href":"https:\/\/agora.xtec.cat\/escmarquesdelapobla\/wp-json\/wp\/v2\/media?parent=2323"}],"wp:term":[{"taxonomy":"category","embeddable":true,"href":"https:\/\/agora.xtec.cat\/escmarquesdelapobla\/wp-json\/wp\/v2\/categories?post=2323"},{"taxonomy":"post_tag","embeddable":true,"href":"https:\/\/agora.xtec.cat\/escmarquesdelapobla\/wp-json\/wp\/v2\/tags?post=2323"}],"curies":[{"name":"wp","href":"https:\/\/api.w.org\/{rel}","templated":true}]}}