{"id":2244,"date":"2018-03-14T12:34:06","date_gmt":"2018-03-14T11:34:06","guid":{"rendered":"http:\/\/agora.xtec.cat\/escmarquesdelapobla\/?p=2244"},"modified":"2020-11-08T13:53:59","modified_gmt":"2020-11-08T12:53:59","slug":"visita-abric-romani","status":"publish","type":"post","link":"https:\/\/agora.xtec.cat\/escmarquesdelapobla\/mitja\/visita-abric-romani\/","title":{"rendered":"Visita Abric Roman\u00ed"},"content":{"rendered":"<p>Aquest dimarts a la tarda els alumnes de 4A &#8211; Tramuntana hem visitat el Parc Prehist\u00f2ric de l&#8217;Abric Roman\u00ed de Capellades. Aquesta activitat s&#8217;ha fet conjuntament amb l&#8217;Institut Mol\u00ed de la Vila del poble emmarcada en el projecte de la Setmana Cultural d&#8217;enguany.<\/p>\n<p>Els alumnes de l&#8217;institut ens van fer la visita al museu, ensenyar restes \u00f2ssees d&#8217;animals i humans, restes de foc, ens van fer llen\u00e7ar amb fletxes, arcs i llances&#8230; Va ser genial i ens ho vam passar super b\u00e9!<\/p>\n<p><a href=\"https:\/\/photos.app.goo.gl\/jj19IyDHMocL2fsw2\"><img loading=\"lazy\" decoding=\"async\" class=\"alignnone size-large\" src=\"https:\/\/lh3.googleusercontent.com\/TwAWerGPFTVpnO74GQ6uutw0H123v1kJKpy_2TLxGNc_DVY4j5bjiojjUpincp5Csui2_XU8IzcNMV9JLopQOvmYWhONa9PbGp2kX52HdfhV1x1GTDI4DlJZOtMs9W55SIWMK8Oz4-0UyPUt6jY74XCP1aWTJd9dhQrtlFxW8_RnXu8KaWbai7vnPI9Q1Q9_rDhIhXbqOGf67rLnAp95hw_10GchtHS6sXCWmkqAk7QUurFbIi9Tc74bct5yzQJ42czaRIlan9T9iSDcSZVts9AN1o3WqSNxQDyLcMpXX0obN4d7_729s1uj86i72FoYdtK4tgY7cA9ZrZ2qbZW3acjiXxIHpsa0vsZ406sbcGPVQIWNN_lQTOAcbuu36ckTEbZFrJDlv_K9k6hqyXymAZfj_l8BAnkKIVqaH51Xrj--YjMBmqQwCgBbCsqDJ_VXrsydO5L84Choo79Fm2co8N6YJOIf8-V4pFTDXTRcCnms-ObaXrvkh9dk67Fw9C-NBpNjt6_GkkoPP_tX5F3bRSaCh5T_c-th3iBFDwHApWO4BSPe3596_BfPMCuAIJpVraBz8nDbqxmWslL1uxkjqseL8Mbf7LQHCm4D6NI=w1214-h910-no\" width=\"1214\" height=\"910\" \/><\/a><\/p>\n","protected":false},"excerpt":{"rendered":"<p>Aquest dimarts a la tarda els alumnes de 4A &#8211; Tramuntana hem visitat el Parc Prehist\u00f2ric de l&#8217;Abric Roman\u00ed de Capellades. Aquesta activitat s&#8217;ha fet conjuntament amb l&#8217;Institut Mol\u00ed de la Vila del poble emmarcada en el projecte de la Setmana Cultural d&#8217;enguany. Els alumnes de l&#8217;institut ens van fer la visita al museu, ensenyar [&hellip;]<\/p>\n","protected":false},"author":1,"featured_media":0,"comment_status":"open","ping_status":"closed","sticky":false,"template":"","format":"standard","meta":{"_bbp_topic_count":0,"_bbp_reply_count":0,"_bbp_total_topic_count":0,"_bbp_total_reply_count":0,"_bbp_voice_count":0,"_bbp_anonymous_reply_count":0,"_bbp_topic_count_hidden":0,"_bbp_reply_count_hidden":0,"_bbp_forum_subforum_count":0,"site-sidebar-layout":"default","site-content-layout":"","ast-site-content-layout":"","site-content-style":"default","site-sidebar-style":"default","ast-global-header-display":"","ast-banner-title-visibility":"","ast-main-header-display":"","ast-hfb-above-header-display":"","ast-hfb-below-header-display":"","ast-hfb-mobile-header-display":"","site-post-title":"","ast-breadcrumbs-content":"","ast-featured-img":"","footer-sml-layout":"","theme-transparent-header-meta":"","adv-header-id-meta":"","stick-header-meta":"","header-above-stick-meta":"","header-main-stick-meta":"","header-below-stick-meta":"","astra-migrate-meta-layouts":"default","ast-page-background-enabled":"default","ast-page-background-meta":{"desktop":{"background-color":"var(--ast-global-color-5)","background-image":"","background-repeat":"repeat","background-position":"center center","background-size":"auto","background-attachment":"scroll","background-type":"","background-media":"","overlay-type":"","overlay-color":"","overlay-opacity":"","overlay-gradient":""},"tablet":{"background-color":"","background-image":"","background-repeat":"repeat","background-position":"center center","background-size":"auto","background-attachment":"scroll","background-type":"","background-media":"","overlay-type":"","overlay-color":"","overlay-opacity":"","overlay-gradient":""},"mobile":{"background-color":"","background-image":"","background-repeat":"repeat","background-position":"center center","background-size":"auto","background-attachment":"scroll","background-type":"","background-media":"","overlay-type":"","overlay-color":"","overlay-opacity":"","overlay-gradient":""}},"ast-content-background-meta":{"desktop":{"background-color":"var(--ast-global-color-4)","background-image":"","background-repeat":"repeat","background-position":"center center","background-size":"auto","background-attachment":"scroll","background-type":"","background-media":"","overlay-type":"","overlay-color":"","overlay-opacity":"","overlay-gradient":""},"tablet":{"background-color":"var(--ast-global-color-4)","background-image":"","background-repeat":"repeat","background-position":"center center","background-size":"auto","background-attachment":"scroll","background-type":"","background-media":"","overlay-type":"","overlay-color":"","overlay-opacity":"","overlay-gradient":""},"mobile":{"background-color":"var(--ast-global-color-4)","background-image":"","background-repeat":"repeat","background-position":"center center","background-size":"auto","background-attachment":"scroll","background-type":"","background-media":"","overlay-type":"","overlay-color":"","overlay-opacity":"","overlay-gradient":""}},"footnotes":""},"categories":[65,224,82,74],"tags":[],"class_list":["post-2244","post","type-post","status-publish","format-standard","hentry","category-mitja","category-historic","category-cultural","category-sortides"],"post_mailing_queue_ids":[],"_links":{"self":[{"href":"https:\/\/agora.xtec.cat\/escmarquesdelapobla\/wp-json\/wp\/v2\/posts\/2244","targetHints":{"allow":["GET"]}}],"collection":[{"href":"https:\/\/agora.xtec.cat\/escmarquesdelapobla\/wp-json\/wp\/v2\/posts"}],"about":[{"href":"https:\/\/agora.xtec.cat\/escmarquesdelapobla\/wp-json\/wp\/v2\/types\/post"}],"author":[{"embeddable":true,"href":"https:\/\/agora.xtec.cat\/escmarquesdelapobla\/wp-json\/wp\/v2\/users\/1"}],"replies":[{"embeddable":true,"href":"https:\/\/agora.xtec.cat\/escmarquesdelapobla\/wp-json\/wp\/v2\/comments?post=2244"}],"version-history":[{"count":3,"href":"https:\/\/agora.xtec.cat\/escmarquesdelapobla\/wp-json\/wp\/v2\/posts\/2244\/revisions"}],"predecessor-version":[{"id":8115,"href":"https:\/\/agora.xtec.cat\/escmarquesdelapobla\/wp-json\/wp\/v2\/posts\/2244\/revisions\/8115"}],"wp:attachment":[{"href":"https:\/\/agora.xtec.cat\/escmarquesdelapobla\/wp-json\/wp\/v2\/media?parent=2244"}],"wp:term":[{"taxonomy":"category","embeddable":true,"href":"https:\/\/agora.xtec.cat\/escmarquesdelapobla\/wp-json\/wp\/v2\/categories?post=2244"},{"taxonomy":"post_tag","embeddable":true,"href":"https:\/\/agora.xtec.cat\/escmarquesdelapobla\/wp-json\/wp\/v2\/tags?post=2244"}],"curies":[{"name":"wp","href":"https:\/\/api.w.org\/{rel}","templated":true}]}}