{"id":2213,"date":"2018-03-09T16:13:11","date_gmt":"2018-03-09T15:13:11","guid":{"rendered":"http:\/\/agora.xtec.cat\/escmarquesdelapobla\/?p=2213"},"modified":"2020-11-08T13:55:40","modified_gmt":"2020-11-08T12:55:40","slug":"on-son-les-donas-rogelias-per-joan-pinyol-colom","status":"publish","type":"post","link":"https:\/\/agora.xtec.cat\/escmarquesdelapobla\/historic\/on-son-les-donas-rogelias-per-joan-pinyol-colom\/","title":{"rendered":"ON S\u00d3N LES\u00a0DO\u00d1AS ROGELIAS? per Joan Pinyol Colom"},"content":{"rendered":"<p style=\"font-weight: 400;\">Menys les pensions, per culpa d\u2019un govern de poca-soltes, la resta de les esperances dels nostres avis i \u00e0vies no paren de cr\u00e9ixer. I \u00e9s que mentre el nivell de vida retarda l\u2019emancipaci\u00f3 dels joves, els avis \u2013aquests pous inesgotables de saviesa i d\u2019experi\u00e8ncia que hi ha a les cases- \u00a0cada vegada se\u2019n van abans. Cap al gimn\u00e0s, cap als diferents tallers, d\u2019excursi\u00f3 pel territori o per exemple a classes de com fer anar un m\u00f2bil que els faci sentir menys imm\u00f2bils. Ja ho diu la dita. L\u2019important \u00e9s morir jove quan m\u00e9s tard millor. Mantenir l\u2019esperit joven\u00edvol, optimista i no perdre mai les ganes de fer i d\u2019aprendre sempre coses noves. Encara que es tinguin 101 anys i mentre el cap i el cos rutllin.<\/p>\n<p style=\"font-weight: 400;\">El darrer carnestoltes va produir un veritable dilema a l\u2019escola Marqu\u00e8s de la Pobla de Capellades, on es van formar els meus pares i on ara es formen els meus fills. Tenint en compte que l\u2019eix transversal d\u2019aquest curs 2017-2018 porta per nom \u201cPersones grans, grans persones\u201d i est\u00e0 dedicat als m\u00e9s savis de cada casa, es va proposar a bona part dels alumnes que es disfressessin d\u2019avis i d\u2019\u00e0vies, com si tots envellissin d\u2019un dia per l\u2019altre. Per\u00f2 no els va ser f\u00e0cil. Perqu\u00e8 un cop a casa dels pares dels pares, quan molts van demanar roba de la tercera edat, a l\u2019estil de do\u00f1a Rogelia, el m\u00edtic ninot de la Maria Carmen, no van saber on trobar aquesta mena de roba. Posem un exemple. \u2013 \u00c0via, tens roba d\u2019\u00e0via com ara enagos?, cobreespatlles de ganxet?, faldilles negres amples?, \u00a0alguna mantellina?, o una ret o un mocador negre per cobrir-me el pentinat?. \u2013No, nena, si vols et deixo les malles de gimn\u00e0stica, el xandall que em poso per anar a ioga, la samarreta que tinc amb la Shakira estampada entre els pits i el melic o el buf de les caminades&#8230; \u2013I per al cap, no tens res?. \u2013 Si vols el gorro de nataci\u00f3&#8230; Com que no se\u2019n sortia aleshores la n\u00e9ta va demanar roba de l\u2019avi. \u2013I de l\u2019avi, qu\u00e8 em pots deixar, \u00e0via? No t\u00e9 pas espardenyes de set vetes?. -No, si vols les seves sabatilles de ciclista&#8230; All\u00f2 es va convertir en \u201cProblemes grans, grans problemes\u201d perqu\u00e8 la festa de carnestoltes era el dia seg\u00fcent i avui per avui els avis s\u2019han rejovenit tant d\u2019aspecte que ja no sembla gran ni la castanyera. Com a m\u00ednim no tenen aquella imatge sinistra de mitjans del segle passat. Per sort per ells i per a tots, tot el contrari. Sigui per les mentalitats molt m\u00e9s obertes sigui per les maneres de vestir, molt m\u00e9s modernes i acolorides, m\u00e9s que sovint i quan els m\u00e9s petits surten de l\u2019escola, mires els que els han vingut a buscar i et costa d\u00e9u i ajuda distingir entre pares i avis. Per aix\u00f2, el dia que els m\u00e9s menuts es van disfressar d\u2019avis van tirar molts anys enrere, amb vestits passats de moda, bastons pret\u00e8rits i ulleres de cul d\u2019ampolla que no recomanaria ni el pitjor dels oculistes actuals.<\/p>\n<p style=\"font-weight: 400;\">Hi va haver un temps \u2013quan les gallines tenien dents- que els avis explicaven contes a la vora del foc mentre les \u00e0vies feien mitja tamb\u00e9 a la voreta de les brases. Avui l\u2019avi va a c\u00f3rrer pel bosc d\u2019on es treia fa anys i panys la llenya i l\u2019\u00e0via, quan torna de la sessi\u00f3 d\u2019spinning al gimn\u00e0s de sota casa dalt d\u2019una bicicleta que a difer\u00e8ncia d\u2019ella, s\u00ed que \u00e9s est\u00e0tica, sent un desig que tamb\u00e9 t\u00e9 a veure amb la mitja. C\u00f3rrer la mitja marat\u00f3 de la capital del pa\u00eds. Veure\u2019ls aix\u00ed ens regala una enorme alegria. I per molts anys!<\/p>\n<p style=\"font-weight: 400;\">Joan Pinyol<\/p>\n","protected":false},"excerpt":{"rendered":"<p>Menys les pensions, per culpa d\u2019un govern de poca-soltes, la resta de les esperances dels nostres avis i \u00e0vies no paren de cr\u00e9ixer. I \u00e9s que mentre el nivell de vida retarda l\u2019emancipaci\u00f3 dels joves, els avis \u2013aquests pous inesgotables de saviesa i d\u2019experi\u00e8ncia que hi ha a les cases- \u00a0cada vegada se\u2019n van abans. [&hellip;]<\/p>\n","protected":false},"author":1,"featured_media":0,"comment_status":"open","ping_status":"closed","sticky":false,"template":"","format":"standard","meta":{"_bbp_topic_count":0,"_bbp_reply_count":0,"_bbp_total_topic_count":0,"_bbp_total_reply_count":0,"_bbp_voice_count":0,"_bbp_anonymous_reply_count":0,"_bbp_topic_count_hidden":0,"_bbp_reply_count_hidden":0,"_bbp_forum_subforum_count":0,"site-sidebar-layout":"default","site-content-layout":"","ast-site-content-layout":"","site-content-style":"default","site-sidebar-style":"default","ast-global-header-display":"","ast-banner-title-visibility":"","ast-main-header-display":"","ast-hfb-above-header-display":"","ast-hfb-below-header-display":"","ast-hfb-mobile-header-display":"","site-post-title":"","ast-breadcrumbs-content":"","ast-featured-img":"","footer-sml-layout":"","theme-transparent-header-meta":"","adv-header-id-meta":"","stick-header-meta":"","header-above-stick-meta":"","header-main-stick-meta":"","header-below-stick-meta":"","astra-migrate-meta-layouts":"default","ast-page-background-enabled":"default","ast-page-background-meta":{"desktop":{"background-color":"var(--ast-global-color-5)","background-image":"","background-repeat":"repeat","background-position":"center center","background-size":"auto","background-attachment":"scroll","background-type":"","background-media":"","overlay-type":"","overlay-color":"","overlay-opacity":"","overlay-gradient":""},"tablet":{"background-color":"","background-image":"","background-repeat":"repeat","background-position":"center center","background-size":"auto","background-attachment":"scroll","background-type":"","background-media":"","overlay-type":"","overlay-color":"","overlay-opacity":"","overlay-gradient":""},"mobile":{"background-color":"","background-image":"","background-repeat":"repeat","background-position":"center center","background-size":"auto","background-attachment":"scroll","background-type":"","background-media":"","overlay-type":"","overlay-color":"","overlay-opacity":"","overlay-gradient":""}},"ast-content-background-meta":{"desktop":{"background-color":"var(--ast-global-color-4)","background-image":"","background-repeat":"repeat","background-position":"center center","background-size":"auto","background-attachment":"scroll","background-type":"","background-media":"","overlay-type":"","overlay-color":"","overlay-opacity":"","overlay-gradient":""},"tablet":{"background-color":"var(--ast-global-color-4)","background-image":"","background-repeat":"repeat","background-position":"center center","background-size":"auto","background-attachment":"scroll","background-type":"","background-media":"","overlay-type":"","overlay-color":"","overlay-opacity":"","overlay-gradient":""},"mobile":{"background-color":"var(--ast-global-color-4)","background-image":"","background-repeat":"repeat","background-position":"center center","background-size":"auto","background-attachment":"scroll","background-type":"","background-media":"","overlay-type":"","overlay-color":"","overlay-opacity":"","overlay-gradient":""}},"footnotes":""},"categories":[224],"tags":[],"class_list":["post-2213","post","type-post","status-publish","format-standard","hentry","category-historic"],"post_mailing_queue_ids":[],"_links":{"self":[{"href":"https:\/\/agora.xtec.cat\/escmarquesdelapobla\/wp-json\/wp\/v2\/posts\/2213","targetHints":{"allow":["GET"]}}],"collection":[{"href":"https:\/\/agora.xtec.cat\/escmarquesdelapobla\/wp-json\/wp\/v2\/posts"}],"about":[{"href":"https:\/\/agora.xtec.cat\/escmarquesdelapobla\/wp-json\/wp\/v2\/types\/post"}],"author":[{"embeddable":true,"href":"https:\/\/agora.xtec.cat\/escmarquesdelapobla\/wp-json\/wp\/v2\/users\/1"}],"replies":[{"embeddable":true,"href":"https:\/\/agora.xtec.cat\/escmarquesdelapobla\/wp-json\/wp\/v2\/comments?post=2213"}],"version-history":[{"count":2,"href":"https:\/\/agora.xtec.cat\/escmarquesdelapobla\/wp-json\/wp\/v2\/posts\/2213\/revisions"}],"predecessor-version":[{"id":2215,"href":"https:\/\/agora.xtec.cat\/escmarquesdelapobla\/wp-json\/wp\/v2\/posts\/2213\/revisions\/2215"}],"wp:attachment":[{"href":"https:\/\/agora.xtec.cat\/escmarquesdelapobla\/wp-json\/wp\/v2\/media?parent=2213"}],"wp:term":[{"taxonomy":"category","embeddable":true,"href":"https:\/\/agora.xtec.cat\/escmarquesdelapobla\/wp-json\/wp\/v2\/categories?post=2213"},{"taxonomy":"post_tag","embeddable":true,"href":"https:\/\/agora.xtec.cat\/escmarquesdelapobla\/wp-json\/wp\/v2\/tags?post=2213"}],"curies":[{"name":"wp","href":"https:\/\/api.w.org\/{rel}","templated":true}]}}