{"id":2186,"date":"2018-03-06T12:25:53","date_gmt":"2018-03-06T11:25:53","guid":{"rendered":"http:\/\/agora.xtec.cat\/escmarquesdelapobla\/?p=2186"},"modified":"2020-11-08T13:56:05","modified_gmt":"2020-11-08T12:56:05","slug":"visita-a-la-casa-museu-de-pau-casals","status":"publish","type":"post","link":"https:\/\/agora.xtec.cat\/escmarquesdelapobla\/infantil\/visita-a-la-casa-museu-de-pau-casals\/","title":{"rendered":"Visita a la casa museu de Pau Casals"},"content":{"rendered":"<p>El cicle d\u2019educaci\u00f3 infantil, alumnes i mestres, hem fet una sortida al Vendrell a visitar la casa museu de Pau Casals.<br \/>\nEns hem endinsat en la seva m\u00fasica, a l\u2019\u00e8poca que va viure i a la seva manera de pensar. Els nens i nenes de P3 i P4 vam fer un taller on vam aprendre v\u00e0ries curiositats: el primer cello del Pau li va fer el seu pare amb una carbassa i nom\u00e9s tenia una corda, els violoncels tenen quatre cordes que sonen molt diferents: Una \u00e9s greu com el crit d\u2019un \u00f3s, l\u2019altra sembla m\u00e9s un cavall, la tercera ens recorda un conill i la darrera sona com un ocell. Els de P5 vam fer un altre taller on ens han explicat un conte a trav\u00e9s dels ocells amics de Pau Casals. Hem descobert la seva vida a trav\u00e9s de sons, m\u00fasica, can\u00e7ons i danses.<br \/>\nPau Casals va ser m\u00fasic, director, mestre&#8230; i va escampar els seus sons i anhels de pau i llibertat arreu del m\u00f3n.<br \/>\nLa seva casa al Vendrell, amb un balc\u00f3 impressionant al mar li era una molt bona font d\u2019inspiraci\u00f3.<br \/>\nI tamb\u00e9 ho ser\u00e0 per a nosaltres: avui hem descobert moltes coses plegats.<br \/>\n<a href=\"https:\/\/photos.app.goo.gl\/8ttJMlA5bS8al1pz2\"><img loading=\"lazy\" decoding=\"async\" class=\"alignnone size-large\" src=\"https:\/\/lh3.googleusercontent.com\/dfoyvzyVCdDBhyo-ZTvJbrkLqyQo2nE4Y1NR_89cFqLm4_lq7lLA5sACfK__VJMQHCjCDpuWu2VZiqBEGz58oolzmsTPRPNJ-xliJi7UzxmAO0G95gGmFBTO1odOuMiUGJ99K2tos-6M_0kNEI6uwPybIIKGJ0c1Afxa0Yx0BAafwt5pNy6CvSzrxT8RXCOid-wQSIdYj-9vbmeVzHgSq455W3OtmKyE4Nze0oiBVLIOnxvACwZnBuxasc2jcVTjbI1Hbvs4ukyfVDvWkjzXw9xinQMt_YMSsLsjMtD8L-ATj_zB0ZCvKmLSuPtdkkmB0D9BCvXu_UvCX6Mf4qbwjKLDRfmlCkopeK0JyDueheHuLc_5ZLAsG2st_K3Cujk2ZxFTV9WUY382jhObiR-brcmTfBDFKTTCZz_b9NEeIcu855GPrF2WvhSkoRSqA0tHMP5PiuonjbxYk7v4jj8678zFXfSXm4HhOnSkouNofpx-iOaPnzZl9z1T93UwIGEvOU3_rcttRKVNXaJ_z_qHNiWnbejIWPbHQ-cx5XLAgWJ-_qQW36LBYydxHsukem6z_yHOxxd0W5x5ynLUGn7lIIU0CvErsV8Sq5U1SalfSgzPalOd_SEJ7aXMSo01k6x4X71hP59Fw6RY4fxvegzh8QUuXxsEnh3L=w872-h654-no\" width=\"872\" height=\"654\" \/><\/a><\/p>\n","protected":false},"excerpt":{"rendered":"<p>El cicle d\u2019educaci\u00f3 infantil, alumnes i mestres, hem fet una sortida al Vendrell a visitar la casa museu de Pau Casals. Ens hem endinsat en la seva m\u00fasica, a l\u2019\u00e8poca que va viure i a la seva manera de pensar. Els nens i nenes de P3 i P4 vam fer un taller on vam aprendre [&hellip;]<\/p>\n","protected":false},"author":1,"featured_media":0,"comment_status":"open","ping_status":"closed","sticky":false,"template":"","format":"standard","meta":{"_bbp_topic_count":0,"_bbp_reply_count":0,"_bbp_total_topic_count":0,"_bbp_total_reply_count":0,"_bbp_voice_count":0,"_bbp_anonymous_reply_count":0,"_bbp_topic_count_hidden":0,"_bbp_reply_count_hidden":0,"_bbp_forum_subforum_count":0,"site-sidebar-layout":"default","site-content-layout":"","ast-site-content-layout":"","site-content-style":"default","site-sidebar-style":"default","ast-global-header-display":"","ast-banner-title-visibility":"","ast-main-header-display":"","ast-hfb-above-header-display":"","ast-hfb-below-header-display":"","ast-hfb-mobile-header-display":"","site-post-title":"","ast-breadcrumbs-content":"","ast-featured-img":"","footer-sml-layout":"","theme-transparent-header-meta":"","adv-header-id-meta":"","stick-header-meta":"","header-above-stick-meta":"","header-main-stick-meta":"","header-below-stick-meta":"","astra-migrate-meta-layouts":"default","ast-page-background-enabled":"default","ast-page-background-meta":{"desktop":{"background-color":"var(--ast-global-color-5)","background-image":"","background-repeat":"repeat","background-position":"center center","background-size":"auto","background-attachment":"scroll","background-type":"","background-media":"","overlay-type":"","overlay-color":"","overlay-opacity":"","overlay-gradient":""},"tablet":{"background-color":"","background-image":"","background-repeat":"repeat","background-position":"center center","background-size":"auto","background-attachment":"scroll","background-type":"","background-media":"","overlay-type":"","overlay-color":"","overlay-opacity":"","overlay-gradient":""},"mobile":{"background-color":"","background-image":"","background-repeat":"repeat","background-position":"center center","background-size":"auto","background-attachment":"scroll","background-type":"","background-media":"","overlay-type":"","overlay-color":"","overlay-opacity":"","overlay-gradient":""}},"ast-content-background-meta":{"desktop":{"background-color":"var(--ast-global-color-4)","background-image":"","background-repeat":"repeat","background-position":"center center","background-size":"auto","background-attachment":"scroll","background-type":"","background-media":"","overlay-type":"","overlay-color":"","overlay-opacity":"","overlay-gradient":""},"tablet":{"background-color":"var(--ast-global-color-4)","background-image":"","background-repeat":"repeat","background-position":"center center","background-size":"auto","background-attachment":"scroll","background-type":"","background-media":"","overlay-type":"","overlay-color":"","overlay-opacity":"","overlay-gradient":""},"mobile":{"background-color":"var(--ast-global-color-4)","background-image":"","background-repeat":"repeat","background-position":"center center","background-size":"auto","background-attachment":"scroll","background-type":"","background-media":"","overlay-type":"","overlay-color":"","overlay-opacity":"","overlay-gradient":""}},"footnotes":""},"categories":[224,3,8,9,2,74],"tags":[],"class_list":["post-2186","post","type-post","status-publish","format-standard","hentry","category-historic","category-i3","category-i4","category-i5","category-infantil","category-sortides"],"post_mailing_queue_ids":[],"_links":{"self":[{"href":"https:\/\/agora.xtec.cat\/escmarquesdelapobla\/wp-json\/wp\/v2\/posts\/2186","targetHints":{"allow":["GET"]}}],"collection":[{"href":"https:\/\/agora.xtec.cat\/escmarquesdelapobla\/wp-json\/wp\/v2\/posts"}],"about":[{"href":"https:\/\/agora.xtec.cat\/escmarquesdelapobla\/wp-json\/wp\/v2\/types\/post"}],"author":[{"embeddable":true,"href":"https:\/\/agora.xtec.cat\/escmarquesdelapobla\/wp-json\/wp\/v2\/users\/1"}],"replies":[{"embeddable":true,"href":"https:\/\/agora.xtec.cat\/escmarquesdelapobla\/wp-json\/wp\/v2\/comments?post=2186"}],"version-history":[{"count":3,"href":"https:\/\/agora.xtec.cat\/escmarquesdelapobla\/wp-json\/wp\/v2\/posts\/2186\/revisions"}],"predecessor-version":[{"id":8121,"href":"https:\/\/agora.xtec.cat\/escmarquesdelapobla\/wp-json\/wp\/v2\/posts\/2186\/revisions\/8121"}],"wp:attachment":[{"href":"https:\/\/agora.xtec.cat\/escmarquesdelapobla\/wp-json\/wp\/v2\/media?parent=2186"}],"wp:term":[{"taxonomy":"category","embeddable":true,"href":"https:\/\/agora.xtec.cat\/escmarquesdelapobla\/wp-json\/wp\/v2\/categories?post=2186"},{"taxonomy":"post_tag","embeddable":true,"href":"https:\/\/agora.xtec.cat\/escmarquesdelapobla\/wp-json\/wp\/v2\/tags?post=2186"}],"curies":[{"name":"wp","href":"https:\/\/api.w.org\/{rel}","templated":true}]}}