{"id":2165,"date":"2018-03-02T09:52:14","date_gmt":"2018-03-02T08:52:14","guid":{"rendered":"http:\/\/agora.xtec.cat\/escmarquesdelapobla\/?p=2165"},"modified":"2020-11-08T13:56:18","modified_gmt":"2020-11-08T12:56:18","slug":"me-lhe-deixada-a-casa-per-joan-pinyol-colom","status":"publish","type":"post","link":"https:\/\/agora.xtec.cat\/escmarquesdelapobla\/historic\/me-lhe-deixada-a-casa-per-joan-pinyol-colom\/","title":{"rendered":"ME L&#8217;HE DEIXADA A CASA,   per Joan Pinyol Colom"},"content":{"rendered":"<p style=\"font-weight: 400;\">\u201cNo fer l\u2019al\u00e7ada d\u2019un ca assegut\u201d \u00e9s una expressi\u00f3 balear que la setmana passada vam treballar a les classes de tercer d\u2019ESO del Pere Vives. Es refereix a aquella persona molt menuda, sigui per l\u2019edat, sigui per la talla o sigui per les dues coses alhora. I vam posar un exemple : \u201c<em>No feia l\u2019al\u00e7ada d\u2019un ca assegut i ja llegia qualsevol paper que li caigu\u00e9s a les mans\u201d<\/em>. \u00c9s a dir que la frase no t\u00e9 un car\u00e0cter insultant, tot el contrari. Ara b\u00e9, sovint la primera impressi\u00f3 de les criatures adolescents que omplen les aules de secund\u00e0ria \u00e9s assenyalar el fet per riure\u2019s d\u2019alg\u00fa, en aquest cas del m\u00e9s baixet de la classe, que tamb\u00e9 sovint queda encara m\u00e9s baixet perqu\u00e8 l\u2019encongeix la vergonya quan rep aquesta mena de \u00a0comentaris. Com que va passar en una de les quatre classes em vaig permetre de fer-los una reflexi\u00f3. El valor incommensurable d\u2019acceptar-se cadasc\u00fa tal com \u00e9s i d\u2019esvair qualsevol trauma que pugui provocar aquest fet. Perqu\u00e8 en el sorteig de les formes dels cossos, la natura ens n\u2019ha regalada una a cadasc\u00fa i, qui \u00e9s el bonic que diu que la seva \u00e9s la m\u00e9s maca? Una de les claus de la felicitat \u00e9s estar b\u00e9 amb un mateix, fins i tot en el reconeixement d\u2019alguns defectes. I encara els en vaig dir una de m\u00e9s grossa. Amb un to solemne vaig etzibar :\u00a0<em>\u201cEl m\u00e9s important a la vida \u00e9s estar b\u00e9 amb la teva parella\u201d<\/em>. N\u2019hi va haver un que no em va deixar acabar la frase i va exclamar : \u201c<em>I si no tens parella?\u201d<\/em>\u00a0I jo vaig respondre\u00a0 \u201c<em>La tens!<\/em>\u201d i vaig repetir el comen\u00e7ament i vaig acabar la frase :\u00a0<em>\u201cEl m\u00e9s important a la vida \u00e9s estar b\u00e9 amb la teva parella. I de parella possible nom\u00e9s n\u2019hi ha una de veritable. La que formes tu amb&#8230; tu mateix\u201d<\/em>. Si aquesta no funciona, no en pot funcionar cap altra m\u00e9s. I si aquesta va b\u00e9, la vida et somriu m\u00e9s.<\/p>\n<p style=\"font-weight: 400;\">Si aix\u00f2 \u00e9s una gran veritat en els m\u00e9s joves, que modulen encara el car\u00e0cter i la manera d\u2019anar pel m\u00f3n, tamb\u00e9 es pot aplicar en els no tan joves. I \u00e9s bo remarcar que si un accepta el seu cos en traur\u00e0 m\u00e9s partit i viur\u00e0 m\u00e9s harm\u00f2nicament que no pas si es passa el dia envejant els cossos dels altres i volent copiar maneres de vestir i de pentinar-se. I ja que hi som, jo sovint faig broma de la meva condici\u00f3 de calb i m\u2019alegro p\u00fablicament de tot el temps que no he de perdre en assecar-me i pentinar-me el cabell. Fins i tot deixo anar que no \u00e9s un problema meu perqu\u00e8 jo no em veig. En tot cas \u00e9s un problema dels que m\u2019envolten, que potser envegen que, a difer\u00e8ncia d\u2019ells, jo tingui un descapotable. De la mateixa manera, totes les bromes que alg\u00fa gosa fer-me en aquest sentit em rellisquen per sobre les orelles com les pues d\u2019un raspall. S\u00f3c aix\u00ed. La meva al\u00b7lop\u00e8cia no em provoca ni un p\u00e8l de vergonya i un dels llibres que sempre tinc a la cap\u00e7alera del llit \u00e9s<em>L\u2019Elogi de la calv\u00edcie<\/em>, del grec Sinesi de Cirene, que va morir al segle V i que considerava la calv\u00edcie com una virtut, gaireb\u00e9 com un regal dels d\u00e9us que comporta un munt d\u2019avantatges. Llegiu el llibre i els sabreu. Gr\u00e0cies d\u00e9us!<\/p>\n<p style=\"font-weight: 400;\">Per acabar-ho d\u2019adobar fa dos dimecres vaig ser testimoni al meu poble d\u2019un gest lloable per part d\u2019un capellad\u00ed que no tinc el gust de con\u00e8ixer, per\u00f2 que em va sorprendre molt gratament. Era a la porta de l\u2019escola Marqu\u00e8s de la Pobla i, com jo, va anar al centre a recollir els seus fills amb una particularitat. Amb crosses perqu\u00e8 li falta una cama. Doncs b\u00e9, quan la filera de nens i nenes de cinc anys va passar-li pel davant, la m\u00e9s atrevida, de nom Itzel, li va preguntar\u00a0<em>\u201cQue no tens cama?\u201d<\/em>\u00a0i ell va respondre :\u00a0<em>\u201cOstres, me l\u2019he deixada a casa!\u201d<\/em>\u00a0Ho vaig trobar tan brillant que una mica m\u00e9s i l\u2019abra\u00e7o i tot. Aquesta \u00e9s l\u2019actitud,. \u00e9s clar que s\u00ed!<\/p>\n","protected":false},"excerpt":{"rendered":"<p>\u201cNo fer l\u2019al\u00e7ada d\u2019un ca assegut\u201d \u00e9s una expressi\u00f3 balear que la setmana passada vam treballar a les classes de tercer d\u2019ESO del Pere Vives. Es refereix a aquella persona molt menuda, sigui per l\u2019edat, sigui per la talla o sigui per les dues coses alhora. I vam posar un exemple : \u201cNo feia l\u2019al\u00e7ada [&hellip;]<\/p>\n","protected":false},"author":1,"featured_media":0,"comment_status":"open","ping_status":"closed","sticky":false,"template":"","format":"standard","meta":{"_bbp_topic_count":0,"_bbp_reply_count":0,"_bbp_total_topic_count":0,"_bbp_total_reply_count":0,"_bbp_voice_count":0,"_bbp_anonymous_reply_count":0,"_bbp_topic_count_hidden":0,"_bbp_reply_count_hidden":0,"_bbp_forum_subforum_count":0,"site-sidebar-layout":"default","site-content-layout":"","ast-site-content-layout":"","site-content-style":"default","site-sidebar-style":"default","ast-global-header-display":"","ast-banner-title-visibility":"","ast-main-header-display":"","ast-hfb-above-header-display":"","ast-hfb-below-header-display":"","ast-hfb-mobile-header-display":"","site-post-title":"","ast-breadcrumbs-content":"","ast-featured-img":"","footer-sml-layout":"","theme-transparent-header-meta":"","adv-header-id-meta":"","stick-header-meta":"","header-above-stick-meta":"","header-main-stick-meta":"","header-below-stick-meta":"","astra-migrate-meta-layouts":"default","ast-page-background-enabled":"default","ast-page-background-meta":{"desktop":{"background-color":"var(--ast-global-color-5)","background-image":"","background-repeat":"repeat","background-position":"center center","background-size":"auto","background-attachment":"scroll","background-type":"","background-media":"","overlay-type":"","overlay-color":"","overlay-opacity":"","overlay-gradient":""},"tablet":{"background-color":"","background-image":"","background-repeat":"repeat","background-position":"center center","background-size":"auto","background-attachment":"scroll","background-type":"","background-media":"","overlay-type":"","overlay-color":"","overlay-opacity":"","overlay-gradient":""},"mobile":{"background-color":"","background-image":"","background-repeat":"repeat","background-position":"center center","background-size":"auto","background-attachment":"scroll","background-type":"","background-media":"","overlay-type":"","overlay-color":"","overlay-opacity":"","overlay-gradient":""}},"ast-content-background-meta":{"desktop":{"background-color":"var(--ast-global-color-4)","background-image":"","background-repeat":"repeat","background-position":"center center","background-size":"auto","background-attachment":"scroll","background-type":"","background-media":"","overlay-type":"","overlay-color":"","overlay-opacity":"","overlay-gradient":""},"tablet":{"background-color":"var(--ast-global-color-4)","background-image":"","background-repeat":"repeat","background-position":"center center","background-size":"auto","background-attachment":"scroll","background-type":"","background-media":"","overlay-type":"","overlay-color":"","overlay-opacity":"","overlay-gradient":""},"mobile":{"background-color":"var(--ast-global-color-4)","background-image":"","background-repeat":"repeat","background-position":"center center","background-size":"auto","background-attachment":"scroll","background-type":"","background-media":"","overlay-type":"","overlay-color":"","overlay-opacity":"","overlay-gradient":""}},"footnotes":""},"categories":[224],"tags":[],"class_list":["post-2165","post","type-post","status-publish","format-standard","hentry","category-historic"],"post_mailing_queue_ids":[],"_links":{"self":[{"href":"https:\/\/agora.xtec.cat\/escmarquesdelapobla\/wp-json\/wp\/v2\/posts\/2165","targetHints":{"allow":["GET"]}}],"collection":[{"href":"https:\/\/agora.xtec.cat\/escmarquesdelapobla\/wp-json\/wp\/v2\/posts"}],"about":[{"href":"https:\/\/agora.xtec.cat\/escmarquesdelapobla\/wp-json\/wp\/v2\/types\/post"}],"author":[{"embeddable":true,"href":"https:\/\/agora.xtec.cat\/escmarquesdelapobla\/wp-json\/wp\/v2\/users\/1"}],"replies":[{"embeddable":true,"href":"https:\/\/agora.xtec.cat\/escmarquesdelapobla\/wp-json\/wp\/v2\/comments?post=2165"}],"version-history":[{"count":3,"href":"https:\/\/agora.xtec.cat\/escmarquesdelapobla\/wp-json\/wp\/v2\/posts\/2165\/revisions"}],"predecessor-version":[{"id":8123,"href":"https:\/\/agora.xtec.cat\/escmarquesdelapobla\/wp-json\/wp\/v2\/posts\/2165\/revisions\/8123"}],"wp:attachment":[{"href":"https:\/\/agora.xtec.cat\/escmarquesdelapobla\/wp-json\/wp\/v2\/media?parent=2165"}],"wp:term":[{"taxonomy":"category","embeddable":true,"href":"https:\/\/agora.xtec.cat\/escmarquesdelapobla\/wp-json\/wp\/v2\/categories?post=2165"},{"taxonomy":"post_tag","embeddable":true,"href":"https:\/\/agora.xtec.cat\/escmarquesdelapobla\/wp-json\/wp\/v2\/tags?post=2165"}],"curies":[{"name":"wp","href":"https:\/\/api.w.org\/{rel}","templated":true}]}}