{"id":2066,"date":"2018-02-22T07:44:43","date_gmt":"2018-02-22T06:44:43","guid":{"rendered":"http:\/\/agora.xtec.cat\/escmarquesdelapobla\/?p=2066"},"modified":"2020-11-08T13:58:28","modified_gmt":"2020-11-08T12:58:28","slug":"millorem-el-pati","status":"publish","type":"post","link":"https:\/\/agora.xtec.cat\/escmarquesdelapobla\/patis\/millorem-el-pati\/","title":{"rendered":"Millorem el pati!"},"content":{"rendered":"<p>Com ja sabeu, estem treballant tots junts per millorar l&#8217;espai i el temps del pati.\u00a0Per aix\u00f2, els alumnes de sis\u00e8 hem iniciat uns espais ef\u00edmers amb activitats per realitzar a l&#8217;hora del pati.<\/p>\n<p>El primer espai que ja est\u00e0 en marxa \u00e9s l&#8217;<strong>Espai d&#8217;art<\/strong> on, cada dimarts de febrer, els nens i nenes poden pintar, dibuixar i crear com a complement als jocs del pati.<\/p>\n<p>Un exemple del que fem: El passat 13 de febrer vam preparar un taller de m\u00e0scares.<\/p>\n<p>Aqu\u00ed us deixem unes fotos de l&#8217;activitat.<\/p>\n<p style=\"text-align: right;\">Pr\u00f2ximament, us presentarem un nou espai&#8230; Qu\u00e8 ser\u00e0?<\/p>\n<p><a href=\"http:\/\/agora.xtec.cat\/escmarquesdelapobla\/wp-content\/uploads\/usu1682\/2018\/02\/IMG_20180213_105413-min.jpg\"><img loading=\"lazy\" decoding=\"async\" class=\"wp-image-2070 alignleft\" src=\"http:\/\/agora.xtec.cat\/escmarquesdelapobla\/wp-content\/uploads\/usu1682\/2018\/02\/IMG_20180213_105413-min-768x1024.jpg\" alt=\"\" width=\"316\" height=\"422\" srcset=\"https:\/\/agora.xtec.cat\/escmarquesdelapobla\/wp-content\/uploads\/usu1682\/2018\/02\/IMG_20180213_105413-min-768x1024.jpg 768w, https:\/\/agora.xtec.cat\/escmarquesdelapobla\/wp-content\/uploads\/usu1682\/2018\/02\/IMG_20180213_105413-min-225x300.jpg 225w\" sizes=\"auto, (max-width: 316px) 100vw, 316px\" \/><\/a> <a href=\"http:\/\/agora.xtec.cat\/escmarquesdelapobla\/wp-content\/uploads\/usu1682\/2018\/02\/IMG_20180213_105448-min.jpg\"><img loading=\"lazy\" decoding=\"async\" class=\"wp-image-2071 alignleft\" src=\"http:\/\/agora.xtec.cat\/escmarquesdelapobla\/wp-content\/uploads\/usu1682\/2018\/02\/IMG_20180213_105448-min-768x1024.jpg\" alt=\"\" width=\"315\" height=\"420\" srcset=\"https:\/\/agora.xtec.cat\/escmarquesdelapobla\/wp-content\/uploads\/usu1682\/2018\/02\/IMG_20180213_105448-min-768x1024.jpg 768w, https:\/\/agora.xtec.cat\/escmarquesdelapobla\/wp-content\/uploads\/usu1682\/2018\/02\/IMG_20180213_105448-min-225x300.jpg 225w\" sizes=\"auto, (max-width: 315px) 100vw, 315px\" \/><\/a><\/p>\n<p>&nbsp;<\/p>\n<p>&nbsp;<\/p>\n","protected":false},"excerpt":{"rendered":"<p>Com ja sabeu, estem treballant tots junts per millorar l&#8217;espai i el temps del pati.\u00a0Per aix\u00f2, els alumnes de sis\u00e8 hem iniciat uns espais ef\u00edmers amb activitats per realitzar a l&#8217;hora del pati. El primer espai que ja est\u00e0 en marxa \u00e9s l&#8217;Espai d&#8217;art on, cada dimarts de febrer, els nens i nenes poden pintar, [&hellip;]<\/p>\n","protected":false},"author":1,"featured_media":0,"comment_status":"open","ping_status":"closed","sticky":false,"template":"","format":"standard","meta":{"_bbp_topic_count":0,"_bbp_reply_count":0,"_bbp_total_topic_count":0,"_bbp_total_reply_count":0,"_bbp_voice_count":0,"_bbp_anonymous_reply_count":0,"_bbp_topic_count_hidden":0,"_bbp_reply_count_hidden":0,"_bbp_forum_subforum_count":0,"site-sidebar-layout":"default","site-content-layout":"","ast-site-content-layout":"","site-content-style":"default","site-sidebar-style":"default","ast-global-header-display":"","ast-banner-title-visibility":"","ast-main-header-display":"","ast-hfb-above-header-display":"","ast-hfb-below-header-display":"","ast-hfb-mobile-header-display":"","site-post-title":"","ast-breadcrumbs-content":"","ast-featured-img":"","footer-sml-layout":"","theme-transparent-header-meta":"","adv-header-id-meta":"","stick-header-meta":"","header-above-stick-meta":"","header-main-stick-meta":"","header-below-stick-meta":"","astra-migrate-meta-layouts":"default","ast-page-background-enabled":"default","ast-page-background-meta":{"desktop":{"background-color":"var(--ast-global-color-5)","background-image":"","background-repeat":"repeat","background-position":"center center","background-size":"auto","background-attachment":"scroll","background-type":"","background-media":"","overlay-type":"","overlay-color":"","overlay-opacity":"","overlay-gradient":""},"tablet":{"background-color":"","background-image":"","background-repeat":"repeat","background-position":"center center","background-size":"auto","background-attachment":"scroll","background-type":"","background-media":"","overlay-type":"","overlay-color":"","overlay-opacity":"","overlay-gradient":""},"mobile":{"background-color":"","background-image":"","background-repeat":"repeat","background-position":"center center","background-size":"auto","background-attachment":"scroll","background-type":"","background-media":"","overlay-type":"","overlay-color":"","overlay-opacity":"","overlay-gradient":""}},"ast-content-background-meta":{"desktop":{"background-color":"var(--ast-global-color-4)","background-image":"","background-repeat":"repeat","background-position":"center center","background-size":"auto","background-attachment":"scroll","background-type":"","background-media":"","overlay-type":"","overlay-color":"","overlay-opacity":"","overlay-gradient":""},"tablet":{"background-color":"var(--ast-global-color-4)","background-image":"","background-repeat":"repeat","background-position":"center center","background-size":"auto","background-attachment":"scroll","background-type":"","background-media":"","overlay-type":"","overlay-color":"","overlay-opacity":"","overlay-gradient":""},"mobile":{"background-color":"var(--ast-global-color-4)","background-image":"","background-repeat":"repeat","background-position":"center center","background-size":"auto","background-attachment":"scroll","background-type":"","background-media":"","overlay-type":"","overlay-color":"","overlay-opacity":"","overlay-gradient":""}},"footnotes":""},"categories":[224,100],"tags":[],"class_list":["post-2066","post","type-post","status-publish","format-standard","hentry","category-historic","category-patis"],"post_mailing_queue_ids":[],"_links":{"self":[{"href":"https:\/\/agora.xtec.cat\/escmarquesdelapobla\/wp-json\/wp\/v2\/posts\/2066","targetHints":{"allow":["GET"]}}],"collection":[{"href":"https:\/\/agora.xtec.cat\/escmarquesdelapobla\/wp-json\/wp\/v2\/posts"}],"about":[{"href":"https:\/\/agora.xtec.cat\/escmarquesdelapobla\/wp-json\/wp\/v2\/types\/post"}],"author":[{"embeddable":true,"href":"https:\/\/agora.xtec.cat\/escmarquesdelapobla\/wp-json\/wp\/v2\/users\/1"}],"replies":[{"embeddable":true,"href":"https:\/\/agora.xtec.cat\/escmarquesdelapobla\/wp-json\/wp\/v2\/comments?post=2066"}],"version-history":[{"count":3,"href":"https:\/\/agora.xtec.cat\/escmarquesdelapobla\/wp-json\/wp\/v2\/posts\/2066\/revisions"}],"predecessor-version":[{"id":8130,"href":"https:\/\/agora.xtec.cat\/escmarquesdelapobla\/wp-json\/wp\/v2\/posts\/2066\/revisions\/8130"}],"wp:attachment":[{"href":"https:\/\/agora.xtec.cat\/escmarquesdelapobla\/wp-json\/wp\/v2\/media?parent=2066"}],"wp:term":[{"taxonomy":"category","embeddable":true,"href":"https:\/\/agora.xtec.cat\/escmarquesdelapobla\/wp-json\/wp\/v2\/categories?post=2066"},{"taxonomy":"post_tag","embeddable":true,"href":"https:\/\/agora.xtec.cat\/escmarquesdelapobla\/wp-json\/wp\/v2\/tags?post=2066"}],"curies":[{"name":"wp","href":"https:\/\/api.w.org\/{rel}","templated":true}]}}