{"id":1781,"date":"2018-01-25T16:20:48","date_gmt":"2018-01-25T15:20:48","guid":{"rendered":"http:\/\/agora.xtec.cat\/escmarquesdelapobla\/?p=1781"},"modified":"2021-01-15T22:41:40","modified_gmt":"2021-01-15T21:41:40","slug":"petits-i-grans-cantem-per-la-pau-2","status":"publish","type":"post","link":"https:\/\/agora.xtec.cat\/escmarquesdelapobla\/celebracions\/petits-i-grans-cantem-per-la-pau-2\/","title":{"rendered":"PETITS I GRANS CANTEM PER LA PAU"},"content":{"rendered":"<p>&nbsp;<\/p>\n<p>El proper dimarts dia 30 de gener a les 12 del migdia ens trobarem amb el lema &#8220;Petits i grans amb la pau&#8221;. Ens podreu acompanyar un any m\u00e9s tot reflexionant i cantant per la pau.<br \/>\nAquest \u00e9s l&#8217;enlla\u00e7 de la can\u00e7\u00f3 &#8220;Somnis d&#8217;infant&#8221; que cantarem plegats i que podeu repassar en fam\u00edlia:<br \/>\n<a href=\"https:\/\/www.youtube.com\/watch?v=07LrMpHNq1o\">https:\/\/www.youtube.com\/watch?v=07LrMpHNq1o<iframe loading=\"lazy\" src=\"https:\/\/www.youtube.com\/embed\/07LrMpHNq1o\" width=\"280\" height=\"160\" frameborder=\"0\"><\/iframe><\/a><\/p>\n","protected":false},"excerpt":{"rendered":"<p>&nbsp; El proper dimarts dia 30 de gener a les 12 del migdia ens trobarem amb el lema &#8220;Petits i grans amb la pau&#8221;. Ens podreu acompanyar un any m\u00e9s tot reflexionant i cantant per la pau. Aquest \u00e9s l&#8217;enlla\u00e7 de la can\u00e7\u00f3 &#8220;Somnis d&#8217;infant&#8221; que cantarem plegats i que podeu repassar en fam\u00edlia: https:\/\/www.youtube.com\/watch?v=07LrMpHNq1o<\/p>\n","protected":false},"author":1,"featured_media":0,"comment_status":"open","ping_status":"closed","sticky":false,"template":"","format":"standard","meta":{"_bbp_topic_count":0,"_bbp_reply_count":0,"_bbp_total_topic_count":0,"_bbp_total_reply_count":0,"_bbp_voice_count":0,"_bbp_anonymous_reply_count":0,"_bbp_topic_count_hidden":0,"_bbp_reply_count_hidden":0,"_bbp_forum_subforum_count":0,"site-sidebar-layout":"default","site-content-layout":"","ast-site-content-layout":"","site-content-style":"default","site-sidebar-style":"default","ast-global-header-display":"","ast-banner-title-visibility":"","ast-main-header-display":"","ast-hfb-above-header-display":"","ast-hfb-below-header-display":"","ast-hfb-mobile-header-display":"","site-post-title":"","ast-breadcrumbs-content":"","ast-featured-img":"","footer-sml-layout":"","theme-transparent-header-meta":"","adv-header-id-meta":"","stick-header-meta":"","header-above-stick-meta":"","header-main-stick-meta":"","header-below-stick-meta":"","astra-migrate-meta-layouts":"default","ast-page-background-enabled":"default","ast-page-background-meta":{"desktop":{"background-color":"var(--ast-global-color-5)","background-image":"","background-repeat":"repeat","background-position":"center center","background-size":"auto","background-attachment":"scroll","background-type":"","background-media":"","overlay-type":"","overlay-color":"","overlay-opacity":"","overlay-gradient":""},"tablet":{"background-color":"","background-image":"","background-repeat":"repeat","background-position":"center center","background-size":"auto","background-attachment":"scroll","background-type":"","background-media":"","overlay-type":"","overlay-color":"","overlay-opacity":"","overlay-gradient":""},"mobile":{"background-color":"","background-image":"","background-repeat":"repeat","background-position":"center center","background-size":"auto","background-attachment":"scroll","background-type":"","background-media":"","overlay-type":"","overlay-color":"","overlay-opacity":"","overlay-gradient":""}},"ast-content-background-meta":{"desktop":{"background-color":"var(--ast-global-color-4)","background-image":"","background-repeat":"repeat","background-position":"center center","background-size":"auto","background-attachment":"scroll","background-type":"","background-media":"","overlay-type":"","overlay-color":"","overlay-opacity":"","overlay-gradient":""},"tablet":{"background-color":"var(--ast-global-color-4)","background-image":"","background-repeat":"repeat","background-position":"center center","background-size":"auto","background-attachment":"scroll","background-type":"","background-media":"","overlay-type":"","overlay-color":"","overlay-opacity":"","overlay-gradient":""},"mobile":{"background-color":"var(--ast-global-color-4)","background-image":"","background-repeat":"repeat","background-position":"center center","background-size":"auto","background-attachment":"scroll","background-type":"","background-media":"","overlay-type":"","overlay-color":"","overlay-opacity":"","overlay-gradient":""}},"footnotes":""},"categories":[55,228,224],"tags":[],"class_list":["post-1781","post","type-post","status-publish","format-standard","hentry","category-celebracions","category-dia-de-la-pau","category-historic"],"post_mailing_queue_ids":[],"_links":{"self":[{"href":"https:\/\/agora.xtec.cat\/escmarquesdelapobla\/wp-json\/wp\/v2\/posts\/1781","targetHints":{"allow":["GET"]}}],"collection":[{"href":"https:\/\/agora.xtec.cat\/escmarquesdelapobla\/wp-json\/wp\/v2\/posts"}],"about":[{"href":"https:\/\/agora.xtec.cat\/escmarquesdelapobla\/wp-json\/wp\/v2\/types\/post"}],"author":[{"embeddable":true,"href":"https:\/\/agora.xtec.cat\/escmarquesdelapobla\/wp-json\/wp\/v2\/users\/1"}],"replies":[{"embeddable":true,"href":"https:\/\/agora.xtec.cat\/escmarquesdelapobla\/wp-json\/wp\/v2\/comments?post=1781"}],"version-history":[{"count":4,"href":"https:\/\/agora.xtec.cat\/escmarquesdelapobla\/wp-json\/wp\/v2\/posts\/1781\/revisions"}],"predecessor-version":[{"id":8145,"href":"https:\/\/agora.xtec.cat\/escmarquesdelapobla\/wp-json\/wp\/v2\/posts\/1781\/revisions\/8145"}],"wp:attachment":[{"href":"https:\/\/agora.xtec.cat\/escmarquesdelapobla\/wp-json\/wp\/v2\/media?parent=1781"}],"wp:term":[{"taxonomy":"category","embeddable":true,"href":"https:\/\/agora.xtec.cat\/escmarquesdelapobla\/wp-json\/wp\/v2\/categories?post=1781"},{"taxonomy":"post_tag","embeddable":true,"href":"https:\/\/agora.xtec.cat\/escmarquesdelapobla\/wp-json\/wp\/v2\/tags?post=1781"}],"curies":[{"name":"wp","href":"https:\/\/api.w.org\/{rel}","templated":true}]}}