{"id":1680,"date":"2018-01-24T16:21:09","date_gmt":"2018-01-24T15:21:09","guid":{"rendered":"http:\/\/blocs.xtec.cat\/marquesdelapobla\/?p=1680"},"modified":"2020-11-08T14:02:56","modified_gmt":"2020-11-08T13:02:56","slug":"assemblea-de-representants","status":"publish","type":"post","link":"https:\/\/agora.xtec.cat\/escmarquesdelapobla\/info\/assemblea-de-representants\/","title":{"rendered":"Assemblea de representants."},"content":{"rendered":"<p>ELS I LES REPRESENTANTS DE LES CLASSES DE PRIM\u00c0RIA ENS REUNIM PER FER UNA ASSEMBLEA.<\/p>\n<p>El dijous 18 de gener despr\u00e9s del pati ens vam reunir representants de 1r a 6\u00e8. \u00a0En aquesta trobada vam parlar de coses que hem fet i farem a l\u2019escola i altres aspectes que entre tots podem millorar.<\/p>\n<p><img loading=\"lazy\" decoding=\"async\" class=\"aligncenter size-large wp-image-1681\" src=\"http:\/\/blocs.xtec.cat\/marquesdelapobla\/files\/2018\/01\/IMG-20180119-WA0000-1024x768.jpg\" alt=\"\" width=\"440\" height=\"330\" \/><\/p>\n<p>Ens vam comprometre a no oblidar-nos del bon dia, bona tarda o saludar-nos quan ens trobem i a millorar el respecte entre tots i totes una mica m\u00e9s. Vam anar a veure espais del pati on s\u2019hi estan fent canvis. Tamb\u00e9 els murals de l\u2019entrada de l\u2019edifici sobre l\u2019eix d\u2019aquest curs i tamb\u00e9 ens vam asseure per parlar de coses que ens inquieten o proposem de millorar.<img loading=\"lazy\" decoding=\"async\" class=\"aligncenter size-large wp-image-1682\" src=\"http:\/\/blocs.xtec.cat\/marquesdelapobla\/files\/2018\/01\/IMG-20180119-WA0004-1024x768.jpg\" alt=\"\" width=\"280\" height=\"160\" \/><\/p>\n<p>Vam parlar molta estona petits i grans, respectant-nos el torn de paraula i el que s\u00ed ens va quedar molt clar \u00e9s que hem de tenir m\u00e9s cura de tot i estimar molt l\u2019escola ja que \u00e9s la manera que ens hi sentim b\u00e9, que les coses es vagin fent i ens durin molt.<\/p>\n<p>Es va fer l\u2019hora i cadasc\u00fa va tornar cap a la seva aula molt satisfets i amb el comprom\u00eds de retornar la informaci\u00f3 als nostres companys i companyes.<\/p>\n","protected":false},"excerpt":{"rendered":"<p>ELS I LES REPRESENTANTS DE LES CLASSES DE PRIM\u00c0RIA ENS REUNIM PER FER UNA ASSEMBLEA. El dijous 18 de gener despr\u00e9s del pati ens vam reunir representants de 1r a 6\u00e8. \u00a0En aquesta trobada vam parlar de coses que hem fet i farem a l\u2019escola i altres aspectes que entre tots podem millorar. Ens vam [&hellip;]<\/p>\n","protected":false},"author":1,"featured_media":0,"comment_status":"open","ping_status":"closed","sticky":false,"template":"","format":"standard","meta":{"_bbp_topic_count":0,"_bbp_reply_count":0,"_bbp_total_topic_count":0,"_bbp_total_reply_count":0,"_bbp_voice_count":0,"_bbp_anonymous_reply_count":0,"_bbp_topic_count_hidden":0,"_bbp_reply_count_hidden":0,"_bbp_forum_subforum_count":0,"site-sidebar-layout":"default","site-content-layout":"","ast-site-content-layout":"","site-content-style":"default","site-sidebar-style":"default","ast-global-header-display":"","ast-banner-title-visibility":"","ast-main-header-display":"","ast-hfb-above-header-display":"","ast-hfb-below-header-display":"","ast-hfb-mobile-header-display":"","site-post-title":"","ast-breadcrumbs-content":"","ast-featured-img":"","footer-sml-layout":"","theme-transparent-header-meta":"","adv-header-id-meta":"","stick-header-meta":"","header-above-stick-meta":"","header-main-stick-meta":"","header-below-stick-meta":"","astra-migrate-meta-layouts":"default","ast-page-background-enabled":"default","ast-page-background-meta":{"desktop":{"background-color":"var(--ast-global-color-5)","background-image":"","background-repeat":"repeat","background-position":"center center","background-size":"auto","background-attachment":"scroll","background-type":"","background-media":"","overlay-type":"","overlay-color":"","overlay-opacity":"","overlay-gradient":""},"tablet":{"background-color":"","background-image":"","background-repeat":"repeat","background-position":"center center","background-size":"auto","background-attachment":"scroll","background-type":"","background-media":"","overlay-type":"","overlay-color":"","overlay-opacity":"","overlay-gradient":""},"mobile":{"background-color":"","background-image":"","background-repeat":"repeat","background-position":"center center","background-size":"auto","background-attachment":"scroll","background-type":"","background-media":"","overlay-type":"","overlay-color":"","overlay-opacity":"","overlay-gradient":""}},"ast-content-background-meta":{"desktop":{"background-color":"var(--ast-global-color-4)","background-image":"","background-repeat":"repeat","background-position":"center center","background-size":"auto","background-attachment":"scroll","background-type":"","background-media":"","overlay-type":"","overlay-color":"","overlay-opacity":"","overlay-gradient":""},"tablet":{"background-color":"var(--ast-global-color-4)","background-image":"","background-repeat":"repeat","background-position":"center center","background-size":"auto","background-attachment":"scroll","background-type":"","background-media":"","overlay-type":"","overlay-color":"","overlay-opacity":"","overlay-gradient":""},"mobile":{"background-color":"var(--ast-global-color-4)","background-image":"","background-repeat":"repeat","background-position":"center center","background-size":"auto","background-attachment":"scroll","background-type":"","background-media":"","overlay-type":"","overlay-color":"","overlay-opacity":"","overlay-gradient":""}},"footnotes":""},"categories":[224,79],"tags":[],"class_list":["post-1680","post","type-post","status-publish","format-standard","hentry","category-historic","category-info"],"post_mailing_queue_ids":[],"_links":{"self":[{"href":"https:\/\/agora.xtec.cat\/escmarquesdelapobla\/wp-json\/wp\/v2\/posts\/1680","targetHints":{"allow":["GET"]}}],"collection":[{"href":"https:\/\/agora.xtec.cat\/escmarquesdelapobla\/wp-json\/wp\/v2\/posts"}],"about":[{"href":"https:\/\/agora.xtec.cat\/escmarquesdelapobla\/wp-json\/wp\/v2\/types\/post"}],"author":[{"embeddable":true,"href":"https:\/\/agora.xtec.cat\/escmarquesdelapobla\/wp-json\/wp\/v2\/users\/1"}],"replies":[{"embeddable":true,"href":"https:\/\/agora.xtec.cat\/escmarquesdelapobla\/wp-json\/wp\/v2\/comments?post=1680"}],"version-history":[{"count":2,"href":"https:\/\/agora.xtec.cat\/escmarquesdelapobla\/wp-json\/wp\/v2\/posts\/1680\/revisions"}],"predecessor-version":[{"id":1902,"href":"https:\/\/agora.xtec.cat\/escmarquesdelapobla\/wp-json\/wp\/v2\/posts\/1680\/revisions\/1902"}],"wp:attachment":[{"href":"https:\/\/agora.xtec.cat\/escmarquesdelapobla\/wp-json\/wp\/v2\/media?parent=1680"}],"wp:term":[{"taxonomy":"category","embeddable":true,"href":"https:\/\/agora.xtec.cat\/escmarquesdelapobla\/wp-json\/wp\/v2\/categories?post=1680"},{"taxonomy":"post_tag","embeddable":true,"href":"https:\/\/agora.xtec.cat\/escmarquesdelapobla\/wp-json\/wp\/v2\/tags?post=1680"}],"curies":[{"name":"wp","href":"https:\/\/api.w.org\/{rel}","templated":true}]}}