{"id":1514,"date":"2017-06-26T11:00:50","date_gmt":"2017-06-26T09:00:50","guid":{"rendered":"http:\/\/blocs.xtec.cat\/marquesdelapobla\/?p=1514"},"modified":"2020-11-08T14:13:28","modified_gmt":"2020-11-08T13:13:28","slug":"llibres-de-text-per-al-curs-201718","status":"publish","type":"post","link":"https:\/\/agora.xtec.cat\/escmarquesdelapobla\/info\/llibres-de-text-per-al-curs-201718\/","title":{"rendered":"Llibres de text per al curs 2017\/18"},"content":{"rendered":"<p><strong>RELACI\u00d3 DE QUADERNS CURS 2017-2018<\/strong><\/p>\n<p><strong>EDUCACI\u00d3 INFANTIL: P-3<\/strong><\/p>\n<p>Grafilletres 1 ISBN-: 978-84-661-3397-5<br \/>\nEd. Cru\u00eflla<\/p>\n<p>Agenda escolar La pr\u00f2pia del centre per<br \/>\neducaci\u00f3 infantil.<\/p>\n<p><strong>EDUCACI\u00d3 INFANTIL: P-4<\/strong><\/p>\n<p>Grafilletres 2<\/p>\n<p>ISBN: 978-84-661-3398-2 Ed. Cru\u00eflla<\/p>\n<p>Agenda escolar La pr\u00f2pia del centre per<br \/>\neducaci\u00f3 infantil<\/p>\n<p><strong>EDUCACI\u00d3 INFANTIL: P-5<\/strong><\/p>\n<p>Grafilletres 3 ISBN: 978-84-661-3399-9 Ed. Cru\u00eflla<\/p>\n<p>Agenda escolar<\/p>\n<p>La pr\u00f2pia del centre per educaci\u00f3 infantil.<\/p>\n<p><!--more--><\/p>\n<p><strong><u>EDUCACI\u00d3 PRIM\u00c0RIA: PRIMER DE CICLE INICIAL (1r)<\/u><\/strong><\/p>\n<table>\n<tbody>\n<tr>\n<td width=\"671\">&nbsp;<\/p>\n<p><strong><u>NO COMPRAR<\/u><\/strong>: LLIBRES SOCIALITZATS<\/p>\n<p>Llengua Catalana\u00a0\u00a0\u00a0\u00a0\u00a0\u00a0\u00a0\u00a0\u00a0\u00a0\u00a0\u00a0\u00a0 <strong>Lectures. Nou Bufi 1<\/strong>\u00a0\u00a0\u00a0\u00a0\u00a0\u00a0\u00a0\u00a0\u00a0\u00a0 \u00a0\u00a0\u00a0\u00a0\u00a0Ed. Vicens Vives<\/p>\n<p>ISBN: 978-84-316-1073-9<\/p>\n<p>Llengua\u00a0 Castellana\u00a0\u00a0\u00a0\u00a0\u00a0\u00a0\u00a0\u00a0\u00a0\u00a0 <strong>Lengua. Escuchar y hablar 1<\/strong>\u00a0 \u00a0Ed. Teide<\/p>\n<p>Projecte Tornasol<\/p>\n<p>ISBN: 978-84-307-7504-0<\/p>\n<p>&nbsp;<\/td>\n<\/tr>\n<\/tbody>\n<\/table>\n<p>&nbsp;<\/p>\n<table>\n<tbody>\n<tr>\n<td width=\"168\">Llengua Anglesa<\/td>\n<td width=\"293\"><strong>GREAT EXPLORERS 1 <\/strong><\/p>\n<p>Class Book <strong>(sense grapa)<\/strong><\/p>\n<p>ISBN <strong>\u00a0<\/strong>97 801 945 0708 0<\/td>\n<td width=\"210\">Ed. Oxford University Press<\/td>\n<\/tr>\n<tr>\n<td width=\"168\">Matem\u00e0tiques<\/td>\n<td width=\"293\"><strong>Matem\u00e0tiques 1<\/strong><\/p>\n<p><strong>Aula Activa<\/strong> \u00a0(paquet de 3)<\/p>\n<p>ISBN: 978-84-682-1534-1<\/td>\n<td width=\"210\">Ed. Vicens Vives<\/p>\n<p>&nbsp;<\/td>\n<\/tr>\n<tr>\n<td width=\"168\">M\u00fasica (<strong>nou<\/strong>)<\/td>\n<td width=\"293\"><strong>M\u00fasica C.I. 1<\/strong><\/p>\n<p><strong>Can\u00e7ons, audicions i excercicis<\/strong><\/p>\n<p>ISBN: 978-84-9883-507-6<\/p>\n<p>&nbsp;<\/td>\n<td width=\"210\">P.A. Montserrat<\/td>\n<\/tr>\n<tr>\n<td width=\"168\">Agenda escolar<\/td>\n<td width=\"293\"><\/td>\n<td width=\"210\">La pr\u00f2pia del centre<\/p>\n<p>&nbsp;<\/td>\n<\/tr>\n<\/tbody>\n<\/table>\n<p>Els llibres de Llengua Catalana i Llengua Castellana de 1CI no cal comprar-los ja que s\u00f3n socialitzats. Els tindrem a l\u2019escola i es deixaran en pr\u00e9stec per a cada alumne\/a.<\/p>\n<p><strong><u>EDUCACI\u00d3 PRIM\u00c0RIA: SEGON DE CICLE INICIAL (2n)<\/u><\/strong><\/p>\n<table>\n<tbody>\n<tr>\n<td width=\"672\"><strong><u>NO COMPRAR<\/u><\/strong><strong>: LLIBRE SOCIALITZAT<\/strong><\/p>\n<p>&nbsp;<\/p>\n<p>Llengua Catalana\u00a0\u00a0\u00a0\u00a0\u00a0\u00a0\u00a0\u00a0\u00a0\u00a0\u00a0\u00a0\u00a0 <strong>Lectures. Nou Bufi 2<\/strong> \u00a0\u00a0\u00a0\u00a0\u00a0\u00a0\u00a0\u00a0\u00a0\u00a0Ed. Vicens Vives<\/p>\n<p>ISBN:978-84-316-1180-4<\/td>\n<\/tr>\n<\/tbody>\n<\/table>\n<p>&nbsp;<\/p>\n<table>\n<tbody>\n<tr>\n<td width=\"206\">LlenguaCastellana(<strong>NOU<\/strong>)<\/td>\n<td width=\"265\"><strong>CHIMPA 2 Lengua Castellana<\/strong><\/p>\n<p><strong>Aula Activa Libro 1,2,3<\/strong><\/p>\n<p>ISBN:978-84-682-29768<\/td>\n<td width=\"201\">Ed. Vicens Vives<\/p>\n<p>&nbsp;<\/td>\n<\/tr>\n<tr>\n<td width=\"206\">Llengua Anglesa<\/td>\n<td width=\"265\"><strong>GREAT EXPLORERS<\/strong> <strong>2<\/strong><\/p>\n<p>Class Book (<strong>sense grapa<\/strong>)<\/p>\n<p>&nbsp;<\/p>\n<p>ISBN\u00a0\u00a0 <strong>978 01 945 0730 1<\/strong><\/td>\n<td width=\"201\">Oxford University Press<\/td>\n<\/tr>\n<tr>\n<td width=\"206\">Matem\u00e0tiques (<strong>NOU<\/strong>)<\/td>\n<td width=\"265\"><strong>Matem\u00e0tiques 2<\/strong><\/p>\n<p><strong>Aula Activa (Paquet de 3)<\/strong><\/p>\n<p>ISBN:978-84-682-2882-2<\/td>\n<td width=\"201\">Ed. Vicens Vives<\/p>\n<p>&nbsp;<\/p>\n<p>&nbsp;<\/td>\n<\/tr>\n<tr>\n<td width=\"206\">M\u00fasica<\/p>\n<p>(Ja el tenen del curs passat a l\u2019escola)<\/td>\n<td width=\"265\"><strong>M\u00fasica C.I. 1<\/strong><\/p>\n<p>ISBN: 978-84-8415-219-4 o b\u00e9<\/p>\n<p>ISBN: 978-84-9883-836-7<\/td>\n<td width=\"201\">P.A. Montserrat<\/td>\n<\/tr>\n<tr>\n<td width=\"206\">Agenda escolar<\/td>\n<td width=\"265\">&nbsp;<\/p>\n<p>&nbsp;<\/td>\n<td width=\"201\">La pr\u00f2pia del centre<\/td>\n<\/tr>\n<\/tbody>\n<\/table>\n<p>El llibre de Lectures de Llengua Catalana 2CI no cal comprar-lo ja que \u00e9s socialitzat. El tindrem a l\u2019escola i es deixar\u00e0 en pr\u00e9stec per a cada alumne\/a.<\/p>\n<p><strong><u>EDUCACI\u00d3 PRIM\u00c0RIA: PRIMER DE CICLE MITJ\u00c0 (3r)<\/u><\/strong><\/p>\n<table width=\"681\">\n<tbody>\n<tr>\n<td width=\"681\"><strong><u>NO COMPRAR<\/u><\/strong><strong>: LLIBRES SOCIALITZATS<\/strong><\/p>\n<p>Llengua Catalana \u00a0\u00a0\u00a0\u00a0\u00a0\u00a0\u00a0\u00a0\u00a0\u00a0\u00a0\u00a0\u00a0\u00a0<strong>LLENGUA CATALANA 3r-Constru\u00efm <\/strong>Ed. Cru\u00eflla 2014<\/p>\n<p>ISBN:978-84-661-34583<\/p>\n<p>Llengua Castellana \u00a0\u00a0\u00a0\u00a0\u00a0\u00a0\u00a0\u00a0\u00a0\u00a0\u00a0\u00a0<strong>LLENGUA CASTELLANA 3\u00ba-Constru\u00efm<\/strong>\u00a0 Ed. Cru\u00eflla 2014<\/p>\n<p>ISBN: 978-84-66134590<\/p>\n<p>Coneixement del medi\u00a0\u00a0\u00a0\u00a0\u00a0\u00a0\u00a0 <strong>CONEIXEMENT DEL MEDI 3r-Constru\u00efm <\/strong>Ed. Cru\u00eflla 2014<\/p>\n<p>ISBN: 978-84-66135788<\/p>\n<p>Llengua Anglesa\u00a0\u00a0\u00a0\u00a0\u00a0\u00a0\u00a0\u00a0\u00a0\u00a0\u00a0\u00a0\u00a0\u00a0\u00a0 <strong>GREAT EXPLORERS 3<\/strong>\u00a0\u00a0\u00a0\u00a0 Oxford University Press<\/p>\n<p>Class Book<\/p>\n<p>ISBN: 978-0-19-450749-3<\/p>\n<p>M\u00fasica\u00a0\u00a0\u00a0\u00a0\u00a0\u00a0\u00a0\u00a0\u00a0\u00a0\u00a0\u00a0\u00a0\u00a0\u00a0\u00a0\u00a0\u00a0\u00a0\u00a0 \u00a0\u00a0\u00a0\u00a0\u00a0\u00a0\u00a0\u00a0<strong>M\u00fasica C.M. 1<\/strong>\u00a0\u00a0\u00a0\u00a0\u00a0\u00a0\u00a0\u00a0\u00a0\u00a0\u00a0\u00a0\u00a0\u00a0\u00a0\u00a0\u00a0\u00a0\u00a0\u00a0\u00a0\u00a0 P.A. Montserrat<\/p>\n<p>ISBN: 978-84-8415-807-3<\/td>\n<\/tr>\n<\/tbody>\n<\/table>\n<p>&nbsp;<\/p>\n<p>&nbsp;<\/p>\n<table width=\"679\">\n<tbody>\n<tr>\n<td width=\"206\">Llengua Catalana<\/p>\n<p>&nbsp;<\/td>\n<td width=\"284\"><strong>Quadern d\u2019activitats 3r-Constru\u00efm<\/strong><\/p>\n<p>ISBN: 978-84-661-3463-7<\/td>\n<td width=\"189\">Ed. Cru\u00eflla<\/td>\n<\/tr>\n<tr>\n<td width=\"206\">Lectura<\/p>\n<p>Llengua Catalana<\/td>\n<td width=\"284\"><strong>Un niu de formigues <\/strong><\/p>\n<p>autor: Jordi de Manuel<\/p>\n<p>ISBN: 978-84-96726-24-6<\/td>\n<td width=\"189\">Ed. Animallibres<\/td>\n<\/tr>\n<tr>\n<td width=\"206\">Lengua Castellana<\/p>\n<p>&nbsp;<\/td>\n<td width=\"284\"><strong>Cuaderno de actividades 3\u00ba- Constru\u00efm<\/strong><\/p>\n<p>ISBN: 978-84-661-3465-1<\/td>\n<td width=\"189\">Ed. Cru\u00eflla<\/td>\n<\/tr>\n<tr>\n<td width=\"206\">Llengua Anglesa<\/td>\n<td width=\"284\"><strong>GREAT EXPLORERS<\/strong> <strong>3 <\/strong><\/p>\n<p>Activity Book (<strong>sense grapa<\/strong>)<\/p>\n<p>ISBN: 978 0194507417<\/td>\n<td width=\"189\">Oxford UniversityPress<\/td>\n<\/tr>\n<tr>\n<td width=\"206\">Matem\u00e0tiques<\/td>\n<td width=\"284\"><strong>MATEM\u00c0TIQUES 3\u00a0\u00a0\u00a0\u00a0\u00a0\u00a0\u00a0\u00a0\u00a0\u00a0\u00a0\u00a0\u00a0\u00a0\u00a0\u00a0\u00a0\u00a0\u00a0\u00a0\u00a0\u00a0\u00a0\u00a0\u00a0\u00a0\u00a0\u00a0\u00a0\u00a0\u00a0\u00a0\u00a0\u00a0\u00a0\u00a0\u00a0\u00a0\u00a0\u00a0\u00a0\u00a0\u00a0\u00a0\u00a0\u00a0\u00a0\u00a0\u00a0\u00a0\u00a0\u00a0\u00a0\u00a0\u00a0\u00a0\u00a0\u00a0\u00a0\u00a0 <\/strong><strong>\u00a0\u00a0\u00a0\u00a0\u00a0\u00a0\u00a0\u00a0\u00a0\u00a0\u00a0\u00a0\u00a0\u00a0\u00a0\u00a0\u00a0\u00a0\u00a0\u00a0\u00a0\u00a0\u00a0\u00a0\u00a0\u00a0\u00a0\u00a0\u00a0\u00a0\u00a0\u00a0\u00a0\u00a0\u00a0\u00a0\u00a0\u00a0\u00a0\u00a0\u00a0\u00a0\u00a0\u00a0\u00a0\u00a0\u00a0\u00a0\u00a0\u00a0\u00a0\u00a0\u00a0\u00a0\u00a0\u00a0\u00a0\u00a0\u00a0\u00a0\u00a0\u00a0\u00a0<\/strong>ISBN:978-84-682-2082-6<\/td>\n<td width=\"189\">Ed. Vicens Vives<\/td>\n<\/tr>\n<tr>\n<td width=\"206\">M\u00fasica<\/td>\n<td width=\"284\"><strong>M\u00fasica 3.\u00a0 Quadern d\u2019Exercicis<\/strong><\/p>\n<p>ISBN: 978-84-8415-940-7<\/td>\n<td width=\"189\">P.A. Montserrat 2010<\/td>\n<\/tr>\n<tr>\n<td width=\"206\">Agenda escolar<\/td>\n<td width=\"284\"><\/td>\n<td width=\"189\">La pr\u00f2pia del centre<\/p>\n<p>&nbsp;<\/td>\n<\/tr>\n<\/tbody>\n<\/table>\n<p>Els llibres de 3r CM Llengua Catalana (Continguts), Llengua Castellana (Continguts), Coneixement del Medi (continguts), Llengua Anglesa (Continguts) i M\u00fasica (continguts) no cal comprar-los ja que s\u00f3n socialitzats. Els tindrem a l\u2019escola i es deixaran en pr\u00e9stec per a cada alumne\/a.<\/p>\n<p><strong><u>EDUCACI\u00d3 PRIM\u00c0RIA: SEGON DE CICLE MITJ\u00c0 (4rt) <\/u><\/strong><\/p>\n<table>\n<tbody>\n<tr>\n<td width=\"672\"><strong><u>NO COMPRAR<\/u><\/strong><strong>: LLIBRES SOCIALITZATS<\/strong><\/p>\n<p>Llengua Catalana\u00a0 <strong>\u00a0\u00a0\u00a0\u00a0\u00a0\u00a0\u00a0\u00a0\u00a0\u00a0\u00a0LLENGUA CATALANA 4t-Constru\u00efm <\/strong>Ed. Cru\u00eflla 2015<\/p>\n<p>ISBN:978-84-66138000<\/p>\n<p>Llengua Castellana\u00a0\u00a0\u00a0 \u00a0\u00a0\u00a0\u00a0\u00a0\u00a0\u00a0<strong>LLENGUA CASTELLANA 4t-Constru\u00efm<\/strong>\u00a0 Ed. Cru\u00eflla 2015<\/p>\n<p>ISBN: 978-84-66138031<\/p>\n<p>Coneixement del medi\u00a0\u00a0\u00a0\u00a0\u00a0 <strong>CONEIXEMENT DEL MEDI 4t-Constru\u00efm <\/strong>Ed. Cru\u00eflla 2015<\/p>\n<p>ISBN: 978-84-66138093<\/p>\n<p>Llengua Anglesa\u00a0\u00a0\u00a0\u00a0\u00a0\u00a0\u00a0\u00a0\u00a0\u00a0\u00a0\u00a0\u00a0\u00a0 <strong>GREAT EXPLORERS \u00a04<\/strong>\u00a0\u00a0\u00a0\u00a0\u00a0\u00a0\u00a0\u00a0\u00a0\u00a0 Oxford University Press<\/p>\n<p>Class Book ISBN: 978-0-19-450768-4<\/p>\n<p>M\u00fasica\u00a0\u00a0\u00a0\u00a0\u00a0\u00a0\u00a0\u00a0\u00a0\u00a0\u00a0\u00a0\u00a0\u00a0\u00a0\u00a0\u00a0\u00a0\u00a0\u00a0\u00a0\u00a0\u00a0\u00a0\u00a0\u00a0\u00a0\u00a0 <strong>M\u00fasica C.M. 1<\/strong>\u00a0\u00a0\u00a0\u00a0\u00a0\u00a0\u00a0\u00a0\u00a0\u00a0\u00a0\u00a0\u00a0\u00a0 \u00a0\u00a0\u00a0\u00a0\u00a0\u00a0\u00a0\u00a0P.A. Montserrat<\/p>\n<p>ISBN: 978-84-8415-807-3<\/td>\n<\/tr>\n<\/tbody>\n<\/table>\n<p>&nbsp;<\/p>\n<table width=\"671\">\n<tbody>\n<tr>\n<td width=\"197\">Llengua Catalana<\/p>\n<p>&nbsp;<\/td>\n<td width=\"284\"><strong>Quadern d\u2019activitats 4t- Constru\u00efm<\/strong><\/p>\n<p>ISBN: 978-84-661-3802-4<\/td>\n<td width=\"191\">Ed. Cru\u00eflla<\/td>\n<\/tr>\n<tr>\n<td width=\"197\">Lectura<\/p>\n<p>Llengua Catalana<\/td>\n<td width=\"284\"><strong><a href=\"http:\/\/www.animallibres.cat\/fitxa-llibre_cataleg\/items\/La-bruixa-Katric-Catrock-i-la-fada-Dolsi-Tante.html\">La bruixa Katric Catrock i la fada Dolsi Tante<\/a><\/strong><\/p>\n<p>Autor: Pep Albanell<\/p>\n<p>ISBN: <strong>978-84-96726-15-4<\/strong><\/td>\n<td width=\"191\">Ed. Animallibres<\/td>\n<\/tr>\n<tr>\n<td width=\"197\">Lengua Castellana<\/p>\n<p>&nbsp;<\/td>\n<td width=\"284\"><strong>Cuaderno de actividades 4\u00ba- Constru\u00efm<\/strong><\/p>\n<p>ISBN: 978-84-661-3804-8<\/td>\n<td width=\"191\">Ed. Cru\u00eflla<\/td>\n<\/tr>\n<tr>\n<td width=\"197\">Llengua Anglesa<\/td>\n<td width=\"284\"><strong>GREAT EXPLORERS\u00a0 4<\/strong><\/p>\n<p>Activity Book<\/p>\n<p>(<strong>sense grapa<\/strong>)<\/p>\n<p>ISBN: 978-0-19.450760-8<\/td>\n<td width=\"191\">Oxford University Press<\/td>\n<\/tr>\n<tr>\n<td width=\"197\">Matem\u00e0tiques<\/td>\n<td width=\"284\"><strong>MATEM\u00c0TIQUES\u00a0 4 Aula Activa<\/strong><\/p>\n<p>ISBN: 978-84-682-2883-9<\/td>\n<td width=\"191\">Ed. Vicens Vives<\/td>\n<\/tr>\n<tr>\n<td width=\"197\">M\u00fasica (ja el tenen a l\u2019escola del curs passat)<\/td>\n<td width=\"284\"><strong>M\u00fasica 3.\u00a0 Quadern d\u2019Exercicis<\/strong><\/p>\n<p>ISBN: 978-84-8415-940-7<\/td>\n<td width=\"191\">P.A. Montserrat 2010<\/td>\n<\/tr>\n<tr>\n<td width=\"197\">Instrument<\/td>\n<td width=\"284\">Flauta. Digitaci\u00f3 alemanya.<\/td>\n<td width=\"191\">Hohner B9508<\/p>\n<p>&nbsp;<\/td>\n<\/tr>\n<tr>\n<td width=\"197\">Agenda escolar<\/td>\n<td width=\"284\"><\/td>\n<td width=\"191\">La pr\u00f2pia del centre<\/td>\n<\/tr>\n<\/tbody>\n<\/table>\n<p>Els llibres de de 4t CM Llengua Catalana (Continguts), Llengua Castellana (Continguts), Coneixement del Medi (Continguts), Llengua Anglesa (continguts) i M\u00fasica(continguts) no cal comprar-los ja que s\u00f3n socialitzats. Els tindrem a l&#8217;escola i es deixaran en pr\u00e9stec per a cada alumne\/a.<\/p>\n<p><strong><u>EDUCACI\u00d3 PRIM\u00c0RIA: PRIMER DE CICLE SUPERIOR (5\u00e8)<\/u><\/strong><\/p>\n<p>&nbsp;<\/p>\n<table>\n<tbody>\n<tr>\n<td width=\"671\"><strong><u>NO COMPRAR<\/u><\/strong><strong>: LLIBRES SOCIALITZATS<\/strong><\/p>\n<p>Llengua Catalana\u00a0\u00a0 (<strong>nou<\/strong>)\u00a0\u00a0\u00a0\u00a0 <strong>LLENGUA CATALANA 5\u00e8-Constru\u00efm <\/strong>Ed. Cru\u00eflla<\/p>\n<p>ISBN:978-84-66134767<\/p>\n<p>&nbsp;<\/p>\n<p>Llengua Anglesa\u00a0 \u00a0\u00a0\u00a0\u00a0\u00a0\u00a0\u00a0\u00a0<strong>\u00a0<\/strong>\u00a0\u00a0\u00a0\u00a0<strong>Great Explorers 5 <\/strong>\u00a0\u00a0\u00a0\u00a0\u00a0\u00a0\u00a0\u00a0\u00a0\u00a0\u00a0\u00a0\u00a0\u00a0Oxford University Press<\/p>\n<p>Class Book<\/p>\n<p>ISBN: 9780194507776<\/p>\n<p>&nbsp;<\/p>\n<p>Llengua Castellana\u00a0\u00a0\u00a0\u00a0\u00a0\u00a0\u00a0\u00a0\u00a0 \u00a0\u00a0<strong>Llengua Castellana 5<\/strong>\u00a0\u00a0\u00a0\u00a0\u00a0\u00a0\u00a0\u00a0\u00a0\u00a0\u00a0\u00a0\u00a0 Ed. Castellnou 2009<\/p>\n<p>ISBN:978-84-9804-620-5<\/p>\n<p>&nbsp;<\/p>\n<p>Matem\u00e0tiques\u00a0 (<strong>nou<\/strong>)\u00a0\u00a0\u00a0\u00a0\u00a0\u00a0\u00a0\u00a0 <strong>Matem\u00e0tiques 5<\/strong>. Aula Activa\u00a0\u00a0\u00a0\u00a0\u00a0\u00a0\u00a0\u00a0 Ed. Vicens Vives<\/p>\n<p>ISBN: 978-84-68219639<\/td>\n<\/tr>\n<\/tbody>\n<\/table>\n<p>&nbsp;<\/p>\n<table>\n<tbody>\n<tr>\n<td width=\"224\">Llengua Catalana (<strong>nou<\/strong>)<\/p>\n<p>&nbsp;<\/td>\n<td width=\"247\"><strong>Supercompetents en&#8230;<\/strong><\/p>\n<p><strong>Quadern d\u2019activitats 5\u00e8- Constru\u00efm. <\/strong><\/p>\n<p>ISBN: 978-84-661-34774<\/td>\n<td width=\"200\">Ed. Cru\u00eflla<\/td>\n<\/tr>\n<tr>\n<td width=\"224\">Lectura Llengua Catalana<\/p>\n<p>&nbsp;<\/td>\n<td width=\"247\"><strong>La volta al m\u00f3n en 80 dies<\/strong><\/p>\n<p>ISBN: 978-84-9804-2887<\/td>\n<td width=\"200\">Ed. Castellnou<\/td>\n<\/tr>\n<tr>\n<td width=\"224\">Lectura Llengua Castellana<\/p>\n<p>&nbsp;<\/td>\n<td width=\"247\"><strong>No es tan f\u00e1cil ser ni\u00f1o<\/strong><\/p>\n<p>ISBN: 84-236-9069-5<\/td>\n<td width=\"200\">Ed. Edeb\u00e9<\/td>\n<\/tr>\n<tr>\n<td width=\"224\">Llengua Anglesa<\/td>\n<td width=\"247\"><strong>Great Explorers 5<\/strong><\/p>\n<p>Activity Book (<strong>sense grapa<\/strong>)<\/p>\n<p>ISBN: 9780194507783<\/td>\n<td width=\"200\">Oxford University Press<\/td>\n<\/tr>\n<tr>\n<td width=\"224\">Coneixement del medi social i natural<\/p>\n<p>&nbsp;<\/td>\n<td width=\"247\"><strong>Coneixement del Medi 5<\/strong><\/p>\n<p>ISBN:978-84-661-3579-5<\/td>\n<td width=\"200\">Ed. Cru\u00eflla<\/td>\n<\/tr>\n<tr>\n<td width=\"224\">M\u00fasica<\/p>\n<p>&nbsp;<\/td>\n<td width=\"247\"><strong>Quadern de M\u00fasica 5<\/strong> Tutti<\/p>\n<p>ISBN: 978-84-6831264-4<\/p>\n<p>&nbsp;<\/td>\n<td width=\"200\">Ed. Edeb\u00e9<\/td>\n<\/tr>\n<tr>\n<td width=\"224\">Instrument<\/p>\n<p>(mateix curs passat)<\/td>\n<td width=\"247\">Flauta. Digitaci\u00f3 alemanya.<\/td>\n<td width=\"200\">Hohner B9508<\/td>\n<\/tr>\n<tr>\n<td width=\"224\">Agenda escolar<\/td>\n<td width=\"247\"><\/td>\n<td width=\"200\">La pr\u00f2pia del centre<\/td>\n<\/tr>\n<\/tbody>\n<\/table>\n<p>Els llibres de 5\u00e8 CS de Llengua Catalana, Llengua Anglesa (Continguts), Llengua Castellana i Matem\u00e0tiques no cal comprar-los ja que s\u00f3n socialitzats. Els tindrem a l\u2019escola i es deixaran en pr\u00e9stec per a cada alumne\/a.<\/p>\n<p><strong><u>EDUCACI\u00d3 PRIM\u00c0RIA: SEGON DE CICLE SUPERIOR (6\u00e8)<\/u><\/strong><\/p>\n<table>\n<tbody>\n<tr>\n<td width=\"671\">NO COMPRAR: LLIBRES SOCIALITZATS<\/p>\n<p>Llengua Catalana\u00a0\u00a0 (<strong>nou<\/strong>)\u00a0\u00a0\u00a0\u00a0 <strong>LLENGUA CATALANA 6\u00e8-Constru\u00efm <\/strong>Ed. Cru\u00eflla<\/p>\n<p>ISBN:978-84-66138161<\/p>\n<p>Llengua Anglesa\u00a0 \u00a0\u00a0\u00a0\u00a0\u00a0\u00a0\u00a0\u00a0\u00a0\u00a0\u00a0\u00a0<strong>Great Explorers 6<\/strong>\u00a0\u00a0\u00a0\u00a0\u00a0\u00a0\u00a0\u00a0\u00a0\u00a0\u00a0\u00a0\u00a0\u00a0 \u00a0\u00a0Oxford University Press<\/p>\n<p>Class Book<\/p>\n<p>ISBN: 9780194507974<\/p>\n<p>&nbsp;<\/p>\n<p>Llengua Castellana\u00a0\u00a0\u00a0\u00a0\u00a0\u00a0\u00a0\u00a0\u00a0\u00a0\u00a0 <strong>Lengua Castellana 6<\/strong>\u00a0\u00a0\u00a0\u00a0\u00a0\u00a0\u00a0\u00a0\u00a0\u00a0\u00a0\u00a0\u00a0\u00a0 Ed. Castellnou 2009<\/p>\n<p>ISBN: 978-84-9804-621-2<\/p>\n<p>&nbsp;<\/p>\n<p>Matem\u00e0tiques\u00a0 (<strong>nou<\/strong>)\u00a0\u00a0\u00a0\u00a0\u00a0\u00a0\u00a0\u00a0 <strong>Matem\u00e0tiques 6<\/strong>. Aula Activa\u00a0\u00a0\u00a0\u00a0\u00a0\u00a0\u00a0\u00a0 Ed. Vicens Vives<\/p>\n<p>ISBN: 978-84-68215761<\/td>\n<\/tr>\n<\/tbody>\n<\/table>\n<p>&nbsp;<\/p>\n<table>\n<tbody>\n<tr>\n<td width=\"206\">Llengua Catalana <strong>(nou)<\/strong><\/p>\n<p>&nbsp;<\/td>\n<td width=\"293\"><strong>Supercompetents en&#8230;<\/strong><\/p>\n<p><strong>Quadern d\u2019activitats 6\u00e8- Constru\u00efm. <\/strong><\/p>\n<p>ISBN: 978-84-66138178<\/td>\n<td width=\"172\">Ed. Cru\u00eflla<\/td>\n<\/tr>\n<tr>\n<td width=\"206\">Llengua Catalana<\/p>\n<p>Lectura<\/p>\n<p>&nbsp;<\/td>\n<td width=\"293\"><strong>Les aventures de Tom Sawyer<\/strong><\/p>\n<p>ISBN: 97-8849-804-6823<\/td>\n<td width=\"172\">Ed. Castellnou<\/td>\n<\/tr>\n<tr>\n<td width=\"206\">Llengua Castellana<\/p>\n<p>Lectura\u00a0\u00a0\u00a0\u00a0\u00a0\u00a0 <strong>(nou)<\/strong><\/p>\n<p>&nbsp;<\/td>\n<td width=\"293\"><strong>Mi hermano el genio<\/strong><\/p>\n<p>ISBN: 978-84236-7826-6<\/td>\n<td width=\"172\">Ed. Edeb\u00e9.Col\u00b7lecci\u00f3 Tucan<\/td>\n<\/tr>\n<tr>\n<td width=\"206\">Llengua Anglesa<\/td>\n<td width=\"293\"><strong>Great Explorers 6<\/strong><\/p>\n<p>Activity book (<strong>sense grapa<\/strong>)<\/p>\n<p>ISBN: 9780194507981<\/td>\n<td width=\"172\">Oxford University Press<\/td>\n<\/tr>\n<tr>\n<td width=\"206\">Coneixement del medi natural i social<strong> \u00a0\u00a0<\/strong><\/p>\n<p>&nbsp;<\/td>\n<td width=\"293\"><strong>Coneixement del Medi 6<\/strong><\/p>\n<p>ISBN:978-84-661-3825-3<\/td>\n<td width=\"172\">Ed. Cru\u00eflla<\/td>\n<\/tr>\n<tr>\n<td width=\"206\">M\u00fasica<\/p>\n<p>(mateix curs passat)<\/td>\n<td width=\"293\"><strong>Quadern de M\u00fasica 5<\/strong> Tutti<\/p>\n<p>ISBN: 978-84-6831264-4<\/p>\n<p>&nbsp;<\/td>\n<td width=\"172\">Ed. Edeb\u00e9<\/td>\n<\/tr>\n<tr>\n<td width=\"206\">Instrument<\/p>\n<p>(mateix curs passat)<\/td>\n<td width=\"293\">Flauta. Digitaci\u00f3 alemanya.<\/td>\n<td width=\"172\">Hohner 89516<\/td>\n<\/tr>\n<tr>\n<td width=\"206\">Agenda escolar<\/td>\n<td width=\"293\">&nbsp;<\/p>\n<p>&nbsp;<\/p>\n<p>&nbsp;<\/td>\n<td width=\"172\">La pr\u00f2pia del centre<\/td>\n<\/tr>\n<\/tbody>\n<\/table>\n<p>Els llibres de 2CS de Llengua Catalana, Llengua Anglesa (Continguts), Llengua Castellana i Matem\u00e0tiques no cal comprar-los ja que s\u00f3n socialitzats. Els tindrem a l\u2019escola i es deixaran en pr\u00e9stec per a cada alumne\/a.<\/p>\n","protected":false},"excerpt":{"rendered":"<p>RELACI\u00d3 DE QUADERNS CURS 2017-2018 EDUCACI\u00d3 INFANTIL: P-3 Grafilletres 1 ISBN-: 978-84-661-3397-5 Ed. Cru\u00eflla Agenda escolar La pr\u00f2pia del centre per educaci\u00f3 infantil. EDUCACI\u00d3 INFANTIL: P-4 Grafilletres 2 ISBN: 978-84-661-3398-2 Ed. Cru\u00eflla Agenda escolar La pr\u00f2pia del centre per educaci\u00f3 infantil EDUCACI\u00d3 INFANTIL: P-5 Grafilletres 3 ISBN: 978-84-661-3399-9 Ed. Cru\u00eflla Agenda escolar La pr\u00f2pia del [&hellip;]<\/p>\n","protected":false},"author":1,"featured_media":0,"comment_status":"open","ping_status":"closed","sticky":false,"template":"","format":"standard","meta":{"_bbp_topic_count":0,"_bbp_reply_count":0,"_bbp_total_topic_count":0,"_bbp_total_reply_count":0,"_bbp_voice_count":0,"_bbp_anonymous_reply_count":0,"_bbp_topic_count_hidden":0,"_bbp_reply_count_hidden":0,"_bbp_forum_subforum_count":0,"site-sidebar-layout":"default","site-content-layout":"","ast-site-content-layout":"","site-content-style":"default","site-sidebar-style":"default","ast-global-header-display":"","ast-banner-title-visibility":"","ast-main-header-display":"","ast-hfb-above-header-display":"","ast-hfb-below-header-display":"","ast-hfb-mobile-header-display":"","site-post-title":"","ast-breadcrumbs-content":"","ast-featured-img":"","footer-sml-layout":"","theme-transparent-header-meta":"","adv-header-id-meta":"","stick-header-meta":"","header-above-stick-meta":"","header-main-stick-meta":"","header-below-stick-meta":"","astra-migrate-meta-layouts":"default","ast-page-background-enabled":"default","ast-page-background-meta":{"desktop":{"background-color":"var(--ast-global-color-5)","background-image":"","background-repeat":"repeat","background-position":"center center","background-size":"auto","background-attachment":"scroll","background-type":"","background-media":"","overlay-type":"","overlay-color":"","overlay-opacity":"","overlay-gradient":""},"tablet":{"background-color":"","background-image":"","background-repeat":"repeat","background-position":"center center","background-size":"auto","background-attachment":"scroll","background-type":"","background-media":"","overlay-type":"","overlay-color":"","overlay-opacity":"","overlay-gradient":""},"mobile":{"background-color":"","background-image":"","background-repeat":"repeat","background-position":"center center","background-size":"auto","background-attachment":"scroll","background-type":"","background-media":"","overlay-type":"","overlay-color":"","overlay-opacity":"","overlay-gradient":""}},"ast-content-background-meta":{"desktop":{"background-color":"var(--ast-global-color-4)","background-image":"","background-repeat":"repeat","background-position":"center center","background-size":"auto","background-attachment":"scroll","background-type":"","background-media":"","overlay-type":"","overlay-color":"","overlay-opacity":"","overlay-gradient":""},"tablet":{"background-color":"var(--ast-global-color-4)","background-image":"","background-repeat":"repeat","background-position":"center center","background-size":"auto","background-attachment":"scroll","background-type":"","background-media":"","overlay-type":"","overlay-color":"","overlay-opacity":"","overlay-gradient":""},"mobile":{"background-color":"var(--ast-global-color-4)","background-image":"","background-repeat":"repeat","background-position":"center center","background-size":"auto","background-attachment":"scroll","background-type":"","background-media":"","overlay-type":"","overlay-color":"","overlay-opacity":"","overlay-gradient":""}},"footnotes":""},"categories":[224,79],"tags":[],"class_list":["post-1514","post","type-post","status-publish","format-standard","hentry","category-historic","category-info"],"post_mailing_queue_ids":[],"_links":{"self":[{"href":"https:\/\/agora.xtec.cat\/escmarquesdelapobla\/wp-json\/wp\/v2\/posts\/1514","targetHints":{"allow":["GET"]}}],"collection":[{"href":"https:\/\/agora.xtec.cat\/escmarquesdelapobla\/wp-json\/wp\/v2\/posts"}],"about":[{"href":"https:\/\/agora.xtec.cat\/escmarquesdelapobla\/wp-json\/wp\/v2\/types\/post"}],"author":[{"embeddable":true,"href":"https:\/\/agora.xtec.cat\/escmarquesdelapobla\/wp-json\/wp\/v2\/users\/1"}],"replies":[{"embeddable":true,"href":"https:\/\/agora.xtec.cat\/escmarquesdelapobla\/wp-json\/wp\/v2\/comments?post=1514"}],"version-history":[{"count":1,"href":"https:\/\/agora.xtec.cat\/escmarquesdelapobla\/wp-json\/wp\/v2\/posts\/1514\/revisions"}],"predecessor-version":[{"id":7752,"href":"https:\/\/agora.xtec.cat\/escmarquesdelapobla\/wp-json\/wp\/v2\/posts\/1514\/revisions\/7752"}],"wp:attachment":[{"href":"https:\/\/agora.xtec.cat\/escmarquesdelapobla\/wp-json\/wp\/v2\/media?parent=1514"}],"wp:term":[{"taxonomy":"category","embeddable":true,"href":"https:\/\/agora.xtec.cat\/escmarquesdelapobla\/wp-json\/wp\/v2\/categories?post=1514"},{"taxonomy":"post_tag","embeddable":true,"href":"https:\/\/agora.xtec.cat\/escmarquesdelapobla\/wp-json\/wp\/v2\/tags?post=1514"}],"curies":[{"name":"wp","href":"https:\/\/api.w.org\/{rel}","templated":true}]}}