{"id":14879,"date":"2025-11-06T20:29:11","date_gmt":"2025-11-06T19:29:11","guid":{"rendered":"https:\/\/agora.xtec.cat\/escmarquesdelapobla\/?p=14879"},"modified":"2025-11-26T13:17:37","modified_gmt":"2025-11-26T12:17:37","slug":"informacio-eleccions-del-consell-escolar-2025","status":"publish","type":"post","link":"https:\/\/agora.xtec.cat\/escmarquesdelapobla\/info\/informacio-eleccions-del-consell-escolar-2025\/","title":{"rendered":"INFORMACI\u00d3 ELECCIONS DEL CONSELL ESCOLAR 2025"},"content":{"rendered":"<p style=\"text-align: justify;\"><strong>QU\u00c8 \u00c9S EL CONSELL ESCOLAR?<\/strong><br \/>\nEl Consell Escolar \u00e9s l&#8217;\u00f2rgan de govern dels centres educatius, \u00e9s a dir, on es troben representants de la comunitat educativa (mestres, mares i pares, personal d&#8217;administraci\u00f3 i serveis, AFA i Ajuntament) per prendre decisions sobre el funcionament de l&#8217;escola.<\/p>\n<p style=\"text-align: justify;\">Les representants de cada sector s\u00f3n escollides mitjan\u00e7ant una votaci\u00f3. Tenen un mandat de 4 anys, per\u00f2 les eleccions es produeixen cada 2 per tal de renovar la meitat de les persones membres del Consell.<\/p>\n<p style=\"text-align: justify;\">\u00c9s molt important participar-hi, perqu\u00e8 \u00e9s una forma de fer sentir la veu de totes i tots els que formem part de la comunitat educativa de l&#8217;Escola.<\/p>\n<p style=\"text-align: justify;\"><strong>QUINES FUNCIONS T\u00c9 EL CONSELL ESCOLAR? <\/strong><br \/>\nEl Consell Escolar t\u00e9 la funci\u00f3 de governar l&#8217;escola. S&#8217;aprova el projecte educatiu, es programen les activitats anuals, s&#8217;aprova la gesti\u00f3 econ\u00f2mica i el reglament intern del centre, entre d&#8217;altres.<\/p>\n<p style=\"text-align: justify;\"><strong>COM POTS PARTICIPAR? <\/strong><br \/>\nHi ha dues formes b\u00e0siques de participaci\u00f3: la presentaci\u00f3 d&#8217;una candidatura per ser conseller o consellera escolar o votant responsablement el dia de les eleccions.<\/p>\n<p style=\"text-align: justify;\"><strong>VOLS PRESENTAR-TE A LES ELECCIONS? <\/strong><br \/>\nSi vols implicar-te com a conseller o consellera primer haur\u00e0s d&#8217;omplir el full de presentaci\u00f3 de candidatura (<a href=\"https:\/\/drive.google.com\/file\/d\/1IvuOJP8d6-bZ6XwUNuk7YQ28fww1QUNC\/view?usp=sharing\">document en el seg\u00fcent enlla\u00e7<\/a>) i portar-lo a secretaria de l&#8217;escola. M\u00e0xim fins el dijous 13 de novembre de 2025. Farem difusi\u00f3 de la llista de candidats\/es presentats a partir del divendres 14 de novembre.<\/p>\n<p style=\"text-align: justify;\">Document presentaci\u00f3 candidatura: <a href=\"https:\/\/drive.google.com\/file\/d\/1VzX6quhNrdKYc9yRhbN3nIeG5bpgyHHL\/view?usp=drive_link\">https:\/\/drive.google.com\/file\/d\/1VzX6quhNrdKYc9yRhbN3nIeG5bpgyHHL\/view?usp=drive_link<\/a><\/p>\n<p style=\"text-align: justify;\"><strong>QUIN DIA ES FARAN LES ELECCIONS? <\/strong><br \/>\nDijous 20 de novembre de 2025 de 8:30h a 9:30h i de les 15:00h a les 17:00h al vest\u00edbul de Prim\u00e0ria. Cada elector podr\u00e0 votar un nombre m\u00e0xim de 3 candidats de fam\u00edlies com a representant al Consell Escolar del centre.<\/p>\n<p style=\"text-align: justify;\">En el cas del nostre centre, el nombre de representants que renoven en la present convocat\u00f2ria \u00e9s:<\/p>\n<p style=\"text-align: justify;\"><strong>Representants mestres= 3<\/strong><\/p>\n<p style=\"text-align: justify;\"><strong>Representants fam\u00edlies= 3<\/strong><\/p>\n<p style=\"text-align: justify;\"><strong>Personal PAS= 1<\/strong><\/p>\n<p style=\"text-align: justify;\"><strong>PER QU\u00c8 \u00c9S IMPORTANT que les fam\u00edlies participeu en el consell escolar? <\/strong><br \/>\nEls professionals dels centres i les fam\u00edlies compartim un objectiu: l&#8217;\u00e8xit social, emocional, educatiu i personal dels fills i alumnes. Quan les fam\u00edlies participeu en les eleccions, doneu suport al vostre candidat i delegueu en la seva veu i representaci\u00f3. Aix\u00ed feu arribar les vostres opinions i aportacions.<\/p>\n<p><strong>DATES IMPORTANTS:<\/strong><\/p>\n<p style=\"text-align: justify;\"><img loading=\"lazy\" decoding=\"async\" class=\"size-full wp-image-14880\" src=\"https:\/\/agora.xtec.cat\/escmarquesdelapobla\/wp-content\/uploads\/usu1682\/2025\/11\/image.png\" alt=\"\" width=\"733\" height=\"729\" srcset=\"https:\/\/agora.xtec.cat\/escmarquesdelapobla\/wp-content\/uploads\/usu1682\/2025\/11\/image.png 733w, https:\/\/agora.xtec.cat\/escmarquesdelapobla\/wp-content\/uploads\/usu1682\/2025\/11\/image-300x298.png 300w, https:\/\/agora.xtec.cat\/escmarquesdelapobla\/wp-content\/uploads\/usu1682\/2025\/11\/image-150x150.png 150w\" sizes=\"auto, (max-width: 733px) 100vw, 733px\" \/><\/p>\n<p style=\"text-align: justify;\">Us animem a presentar-vos com a candidats i candidates i aix\u00ed continuar construint entre tots i totes el projecte de l&#8217;escola.<\/p>\n<p style=\"text-align: justify;\">Calendari proc\u00e9s electoral: <a href=\"https:\/\/educacio.gencat.cat\/ca\/arees-actuacio\/centres-serveis-educatius\/centres\/consells-escolars-centres\/calendari-eleccions\/index.html\">https:\/\/educacio.gencat.cat\/ca\/arees-actuacio\/centres-serveis-educatius\/centres\/consells-escolars-centres\/calendari-eleccions\/index.html<\/a><\/p>\n<p style=\"text-align: justify;\">Per saber-ne m\u00e9s: <a href=\"https:\/\/educacio.gencat.cat\/ca\/arees-actuacio\/centres-serveis-educatius\/centres\/consells-escolars-centres\/participar-families\/index.html#com-podeu-participar-les-families-en-les-eleccions-al-consell-escolar\">https:\/\/educacio.gencat.cat\/ca\/arees-actuacio\/centres-serveis-educatius\/centres\/consells-escolars-centres\/participar-families\/index.html#com-podeu-participar-les-families-en-les-eleccions-al-consell-escolar<\/a><\/p>\n<p style=\"text-align: justify;\">Per a qualsevol dubte o consulta dirigiu-vos a direcci\u00f3.<\/p>\n<p style=\"text-align: justify;\">Moltes gr\u00e0cies per la vostra col\u00b7laboraci\u00f3 i implicaci\u00f3.<\/p>\n<p style=\"text-align: center;\"><iframe loading=\"lazy\" src=\"https:\/\/drive.google.com\/file\/d\/1IvuOJP8d6-bZ6XwUNuk7YQ28fww1QUNC\/preview\" width=\"640\" height=\"480\"><\/iframe><\/p>\n","protected":false},"excerpt":{"rendered":"<p>QU\u00c8 \u00c9S EL CONSELL ESCOLAR? El Consell Escolar \u00e9s l&#8217;\u00f2rgan de govern dels centres educatius, \u00e9s a dir, on es troben representants de la comunitat educativa (mestres, mares i pares, personal d&#8217;administraci\u00f3 i serveis, AFA i Ajuntament) per prendre decisions sobre el funcionament de l&#8217;escola. Les representants de cada sector s\u00f3n escollides mitjan\u00e7ant una votaci\u00f3. [&hellip;]<\/p>\n","protected":false},"author":45,"featured_media":0,"comment_status":"open","ping_status":"open","sticky":false,"template":"","format":"standard","meta":{"_bbp_topic_count":0,"_bbp_reply_count":0,"_bbp_total_topic_count":0,"_bbp_total_reply_count":0,"_bbp_voice_count":0,"_bbp_anonymous_reply_count":0,"_bbp_topic_count_hidden":0,"_bbp_reply_count_hidden":0,"_bbp_forum_subforum_count":0,"site-sidebar-layout":"default","site-content-layout":"","ast-site-content-layout":"default","site-content-style":"boxed","site-sidebar-style":"default","ast-global-header-display":"","ast-banner-title-visibility":"","ast-main-header-display":"","ast-hfb-above-header-display":"","ast-hfb-below-header-display":"","ast-hfb-mobile-header-display":"","site-post-title":"","ast-breadcrumbs-content":"","ast-featured-img":"","footer-sml-layout":"","theme-transparent-header-meta":"default","adv-header-id-meta":"","stick-header-meta":"","header-above-stick-meta":"","header-main-stick-meta":"","header-below-stick-meta":"","astra-migrate-meta-layouts":"set","ast-page-background-enabled":"default","ast-page-background-meta":{"desktop":{"background-color":"var(--ast-global-color-5)","background-image":"","background-repeat":"repeat","background-position":"center center","background-size":"auto","background-attachment":"scroll","background-type":"","background-media":"","overlay-type":"","overlay-color":"","overlay-opacity":"","overlay-gradient":""},"tablet":{"background-color":"","background-image":"","background-repeat":"repeat","background-position":"center center","background-size":"auto","background-attachment":"scroll","background-type":"","background-media":"","overlay-type":"","overlay-color":"","overlay-opacity":"","overlay-gradient":""},"mobile":{"background-color":"","background-image":"","background-repeat":"repeat","background-position":"center center","background-size":"auto","background-attachment":"scroll","background-type":"","background-media":"","overlay-type":"","overlay-color":"","overlay-opacity":"","overlay-gradient":""}},"ast-content-background-meta":{"desktop":{"background-color":"var(--ast-global-color-4)","background-image":"","background-repeat":"repeat","background-position":"center center","background-size":"auto","background-attachment":"scroll","background-type":"","background-media":"","overlay-type":"","overlay-color":"","overlay-opacity":"","overlay-gradient":""},"tablet":{"background-color":"var(--ast-global-color-4)","background-image":"","background-repeat":"repeat","background-position":"center center","background-size":"auto","background-attachment":"scroll","background-type":"","background-media":"","overlay-type":"","overlay-color":"","overlay-opacity":"","overlay-gradient":""},"mobile":{"background-color":"var(--ast-global-color-4)","background-image":"","background-repeat":"repeat","background-position":"center center","background-size":"auto","background-attachment":"scroll","background-type":"","background-media":"","overlay-type":"","overlay-color":"","overlay-opacity":"","overlay-gradient":""}},"footnotes":""},"categories":[319,79,171],"tags":[271],"class_list":["post-14879","post","type-post","status-publish","format-standard","hentry","category-consell-escolar","category-info","category-tauler-principal","tag-cescolar"],"post_mailing_queue_ids":[],"_links":{"self":[{"href":"https:\/\/agora.xtec.cat\/escmarquesdelapobla\/wp-json\/wp\/v2\/posts\/14879","targetHints":{"allow":["GET"]}}],"collection":[{"href":"https:\/\/agora.xtec.cat\/escmarquesdelapobla\/wp-json\/wp\/v2\/posts"}],"about":[{"href":"https:\/\/agora.xtec.cat\/escmarquesdelapobla\/wp-json\/wp\/v2\/types\/post"}],"author":[{"embeddable":true,"href":"https:\/\/agora.xtec.cat\/escmarquesdelapobla\/wp-json\/wp\/v2\/users\/45"}],"replies":[{"embeddable":true,"href":"https:\/\/agora.xtec.cat\/escmarquesdelapobla\/wp-json\/wp\/v2\/comments?post=14879"}],"version-history":[{"count":2,"href":"https:\/\/agora.xtec.cat\/escmarquesdelapobla\/wp-json\/wp\/v2\/posts\/14879\/revisions"}],"predecessor-version":[{"id":14922,"href":"https:\/\/agora.xtec.cat\/escmarquesdelapobla\/wp-json\/wp\/v2\/posts\/14879\/revisions\/14922"}],"wp:attachment":[{"href":"https:\/\/agora.xtec.cat\/escmarquesdelapobla\/wp-json\/wp\/v2\/media?parent=14879"}],"wp:term":[{"taxonomy":"category","embeddable":true,"href":"https:\/\/agora.xtec.cat\/escmarquesdelapobla\/wp-json\/wp\/v2\/categories?post=14879"},{"taxonomy":"post_tag","embeddable":true,"href":"https:\/\/agora.xtec.cat\/escmarquesdelapobla\/wp-json\/wp\/v2\/tags?post=14879"}],"curies":[{"name":"wp","href":"https:\/\/api.w.org\/{rel}","templated":true}]}}