{"id":14822,"date":"2025-09-22T09:00:42","date_gmt":"2025-09-22T07:00:42","guid":{"rendered":"https:\/\/agora.xtec.cat\/escmarquesdelapobla\/?p=14822"},"modified":"2025-09-21T17:45:17","modified_gmt":"2025-09-21T15:45:17","slug":"indicadors-recollida-doli-del-curs-2024-25","status":"publish","type":"post","link":"https:\/\/agora.xtec.cat\/escmarquesdelapobla\/info\/indicadors-recollida-doli-del-curs-2024-25\/","title":{"rendered":"Indicadors recollida d&#8217;oli del curs 2024-25"},"content":{"rendered":"<p>Des del Grup Cooperatiu d\u2019Inserci\u00f3 Laboral, ENTREM, ens reconeixen i agraeixen la participaci\u00f3 de l&#8217;Escola Marqu\u00e8s de la Pobla en el projecte de RECOLLIDA D&#8217;OLI VEGETAL DE CUINA USAT, i ens feliciten pels excel\u00b7lents resultats obtinguts durant el\u00a0<strong>curs 2024-2025<\/strong>, resumits en el document adjunt.<\/p>\n<p>Us animem a seguir utilitzant els Clakis i portar-los plens a l&#8217;escola. Si no teniu el Claki veniu a buscar-lo a secretaria.<\/p>\n<p style=\"font-weight: 400;\">Moltes gr\u00e0cies per fer-ho possible, fam\u00edlies!!!<\/p>\n<p><img loading=\"lazy\" decoding=\"async\" class=\"size-full wp-image-14823 aligncenter\" src=\"https:\/\/agora.xtec.cat\/escmarquesdelapobla\/wp-content\/uploads\/usu1682\/2025\/09\/Indicadors_olis-CLAKIS-Escola-Marques-de-la-Pobla_page-0001.jpg\" alt=\"\" width=\"1755\" height=\"1241\" srcset=\"https:\/\/agora.xtec.cat\/escmarquesdelapobla\/wp-content\/uploads\/usu1682\/2025\/09\/Indicadors_olis-CLAKIS-Escola-Marques-de-la-Pobla_page-0001.jpg 1755w, https:\/\/agora.xtec.cat\/escmarquesdelapobla\/wp-content\/uploads\/usu1682\/2025\/09\/Indicadors_olis-CLAKIS-Escola-Marques-de-la-Pobla_page-0001-300x212.jpg 300w, https:\/\/agora.xtec.cat\/escmarquesdelapobla\/wp-content\/uploads\/usu1682\/2025\/09\/Indicadors_olis-CLAKIS-Escola-Marques-de-la-Pobla_page-0001-1024x724.jpg 1024w, https:\/\/agora.xtec.cat\/escmarquesdelapobla\/wp-content\/uploads\/usu1682\/2025\/09\/Indicadors_olis-CLAKIS-Escola-Marques-de-la-Pobla_page-0001-768x543.jpg 768w, https:\/\/agora.xtec.cat\/escmarquesdelapobla\/wp-content\/uploads\/usu1682\/2025\/09\/Indicadors_olis-CLAKIS-Escola-Marques-de-la-Pobla_page-0001-1536x1086.jpg 1536w\" sizes=\"auto, (max-width: 1755px) 100vw, 1755px\" \/><\/p>\n","protected":false},"excerpt":{"rendered":"<p>Des del Grup Cooperatiu d\u2019Inserci\u00f3 Laboral, ENTREM, ens reconeixen i agraeixen la participaci\u00f3 de l&#8217;Escola Marqu\u00e8s de la Pobla en el projecte de RECOLLIDA D&#8217;OLI VEGETAL DE CUINA USAT, i ens feliciten pels excel\u00b7lents resultats obtinguts durant el\u00a0curs 2024-2025, resumits en el document adjunt. Us animem a seguir utilitzant els Clakis i portar-los plens a [&hellip;]<\/p>\n","protected":false},"author":45,"featured_media":0,"comment_status":"open","ping_status":"open","sticky":false,"template":"","format":"standard","meta":{"_bbp_topic_count":0,"_bbp_reply_count":0,"_bbp_total_topic_count":0,"_bbp_total_reply_count":0,"_bbp_voice_count":0,"_bbp_anonymous_reply_count":0,"_bbp_topic_count_hidden":0,"_bbp_reply_count_hidden":0,"_bbp_forum_subforum_count":0,"site-sidebar-layout":"default","site-content-layout":"","ast-site-content-layout":"","site-content-style":"default","site-sidebar-style":"default","ast-global-header-display":"","ast-banner-title-visibility":"","ast-main-header-display":"","ast-hfb-above-header-display":"","ast-hfb-below-header-display":"","ast-hfb-mobile-header-display":"","site-post-title":"","ast-breadcrumbs-content":"","ast-featured-img":"","footer-sml-layout":"","theme-transparent-header-meta":"","adv-header-id-meta":"","stick-header-meta":"","header-above-stick-meta":"","header-main-stick-meta":"","header-below-stick-meta":"","astra-migrate-meta-layouts":"default","ast-page-background-enabled":"default","ast-page-background-meta":{"desktop":{"background-color":"var(--ast-global-color-5)","background-image":"","background-repeat":"repeat","background-position":"center center","background-size":"auto","background-attachment":"scroll","background-type":"","background-media":"","overlay-type":"","overlay-color":"","overlay-opacity":"","overlay-gradient":""},"tablet":{"background-color":"","background-image":"","background-repeat":"repeat","background-position":"center center","background-size":"auto","background-attachment":"scroll","background-type":"","background-media":"","overlay-type":"","overlay-color":"","overlay-opacity":"","overlay-gradient":""},"mobile":{"background-color":"","background-image":"","background-repeat":"repeat","background-position":"center center","background-size":"auto","background-attachment":"scroll","background-type":"","background-media":"","overlay-type":"","overlay-color":"","overlay-opacity":"","overlay-gradient":""}},"ast-content-background-meta":{"desktop":{"background-color":"var(--ast-global-color-4)","background-image":"","background-repeat":"repeat","background-position":"center center","background-size":"auto","background-attachment":"scroll","background-type":"","background-media":"","overlay-type":"","overlay-color":"","overlay-opacity":"","overlay-gradient":""},"tablet":{"background-color":"var(--ast-global-color-4)","background-image":"","background-repeat":"repeat","background-position":"center center","background-size":"auto","background-attachment":"scroll","background-type":"","background-media":"","overlay-type":"","overlay-color":"","overlay-opacity":"","overlay-gradient":""},"mobile":{"background-color":"var(--ast-global-color-4)","background-image":"","background-repeat":"repeat","background-position":"center center","background-size":"auto","background-attachment":"scroll","background-type":"","background-media":"","overlay-type":"","overlay-color":"","overlay-opacity":"","overlay-gradient":""}},"footnotes":""},"categories":[79,171],"tags":[],"class_list":["post-14822","post","type-post","status-publish","format-standard","hentry","category-info","category-tauler-principal"],"post_mailing_queue_ids":[],"_links":{"self":[{"href":"https:\/\/agora.xtec.cat\/escmarquesdelapobla\/wp-json\/wp\/v2\/posts\/14822","targetHints":{"allow":["GET"]}}],"collection":[{"href":"https:\/\/agora.xtec.cat\/escmarquesdelapobla\/wp-json\/wp\/v2\/posts"}],"about":[{"href":"https:\/\/agora.xtec.cat\/escmarquesdelapobla\/wp-json\/wp\/v2\/types\/post"}],"author":[{"embeddable":true,"href":"https:\/\/agora.xtec.cat\/escmarquesdelapobla\/wp-json\/wp\/v2\/users\/45"}],"replies":[{"embeddable":true,"href":"https:\/\/agora.xtec.cat\/escmarquesdelapobla\/wp-json\/wp\/v2\/comments?post=14822"}],"version-history":[{"count":1,"href":"https:\/\/agora.xtec.cat\/escmarquesdelapobla\/wp-json\/wp\/v2\/posts\/14822\/revisions"}],"predecessor-version":[{"id":14824,"href":"https:\/\/agora.xtec.cat\/escmarquesdelapobla\/wp-json\/wp\/v2\/posts\/14822\/revisions\/14824"}],"wp:attachment":[{"href":"https:\/\/agora.xtec.cat\/escmarquesdelapobla\/wp-json\/wp\/v2\/media?parent=14822"}],"wp:term":[{"taxonomy":"category","embeddable":true,"href":"https:\/\/agora.xtec.cat\/escmarquesdelapobla\/wp-json\/wp\/v2\/categories?post=14822"},{"taxonomy":"post_tag","embeddable":true,"href":"https:\/\/agora.xtec.cat\/escmarquesdelapobla\/wp-json\/wp\/v2\/tags?post=14822"}],"curies":[{"name":"wp","href":"https:\/\/api.w.org\/{rel}","templated":true}]}}