{"id":14706,"date":"2025-04-24T17:56:58","date_gmt":"2025-04-24T15:56:58","guid":{"rendered":"https:\/\/agora.xtec.cat\/escmarquesdelapobla\/?p=14706"},"modified":"2025-05-19T19:19:18","modified_gmt":"2025-05-19T17:19:18","slug":"ajuts-individuals-de-menjador-curs-2025-26","status":"publish","type":"post","link":"https:\/\/agora.xtec.cat\/escmarquesdelapobla\/info\/ajuts-individuals-de-menjador-curs-2025-26\/","title":{"rendered":"Ajuts individuals de menjador curs 2025-26"},"content":{"rendered":"<p><a href=\"https:\/\/www.anoia.cat\/departaments\/ensenyament\/ajuts-individuals-de-menjador\/\">Ajuts individuals de menjador curs 2025-26<\/a><\/p>\n<p>El Consell Comarcal de l\u2019Anoia ha obert la convocat\u00f2ria d\u2019<strong>Ajuts Individuals de Menjador Escolar<\/strong>, corresponents al curs vinent: 2025-26.<br \/>\nTota la informaci\u00f3, sol\u00b7licitud i instruccions de la convocat\u00f2ria es poden consultar en el seg\u00fcent enlla\u00e7: <a href=\"https:\/\/www.anoia.cat\/wp-content\/uploads\/2025\/04\/BASES-GENERIQUES-AIM-25-26.pdf\">Bases Ajuts Individuals de Menjador curs 2025-2026<\/a><\/p>\n<p><strong>CALENDARI:<\/strong><\/p>\n<p>El termini ordinari de presentaci\u00f3 de sol\u00b7licituds (1a convocat\u00f2ria) comen\u00e7ar\u00e0 l\u2019endem\u00e0 del dia de la publicaci\u00f3 de la convocat\u00f2ria al BOPB i finalitzar\u00e0 el 31 de maig de 2025 (ambd\u00f3s inclosos).<\/p>\n<p>Termini extraordinari (2a convocat\u00f2ria): s\u2019estableix un segon per\u00edode obert de presentaci\u00f3 de sol\u00b7licituds que s\u2019iniciar\u00e0 al primer dia de curs fins al darrer dia de curs (ambd\u00f3s inclosos), si les disponibilitats pressupost\u00e0ries ho permeten.<\/p>\n<p>Les sol\u00b7licituds que es presentin un cop iniciat el curs escolar, tindran car\u00e0cter retroactiu des de la data de presentaci\u00f3 de les mateixes, si l\u2019alumnat becat ha fet \u00fas del servei de menjador. En cas de compactaci\u00f3 de l\u2019ajut, s\u2019establir\u00e0 el nombre de dies que correspongui proporcionalment.<\/p>\n<p><strong>TUTORIAL:<\/strong><\/p>\n<p>Adjuntem un manual amb els passos a seguir.<\/p>\n<p><a href=\"https:\/\/www.anoia.cat\/wp-content\/uploads\/2025\/04\/GUIA-DE-TRAMITACIO-AIM-25-26.pdf\">Guia TRAMITACI\u00d3 dels Ajuts Individuals de Menjador\u00a0<\/a><\/p>\n<p><img loading=\"lazy\" decoding=\"async\" class=\"alignnone size-full wp-image-14725\" src=\"https:\/\/agora.xtec.cat\/escmarquesdelapobla\/wp-content\/uploads\/usu1682\/2025\/04\/IMG_2519.jpeg\" alt=\"\" width=\"874\" height=\"1241\" srcset=\"https:\/\/agora.xtec.cat\/escmarquesdelapobla\/wp-content\/uploads\/usu1682\/2025\/04\/IMG_2519.jpeg 874w, https:\/\/agora.xtec.cat\/escmarquesdelapobla\/wp-content\/uploads\/usu1682\/2025\/04\/IMG_2519-211x300.jpeg 211w, https:\/\/agora.xtec.cat\/escmarquesdelapobla\/wp-content\/uploads\/usu1682\/2025\/04\/IMG_2519-721x1024.jpeg 721w, https:\/\/agora.xtec.cat\/escmarquesdelapobla\/wp-content\/uploads\/usu1682\/2025\/04\/IMG_2519-768x1090.jpeg 768w\" sizes=\"auto, (max-width: 874px) 100vw, 874px\" \/><\/p>\n<p><strong><br \/>\nINSTRUCCIONS:<\/strong><\/p>\n<p>Sol\u00b7licituds via telem\u00e0tica: <a href=\"https:\/\/anoia.pigaim.cat\/menjador.2025\/\">https:\/\/anoia.pigaim.cat\/menjador.2025\/<\/a><\/p>\n<p>Les fam\u00edlies que ja vau fer la sol\u00b7licitud el curs passat, nom\u00e9s haureu de renovar-la, i si correspon, modificar-la per si hi ha hagut algun canvi (adre\u00e7a, naixement d\u2019un germ\u00e0, etc.).<\/p>\n<p>Si no l\u2019heu demanat en el curs 2024-25, haureu de procedir com a <span style=\"text-decoration: underline;\">nova sol\u00b7licitud<\/span>.<\/p>\n<p><strong>DUBTES:<\/strong><\/p>\n<p>Per qualsevol dubte podeu consultar <a href=\"https:\/\/www.anoia.cat\/departaments\/ensenyament\/ajuts-individuals-de-menjador\/\">https:\/\/www.anoia.cat\/departaments\/ensenyament\/ajuts-individuals-de-menjador\/<\/a> o enviar un correu electr\u00f2nic a:<a href=\"mailto:aim@anoia.cat\"> aim@anoia.cat<\/a><\/p>\n<p><strong>RESOLUCIONS:<\/strong><\/p>\n<p>L\u2019adjudicaci\u00f3 de les sol\u00b7licituds presentades dins del termini ordinari es preveu que es faci durant el mes de setembre, per aquells expedients que s\u2019hagin pogut resoldre.<\/p>\n<p>A continuaci\u00f3 trobareu les bases dels AIM (Ajuts Individuals de Menjador).<\/p>\n<p style=\"text-align: center;\"><iframe loading=\"lazy\" src=\"https:\/\/drive.google.com\/file\/d\/1LPwrnxtmZmTNL0Tp-4x9aakmhQ0g6GfE\/preview\" width=\"640\" height=\"480\"><\/iframe> <iframe loading=\"lazy\" src=\"https:\/\/drive.google.com\/file\/d\/1ke9erdiEzPqC-NZHUcFMdtKHKTb8rb5m\/preview\" width=\"640\" height=\"480\"><\/iframe><\/p>\n","protected":false},"excerpt":{"rendered":"<p>Ajuts individuals de menjador curs 2025-26 El Consell Comarcal de l\u2019Anoia ha obert la convocat\u00f2ria d\u2019Ajuts Individuals de Menjador Escolar, corresponents al curs vinent: 2025-26. Tota la informaci\u00f3, sol\u00b7licitud i instruccions de la convocat\u00f2ria es poden consultar en el seg\u00fcent enlla\u00e7: Bases Ajuts Individuals de Menjador curs 2025-2026 CALENDARI: El termini ordinari de presentaci\u00f3 de [&hellip;]<\/p>\n","protected":false},"author":45,"featured_media":0,"comment_status":"open","ping_status":"closed","sticky":false,"template":"","format":"standard","meta":{"_bbp_topic_count":0,"_bbp_reply_count":0,"_bbp_total_topic_count":0,"_bbp_total_reply_count":0,"_bbp_voice_count":0,"_bbp_anonymous_reply_count":0,"_bbp_topic_count_hidden":0,"_bbp_reply_count_hidden":0,"_bbp_forum_subforum_count":0,"site-sidebar-layout":"default","site-content-layout":"","ast-site-content-layout":"","site-content-style":"default","site-sidebar-style":"default","ast-global-header-display":"","ast-banner-title-visibility":"","ast-main-header-display":"","ast-hfb-above-header-display":"","ast-hfb-below-header-display":"","ast-hfb-mobile-header-display":"","site-post-title":"","ast-breadcrumbs-content":"","ast-featured-img":"","footer-sml-layout":"","theme-transparent-header-meta":"","adv-header-id-meta":"","stick-header-meta":"","header-above-stick-meta":"","header-main-stick-meta":"","header-below-stick-meta":"","astra-migrate-meta-layouts":"default","ast-page-background-enabled":"default","ast-page-background-meta":{"desktop":{"background-color":"var(--ast-global-color-5)","background-image":"","background-repeat":"repeat","background-position":"center center","background-size":"auto","background-attachment":"scroll","background-type":"","background-media":"","overlay-type":"","overlay-color":"","overlay-opacity":"","overlay-gradient":""},"tablet":{"background-color":"","background-image":"","background-repeat":"repeat","background-position":"center center","background-size":"auto","background-attachment":"scroll","background-type":"","background-media":"","overlay-type":"","overlay-color":"","overlay-opacity":"","overlay-gradient":""},"mobile":{"background-color":"","background-image":"","background-repeat":"repeat","background-position":"center center","background-size":"auto","background-attachment":"scroll","background-type":"","background-media":"","overlay-type":"","overlay-color":"","overlay-opacity":"","overlay-gradient":""}},"ast-content-background-meta":{"desktop":{"background-color":"var(--ast-global-color-4)","background-image":"","background-repeat":"repeat","background-position":"center center","background-size":"auto","background-attachment":"scroll","background-type":"","background-media":"","overlay-type":"","overlay-color":"","overlay-opacity":"","overlay-gradient":""},"tablet":{"background-color":"var(--ast-global-color-4)","background-image":"","background-repeat":"repeat","background-position":"center center","background-size":"auto","background-attachment":"scroll","background-type":"","background-media":"","overlay-type":"","overlay-color":"","overlay-opacity":"","overlay-gradient":""},"mobile":{"background-color":"var(--ast-global-color-4)","background-image":"","background-repeat":"repeat","background-position":"center center","background-size":"auto","background-attachment":"scroll","background-type":"","background-media":"","overlay-type":"","overlay-color":"","overlay-opacity":"","overlay-gradient":""}},"footnotes":""},"categories":[130,79,171],"tags":[213],"class_list":["post-14706","post","type-post","status-publish","format-standard","hentry","category-beques-informacio","category-info","category-tauler-principal","tag-menjador"],"post_mailing_queue_ids":[],"_links":{"self":[{"href":"https:\/\/agora.xtec.cat\/escmarquesdelapobla\/wp-json\/wp\/v2\/posts\/14706","targetHints":{"allow":["GET"]}}],"collection":[{"href":"https:\/\/agora.xtec.cat\/escmarquesdelapobla\/wp-json\/wp\/v2\/posts"}],"about":[{"href":"https:\/\/agora.xtec.cat\/escmarquesdelapobla\/wp-json\/wp\/v2\/types\/post"}],"author":[{"embeddable":true,"href":"https:\/\/agora.xtec.cat\/escmarquesdelapobla\/wp-json\/wp\/v2\/users\/45"}],"replies":[{"embeddable":true,"href":"https:\/\/agora.xtec.cat\/escmarquesdelapobla\/wp-json\/wp\/v2\/comments?post=14706"}],"version-history":[{"count":2,"href":"https:\/\/agora.xtec.cat\/escmarquesdelapobla\/wp-json\/wp\/v2\/posts\/14706\/revisions"}],"predecessor-version":[{"id":14726,"href":"https:\/\/agora.xtec.cat\/escmarquesdelapobla\/wp-json\/wp\/v2\/posts\/14706\/revisions\/14726"}],"wp:attachment":[{"href":"https:\/\/agora.xtec.cat\/escmarquesdelapobla\/wp-json\/wp\/v2\/media?parent=14706"}],"wp:term":[{"taxonomy":"category","embeddable":true,"href":"https:\/\/agora.xtec.cat\/escmarquesdelapobla\/wp-json\/wp\/v2\/categories?post=14706"},{"taxonomy":"post_tag","embeddable":true,"href":"https:\/\/agora.xtec.cat\/escmarquesdelapobla\/wp-json\/wp\/v2\/tags?post=14706"}],"curies":[{"name":"wp","href":"https:\/\/api.w.org\/{rel}","templated":true}]}}