{"id":14619,"date":"2025-01-29T17:59:18","date_gmt":"2025-01-29T16:59:18","guid":{"rendered":"https:\/\/agora.xtec.cat\/escmarquesdelapobla\/?p=14619"},"modified":"2025-01-29T17:59:18","modified_gmt":"2025-01-29T16:59:18","slug":"%f0%9f%93%b8-estrenem-instagram-de-lescola-%f0%9f%8e%89","status":"publish","type":"post","link":"https:\/\/agora.xtec.cat\/escmarquesdelapobla\/info\/%f0%9f%93%b8-estrenem-instagram-de-lescola-%f0%9f%8e%89\/","title":{"rendered":"\ud83d\udcf8 Estrenem Instagram de l&#8217;escola! \ud83c\udf89"},"content":{"rendered":"<p>Ens complau compartir amb vosaltres una gran not\u00edcia: hem obert un compte d&#8217;Instagram de l&#8217;escola! Aquest espai ens permetr\u00e0 compartir amb vosaltres, de manera m\u00e9s \u00e0gil i visual, el dia a dia dels vostres fills i filles.<\/p>\n<p>A trav\u00e9s del nostre Instagram, podreu gaudir de moments d&#8217;aprenentatge, activitats especials i esdeveniments que fan de la nostra escola un lloc tan especial.<\/p>\n<p>Aquest \u00e9s el nostre compte: @marquesdelapobla. No us perdeu les novetats, i acompanyeu-nos en aquesta nova aventura digital!<\/p>\n<p><a href=\"https:\/\/www.instagram.com\/marquesdelapobla\/\"><img loading=\"lazy\" decoding=\"async\" class=\"size-full wp-image-14621 aligncenter\" src=\"https:\/\/agora.xtec.cat\/escmarquesdelapobla\/wp-content\/uploads\/usu1682\/2025\/01\/Screenshot-2025-01-15-at-13.49.04.jpeg.png\" alt=\"\" width=\"1290\" height=\"850\" srcset=\"https:\/\/agora.xtec.cat\/escmarquesdelapobla\/wp-content\/uploads\/usu1682\/2025\/01\/Screenshot-2025-01-15-at-13.49.04.jpeg.png 1290w, https:\/\/agora.xtec.cat\/escmarquesdelapobla\/wp-content\/uploads\/usu1682\/2025\/01\/Screenshot-2025-01-15-at-13.49.04.jpeg-300x198.png 300w, https:\/\/agora.xtec.cat\/escmarquesdelapobla\/wp-content\/uploads\/usu1682\/2025\/01\/Screenshot-2025-01-15-at-13.49.04.jpeg-1024x675.png 1024w, https:\/\/agora.xtec.cat\/escmarquesdelapobla\/wp-content\/uploads\/usu1682\/2025\/01\/Screenshot-2025-01-15-at-13.49.04.jpeg-768x506.png 768w\" sizes=\"auto, (max-width: 1290px) 100vw, 1290px\" \/><\/a><\/p>\n","protected":false},"excerpt":{"rendered":"<p>Ens complau compartir amb vosaltres una gran not\u00edcia: hem obert un compte d&#8217;Instagram de l&#8217;escola! Aquest espai ens permetr\u00e0 compartir amb vosaltres, de manera m\u00e9s \u00e0gil i visual, el dia a dia dels vostres fills i filles. A trav\u00e9s del nostre Instagram, podreu gaudir de moments d&#8217;aprenentatge, activitats especials i esdeveniments que fan de la [&hellip;]<\/p>\n","protected":false},"author":45,"featured_media":0,"comment_status":"open","ping_status":"closed","sticky":false,"template":"","format":"standard","meta":{"_bbp_topic_count":0,"_bbp_reply_count":0,"_bbp_total_topic_count":0,"_bbp_total_reply_count":0,"_bbp_voice_count":0,"_bbp_anonymous_reply_count":0,"_bbp_topic_count_hidden":0,"_bbp_reply_count_hidden":0,"_bbp_forum_subforum_count":0,"site-sidebar-layout":"default","site-content-layout":"","ast-site-content-layout":"","site-content-style":"default","site-sidebar-style":"default","ast-global-header-display":"","ast-banner-title-visibility":"","ast-main-header-display":"","ast-hfb-above-header-display":"","ast-hfb-below-header-display":"","ast-hfb-mobile-header-display":"","site-post-title":"","ast-breadcrumbs-content":"","ast-featured-img":"","footer-sml-layout":"","theme-transparent-header-meta":"","adv-header-id-meta":"","stick-header-meta":"","header-above-stick-meta":"","header-main-stick-meta":"","header-below-stick-meta":"","astra-migrate-meta-layouts":"default","ast-page-background-enabled":"default","ast-page-background-meta":{"desktop":{"background-color":"var(--ast-global-color-5)","background-image":"","background-repeat":"repeat","background-position":"center center","background-size":"auto","background-attachment":"scroll","background-type":"","background-media":"","overlay-type":"","overlay-color":"","overlay-opacity":"","overlay-gradient":""},"tablet":{"background-color":"","background-image":"","background-repeat":"repeat","background-position":"center center","background-size":"auto","background-attachment":"scroll","background-type":"","background-media":"","overlay-type":"","overlay-color":"","overlay-opacity":"","overlay-gradient":""},"mobile":{"background-color":"","background-image":"","background-repeat":"repeat","background-position":"center center","background-size":"auto","background-attachment":"scroll","background-type":"","background-media":"","overlay-type":"","overlay-color":"","overlay-opacity":"","overlay-gradient":""}},"ast-content-background-meta":{"desktop":{"background-color":"var(--ast-global-color-4)","background-image":"","background-repeat":"repeat","background-position":"center center","background-size":"auto","background-attachment":"scroll","background-type":"","background-media":"","overlay-type":"","overlay-color":"","overlay-opacity":"","overlay-gradient":""},"tablet":{"background-color":"var(--ast-global-color-4)","background-image":"","background-repeat":"repeat","background-position":"center center","background-size":"auto","background-attachment":"scroll","background-type":"","background-media":"","overlay-type":"","overlay-color":"","overlay-opacity":"","overlay-gradient":""},"mobile":{"background-color":"var(--ast-global-color-4)","background-image":"","background-repeat":"repeat","background-position":"center center","background-size":"auto","background-attachment":"scroll","background-type":"","background-media":"","overlay-type":"","overlay-color":"","overlay-opacity":"","overlay-gradient":""}},"footnotes":""},"categories":[79,171],"tags":[],"class_list":["post-14619","post","type-post","status-publish","format-standard","hentry","category-info","category-tauler-principal"],"post_mailing_queue_ids":[],"_links":{"self":[{"href":"https:\/\/agora.xtec.cat\/escmarquesdelapobla\/wp-json\/wp\/v2\/posts\/14619","targetHints":{"allow":["GET"]}}],"collection":[{"href":"https:\/\/agora.xtec.cat\/escmarquesdelapobla\/wp-json\/wp\/v2\/posts"}],"about":[{"href":"https:\/\/agora.xtec.cat\/escmarquesdelapobla\/wp-json\/wp\/v2\/types\/post"}],"author":[{"embeddable":true,"href":"https:\/\/agora.xtec.cat\/escmarquesdelapobla\/wp-json\/wp\/v2\/users\/45"}],"replies":[{"embeddable":true,"href":"https:\/\/agora.xtec.cat\/escmarquesdelapobla\/wp-json\/wp\/v2\/comments?post=14619"}],"version-history":[{"count":3,"href":"https:\/\/agora.xtec.cat\/escmarquesdelapobla\/wp-json\/wp\/v2\/posts\/14619\/revisions"}],"predecessor-version":[{"id":14634,"href":"https:\/\/agora.xtec.cat\/escmarquesdelapobla\/wp-json\/wp\/v2\/posts\/14619\/revisions\/14634"}],"wp:attachment":[{"href":"https:\/\/agora.xtec.cat\/escmarquesdelapobla\/wp-json\/wp\/v2\/media?parent=14619"}],"wp:term":[{"taxonomy":"category","embeddable":true,"href":"https:\/\/agora.xtec.cat\/escmarquesdelapobla\/wp-json\/wp\/v2\/categories?post=14619"},{"taxonomy":"post_tag","embeddable":true,"href":"https:\/\/agora.xtec.cat\/escmarquesdelapobla\/wp-json\/wp\/v2\/tags?post=14619"}],"curies":[{"name":"wp","href":"https:\/\/api.w.org\/{rel}","templated":true}]}}