{"id":14594,"date":"2024-12-21T05:44:47","date_gmt":"2024-12-21T04:44:47","guid":{"rendered":"https:\/\/agora.xtec.cat\/escmarquesdelapobla\/?p=14594"},"modified":"2024-12-21T05:44:47","modified_gmt":"2024-12-21T04:44:47","slug":"sortida-al-gran-teatre-del-liceu-2","status":"publish","type":"post","link":"https:\/\/agora.xtec.cat\/escmarquesdelapobla\/superior\/sortida-al-gran-teatre-del-liceu-2\/","title":{"rendered":"Sortida al Gran Teatre del Liceu"},"content":{"rendered":"<p>Aquest dimarts 17 de desembre els nens i nenes de P5, Ca\u00e7a meravelles i Turistes hem pogut gaudir d&#8217;un gran espectacle al Liceu. Una adaptaci\u00f3 del Conte de Nadal de Charles Dickens amb m\u00fasica d&#8217;Albert Guinovart.<br \/>\nDos actors solistes, una coral juvenil i la m\u00e0gia del Borja amb la sorra ens han delectat durant tot el concert. Aquest conte ens fa recordar que cal ser amables amb tothom i Nadal \u00e9s un bon moment per comen\u00e7ar a fer-ho. En acabar, hem sentit una suite de Nadales tradicionals i tots junts hem cantat el Noi de la Mare.<br \/>\nEns ha impressionat molt la grandesa del Liceu, amb els seus 5 pisos, el gran escenari i la sala dels miralls.<\/p>\n<p>En acabar, hem arrodonit el dia fent una passejada tur\u00edstica per Barcelona, hem vist la Pla\u00e7a Sant Jaume, on hi ha l\u2019edifici de la Generalitat de Catalunya i el de l\u2019Ajuntament de Barcelona. All\u00e0 hem cantat una nadala sota l\u2019escultura de l\u2019estrella. Despr\u00e9s hem arribat a la Fira de Santa Ll\u00facia, hem seguit fins al Mercat de Santa Caterina, on hem entrat a fer una volta. Per \u00faltim, hem caminat fins al bonic parc de la Ciutadella on hem dinat i hem pogut jugar una estoneta.<\/p>\n<p>Un dia molt especial amb aires de Nadal!!<br \/>\n<a href=\"https:\/\/photos.app.goo.gl\/z78PffNjWeMFFu4t6\" rel=\"noopener\" target=\"_blank\"><img loading=\"lazy\" decoding=\"async\" src=\"https:\/\/lh3.googleusercontent.com\/pw\/AP1GczPLskGKrxn8ChynzoirX_v4-3Uzk25wG_nALYVizeoJCKKO0HN9vYpWTVzJfsKMGHFvTjZzevcWRJyrohDm6H1lRaMWwqfx-jQbffxdG-ayxnEnXA0QWPFvfheCl8WNBCZDeHmkvicb2lSQ1oz4bDbg=w1583-h890-s-no-gm?authuser=0\" width=\"1583\" height=\"890\" class=\"alignnone size-large\" \/><\/a><\/p>\n","protected":false},"excerpt":{"rendered":"<p>Aquest dimarts 17 de desembre els nens i nenes de P5, Ca\u00e7a meravelles i Turistes hem pogut gaudir d&#8217;un gran espectacle al Liceu. Una adaptaci\u00f3 del Conte de Nadal de Charles Dickens amb m\u00fasica d&#8217;Albert Guinovart. Dos actors solistes, una coral juvenil i la m\u00e0gia del Borja amb la sorra ens han delectat durant tot [&hellip;]<\/p>\n","protected":false},"author":1,"featured_media":0,"comment_status":"open","ping_status":"closed","sticky":false,"template":"","format":"standard","meta":{"_bbp_topic_count":0,"_bbp_reply_count":0,"_bbp_total_topic_count":0,"_bbp_total_reply_count":0,"_bbp_voice_count":0,"_bbp_anonymous_reply_count":0,"_bbp_topic_count_hidden":0,"_bbp_reply_count_hidden":0,"_bbp_forum_subforum_count":0,"site-sidebar-layout":"default","site-content-layout":"","ast-site-content-layout":"","site-content-style":"default","site-sidebar-style":"default","ast-global-header-display":"","ast-banner-title-visibility":"","ast-main-header-display":"","ast-hfb-above-header-display":"","ast-hfb-below-header-display":"","ast-hfb-mobile-header-display":"","site-post-title":"","ast-breadcrumbs-content":"","ast-featured-img":"","footer-sml-layout":"","theme-transparent-header-meta":"","adv-header-id-meta":"","stick-header-meta":"","header-above-stick-meta":"","header-main-stick-meta":"","header-below-stick-meta":"","astra-migrate-meta-layouts":"default","ast-page-background-enabled":"default","ast-page-background-meta":{"desktop":{"background-color":"var(--ast-global-color-5)","background-image":"","background-repeat":"repeat","background-position":"center center","background-size":"auto","background-attachment":"scroll","background-type":"","background-media":"","overlay-type":"","overlay-color":"","overlay-opacity":"","overlay-gradient":""},"tablet":{"background-color":"","background-image":"","background-repeat":"repeat","background-position":"center center","background-size":"auto","background-attachment":"scroll","background-type":"","background-media":"","overlay-type":"","overlay-color":"","overlay-opacity":"","overlay-gradient":""},"mobile":{"background-color":"","background-image":"","background-repeat":"repeat","background-position":"center center","background-size":"auto","background-attachment":"scroll","background-type":"","background-media":"","overlay-type":"","overlay-color":"","overlay-opacity":"","overlay-gradient":""}},"ast-content-background-meta":{"desktop":{"background-color":"var(--ast-global-color-4)","background-image":"","background-repeat":"repeat","background-position":"center center","background-size":"auto","background-attachment":"scroll","background-type":"","background-media":"","overlay-type":"","overlay-color":"","overlay-opacity":"","overlay-gradient":""},"tablet":{"background-color":"var(--ast-global-color-4)","background-image":"","background-repeat":"repeat","background-position":"center center","background-size":"auto","background-attachment":"scroll","background-type":"","background-media":"","overlay-type":"","overlay-color":"","overlay-opacity":"","overlay-gradient":""},"mobile":{"background-color":"var(--ast-global-color-4)","background-image":"","background-repeat":"repeat","background-position":"center center","background-size":"auto","background-attachment":"scroll","background-type":"","background-media":"","overlay-type":"","overlay-color":"","overlay-opacity":"","overlay-gradient":""}},"footnotes":""},"categories":[5,114,14],"tags":[],"class_list":["post-14594","post","type-post","status-publish","format-standard","hentry","category-superior","category-nadal","category-p5"],"post_mailing_queue_ids":[],"_links":{"self":[{"href":"https:\/\/agora.xtec.cat\/escmarquesdelapobla\/wp-json\/wp\/v2\/posts\/14594","targetHints":{"allow":["GET"]}}],"collection":[{"href":"https:\/\/agora.xtec.cat\/escmarquesdelapobla\/wp-json\/wp\/v2\/posts"}],"about":[{"href":"https:\/\/agora.xtec.cat\/escmarquesdelapobla\/wp-json\/wp\/v2\/types\/post"}],"author":[{"embeddable":true,"href":"https:\/\/agora.xtec.cat\/escmarquesdelapobla\/wp-json\/wp\/v2\/users\/1"}],"replies":[{"embeddable":true,"href":"https:\/\/agora.xtec.cat\/escmarquesdelapobla\/wp-json\/wp\/v2\/comments?post=14594"}],"version-history":[{"count":1,"href":"https:\/\/agora.xtec.cat\/escmarquesdelapobla\/wp-json\/wp\/v2\/posts\/14594\/revisions"}],"predecessor-version":[{"id":14595,"href":"https:\/\/agora.xtec.cat\/escmarquesdelapobla\/wp-json\/wp\/v2\/posts\/14594\/revisions\/14595"}],"wp:attachment":[{"href":"https:\/\/agora.xtec.cat\/escmarquesdelapobla\/wp-json\/wp\/v2\/media?parent=14594"}],"wp:term":[{"taxonomy":"category","embeddable":true,"href":"https:\/\/agora.xtec.cat\/escmarquesdelapobla\/wp-json\/wp\/v2\/categories?post=14594"},{"taxonomy":"post_tag","embeddable":true,"href":"https:\/\/agora.xtec.cat\/escmarquesdelapobla\/wp-json\/wp\/v2\/tags?post=14594"}],"curies":[{"name":"wp","href":"https:\/\/api.w.org\/{rel}","templated":true}]}}