{"id":14430,"date":"2024-11-05T09:05:00","date_gmt":"2024-11-05T08:05:00","guid":{"rendered":"https:\/\/agora.xtec.cat\/escmarquesdelapobla\/?p=14430"},"modified":"2024-11-05T10:52:25","modified_gmt":"2024-11-05T09:52:25","slug":"la-castanyada-2024","status":"publish","type":"post","link":"https:\/\/agora.xtec.cat\/escmarquesdelapobla\/infantil\/la-castanyada-2024\/","title":{"rendered":"La Castanyada 2024"},"content":{"rendered":"<p style=\"text-align: justify;\">Dijous 31 vam celebrar la Castanyada a l&#8217;escola, seguint la tradici\u00f3.<\/p>\n<p>Al mat\u00ed els nens i nenes d&#8217;Infantil i Cicle Inicial van anar al gimn\u00e0s a rebre la visita de la Castanyera, el Castanyer i el Marrameu. All\u00e0 els vam donar la benvinguda com toca i tots junts vam cantar can\u00e7ons. L&#8217;alumnat de Mitj\u00e0 i P5 van participar en una gimcana organitzada pels nens i nenes de P6.<\/p>\n<p>A la tarda\u00a0Infantil i P1 van participar en el Ral\u00b7li de la Castanya organitzat pels infants de P2. A Mitj\u00e0 van realitzar un taller de la tardor amb elements naturals i Superior van organitzar una tarda de jocs.<\/p>\n<p>Cliqueu a les imatges per veure com va anar la jornada!<\/p>\n<div style=\"position: relative; width: 100%; height: 0; padding-top: 70.7071%; padding-bottom: 0; box-shadow: 0 2px 8px 0 rgba(63,69,81,0.16); margin-top: 1.6em; margin-bottom: 0.9em; overflow: hidden; border-radius: 8px; will-change: transform;\"><iframe style=\"position: absolute; width: 100%; height: 100%; top: 0; left: 0; border: none; padding: 0; margin: 0;\" src=\"https:\/\/www.canva.com\/design\/DAGVC7MvywI\/fyCjM5XE3vRy5kPMLb5r4A\/view?embed\" allowfullscreen=\"allowfullscreen\"><br \/>\n  <\/iframe><\/div>\n","protected":false},"excerpt":{"rendered":"<p>Dijous 31 vam celebrar la Castanyada a l&#8217;escola, seguint la tradici\u00f3. Al mat\u00ed els nens i nenes d&#8217;Infantil i Cicle Inicial van anar al gimn\u00e0s a rebre la visita de la Castanyera, el Castanyer i el Marrameu. All\u00e0 els vam donar la benvinguda com toca i tots junts vam cantar can\u00e7ons. L&#8217;alumnat de Mitj\u00e0 i [&hellip;]<\/p>\n","protected":false},"author":45,"featured_media":0,"comment_status":"open","ping_status":"closed","sticky":false,"template":"","format":"standard","meta":{"_bbp_topic_count":0,"_bbp_reply_count":0,"_bbp_total_topic_count":0,"_bbp_total_reply_count":0,"_bbp_voice_count":0,"_bbp_anonymous_reply_count":0,"_bbp_topic_count_hidden":0,"_bbp_reply_count_hidden":0,"_bbp_forum_subforum_count":0,"site-sidebar-layout":"default","site-content-layout":"","ast-site-content-layout":"","site-content-style":"default","site-sidebar-style":"default","ast-global-header-display":"","ast-banner-title-visibility":"","ast-main-header-display":"","ast-hfb-above-header-display":"","ast-hfb-below-header-display":"","ast-hfb-mobile-header-display":"","site-post-title":"","ast-breadcrumbs-content":"","ast-featured-img":"","footer-sml-layout":"","theme-transparent-header-meta":"","adv-header-id-meta":"","stick-header-meta":"","header-above-stick-meta":"","header-main-stick-meta":"","header-below-stick-meta":"","astra-migrate-meta-layouts":"default","ast-page-background-enabled":"default","ast-page-background-meta":{"desktop":{"background-color":"var(--ast-global-color-5)","background-image":"","background-repeat":"repeat","background-position":"center center","background-size":"auto","background-attachment":"scroll","background-type":"","background-media":"","overlay-type":"","overlay-color":"","overlay-opacity":"","overlay-gradient":""},"tablet":{"background-color":"","background-image":"","background-repeat":"repeat","background-position":"center center","background-size":"auto","background-attachment":"scroll","background-type":"","background-media":"","overlay-type":"","overlay-color":"","overlay-opacity":"","overlay-gradient":""},"mobile":{"background-color":"","background-image":"","background-repeat":"repeat","background-position":"center center","background-size":"auto","background-attachment":"scroll","background-type":"","background-media":"","overlay-type":"","overlay-color":"","overlay-opacity":"","overlay-gradient":""}},"ast-content-background-meta":{"desktop":{"background-color":"var(--ast-global-color-4)","background-image":"","background-repeat":"repeat","background-position":"center center","background-size":"auto","background-attachment":"scroll","background-type":"","background-media":"","overlay-type":"","overlay-color":"","overlay-opacity":"","overlay-gradient":""},"tablet":{"background-color":"var(--ast-global-color-4)","background-image":"","background-repeat":"repeat","background-position":"center center","background-size":"auto","background-attachment":"scroll","background-type":"","background-media":"","overlay-type":"","overlay-color":"","overlay-opacity":"","overlay-gradient":""},"mobile":{"background-color":"var(--ast-global-color-4)","background-image":"","background-repeat":"repeat","background-position":"center center","background-size":"auto","background-attachment":"scroll","background-type":"","background-media":"","overlay-type":"","overlay-color":"","overlay-opacity":"","overlay-gradient":""}},"footnotes":""},"categories":[170,55,64,65,5,3,8,9,2,141,142,140,139,14,133,171],"tags":[199],"class_list":["post-14430","post","type-post","status-publish","format-standard","hentry","category-castanyada","category-celebracions","category-inicial","category-mitja","category-superior","category-i3","category-i4","category-i5","category-infantil","category-p1","category-p2","category-p3","category-p4","category-p5","category-p6","category-tauler-principal","tag-castanyada"],"post_mailing_queue_ids":[],"_links":{"self":[{"href":"https:\/\/agora.xtec.cat\/escmarquesdelapobla\/wp-json\/wp\/v2\/posts\/14430","targetHints":{"allow":["GET"]}}],"collection":[{"href":"https:\/\/agora.xtec.cat\/escmarquesdelapobla\/wp-json\/wp\/v2\/posts"}],"about":[{"href":"https:\/\/agora.xtec.cat\/escmarquesdelapobla\/wp-json\/wp\/v2\/types\/post"}],"author":[{"embeddable":true,"href":"https:\/\/agora.xtec.cat\/escmarquesdelapobla\/wp-json\/wp\/v2\/users\/45"}],"replies":[{"embeddable":true,"href":"https:\/\/agora.xtec.cat\/escmarquesdelapobla\/wp-json\/wp\/v2\/comments?post=14430"}],"version-history":[{"count":5,"href":"https:\/\/agora.xtec.cat\/escmarquesdelapobla\/wp-json\/wp\/v2\/posts\/14430\/revisions"}],"predecessor-version":[{"id":14449,"href":"https:\/\/agora.xtec.cat\/escmarquesdelapobla\/wp-json\/wp\/v2\/posts\/14430\/revisions\/14449"}],"wp:attachment":[{"href":"https:\/\/agora.xtec.cat\/escmarquesdelapobla\/wp-json\/wp\/v2\/media?parent=14430"}],"wp:term":[{"taxonomy":"category","embeddable":true,"href":"https:\/\/agora.xtec.cat\/escmarquesdelapobla\/wp-json\/wp\/v2\/categories?post=14430"},{"taxonomy":"post_tag","embeddable":true,"href":"https:\/\/agora.xtec.cat\/escmarquesdelapobla\/wp-json\/wp\/v2\/tags?post=14430"}],"curies":[{"name":"wp","href":"https:\/\/api.w.org\/{rel}","templated":true}]}}