{"id":14243,"date":"2024-09-23T09:00:12","date_gmt":"2024-09-23T07:00:12","guid":{"rendered":"https:\/\/agora.xtec.cat\/escmarquesdelapobla\/?p=14243"},"modified":"2024-09-22T20:08:53","modified_gmt":"2024-09-22T18:08:53","slug":"que-esta-passant-amb-la-bassa","status":"publish","type":"post","link":"https:\/\/agora.xtec.cat\/escmarquesdelapobla\/mitja\/que-esta-passant-amb-la-bassa\/","title":{"rendered":"Qu\u00e8 est\u00e0 passant amb la Bassa?"},"content":{"rendered":"<p style=\"text-align: justify;\">Aquests dies hem comen\u00e7at a reflexionar sobre qu\u00e8 est\u00e0 passant amb la Bassa? Per qu\u00e8 ha quedat tan seca i ja no hi ha aigua?<\/p>\n<p style=\"text-align: justify;\">Hem estat fent algunes hip\u00f2tesis i hem compartit reflexions. A partir d&#8217;aqu\u00ed comen\u00e7arem a indagar i ens portar\u00e0 a altres temes importants i interessants per ampliar els nostres coneixements.<\/p>\n<p style=\"text-align: justify;\">Per iniciar tot aquest proc\u00e9s, vam anar a la Bassa i vam dividir el full, en una banda hav\u00edem de dibuixar la Bassa actual i en l&#8217;altra banda com l&#8217;imagin\u00e0vem fa molts anys enrere.<\/p>\n<p><a href=\"https:\/\/photos.app.goo.gl\/UX7wT4zeKaJ2hHGr7\"><img loading=\"lazy\" decoding=\"async\" class=\"alignnone size-large wp-image-14244\" src=\"https:\/\/agora.xtec.cat\/escmarquesdelapobla\/wp-content\/uploads\/usu1682\/2024\/09\/WhatsApp-Image-2024-09-21-at-09.22.04-3-1024x768.jpeg\" alt=\"\" width=\"1024\" height=\"768\" srcset=\"https:\/\/agora.xtec.cat\/escmarquesdelapobla\/wp-content\/uploads\/usu1682\/2024\/09\/WhatsApp-Image-2024-09-21-at-09.22.04-3-1024x768.jpeg 1024w, https:\/\/agora.xtec.cat\/escmarquesdelapobla\/wp-content\/uploads\/usu1682\/2024\/09\/WhatsApp-Image-2024-09-21-at-09.22.04-3-300x225.jpeg 300w, https:\/\/agora.xtec.cat\/escmarquesdelapobla\/wp-content\/uploads\/usu1682\/2024\/09\/WhatsApp-Image-2024-09-21-at-09.22.04-3-768x576.jpeg 768w, https:\/\/agora.xtec.cat\/escmarquesdelapobla\/wp-content\/uploads\/usu1682\/2024\/09\/WhatsApp-Image-2024-09-21-at-09.22.04-3-1536x1152.jpeg 1536w, https:\/\/agora.xtec.cat\/escmarquesdelapobla\/wp-content\/uploads\/usu1682\/2024\/09\/WhatsApp-Image-2024-09-21-at-09.22.04-3-200x150.jpeg 200w, https:\/\/agora.xtec.cat\/escmarquesdelapobla\/wp-content\/uploads\/usu1682\/2024\/09\/WhatsApp-Image-2024-09-21-at-09.22.04-3.jpeg 1600w\" sizes=\"auto, (max-width: 1024px) 100vw, 1024px\" \/><\/a><\/p>\n","protected":false},"excerpt":{"rendered":"<p>Aquests dies hem comen\u00e7at a reflexionar sobre qu\u00e8 est\u00e0 passant amb la Bassa? Per qu\u00e8 ha quedat tan seca i ja no hi ha aigua? Hem estat fent algunes hip\u00f2tesis i hem compartit reflexions. A partir d&#8217;aqu\u00ed comen\u00e7arem a indagar i ens portar\u00e0 a altres temes importants i interessants per ampliar els nostres coneixements. Per [&hellip;]<\/p>\n","protected":false},"author":45,"featured_media":0,"comment_status":"open","ping_status":"closed","sticky":false,"template":"","format":"standard","meta":{"_bbp_topic_count":0,"_bbp_reply_count":0,"_bbp_total_topic_count":0,"_bbp_total_reply_count":0,"_bbp_voice_count":0,"_bbp_anonymous_reply_count":0,"_bbp_topic_count_hidden":0,"_bbp_reply_count_hidden":0,"_bbp_forum_subforum_count":0,"site-sidebar-layout":"default","site-content-layout":"","ast-site-content-layout":"","site-content-style":"default","site-sidebar-style":"default","ast-global-header-display":"","ast-banner-title-visibility":"","ast-main-header-display":"","ast-hfb-above-header-display":"","ast-hfb-below-header-display":"","ast-hfb-mobile-header-display":"","site-post-title":"","ast-breadcrumbs-content":"","ast-featured-img":"","footer-sml-layout":"","theme-transparent-header-meta":"","adv-header-id-meta":"","stick-header-meta":"","header-above-stick-meta":"","header-main-stick-meta":"","header-below-stick-meta":"","astra-migrate-meta-layouts":"default","ast-page-background-enabled":"default","ast-page-background-meta":{"desktop":{"background-color":"var(--ast-global-color-5)","background-image":"","background-repeat":"repeat","background-position":"center center","background-size":"auto","background-attachment":"scroll","background-type":"","background-media":"","overlay-type":"","overlay-color":"","overlay-opacity":"","overlay-gradient":""},"tablet":{"background-color":"","background-image":"","background-repeat":"repeat","background-position":"center center","background-size":"auto","background-attachment":"scroll","background-type":"","background-media":"","overlay-type":"","overlay-color":"","overlay-opacity":"","overlay-gradient":""},"mobile":{"background-color":"","background-image":"","background-repeat":"repeat","background-position":"center center","background-size":"auto","background-attachment":"scroll","background-type":"","background-media":"","overlay-type":"","overlay-color":"","overlay-opacity":"","overlay-gradient":""}},"ast-content-background-meta":{"desktop":{"background-color":"var(--ast-global-color-4)","background-image":"","background-repeat":"repeat","background-position":"center center","background-size":"auto","background-attachment":"scroll","background-type":"","background-media":"","overlay-type":"","overlay-color":"","overlay-opacity":"","overlay-gradient":""},"tablet":{"background-color":"var(--ast-global-color-4)","background-image":"","background-repeat":"repeat","background-position":"center center","background-size":"auto","background-attachment":"scroll","background-type":"","background-media":"","overlay-type":"","overlay-color":"","overlay-opacity":"","overlay-gradient":""},"mobile":{"background-color":"var(--ast-global-color-4)","background-image":"","background-repeat":"repeat","background-position":"center center","background-size":"auto","background-attachment":"scroll","background-type":"","background-media":"","overlay-type":"","overlay-color":"","overlay-opacity":"","overlay-gradient":""}},"footnotes":""},"categories":[65,139],"tags":[187,188],"class_list":["post-14243","post","type-post","status-publish","format-standard","hentry","category-mitja","category-p4","tag-p4a","tag-p4b"],"post_mailing_queue_ids":[],"_links":{"self":[{"href":"https:\/\/agora.xtec.cat\/escmarquesdelapobla\/wp-json\/wp\/v2\/posts\/14243","targetHints":{"allow":["GET"]}}],"collection":[{"href":"https:\/\/agora.xtec.cat\/escmarquesdelapobla\/wp-json\/wp\/v2\/posts"}],"about":[{"href":"https:\/\/agora.xtec.cat\/escmarquesdelapobla\/wp-json\/wp\/v2\/types\/post"}],"author":[{"embeddable":true,"href":"https:\/\/agora.xtec.cat\/escmarquesdelapobla\/wp-json\/wp\/v2\/users\/45"}],"replies":[{"embeddable":true,"href":"https:\/\/agora.xtec.cat\/escmarquesdelapobla\/wp-json\/wp\/v2\/comments?post=14243"}],"version-history":[{"count":1,"href":"https:\/\/agora.xtec.cat\/escmarquesdelapobla\/wp-json\/wp\/v2\/posts\/14243\/revisions"}],"predecessor-version":[{"id":14245,"href":"https:\/\/agora.xtec.cat\/escmarquesdelapobla\/wp-json\/wp\/v2\/posts\/14243\/revisions\/14245"}],"wp:attachment":[{"href":"https:\/\/agora.xtec.cat\/escmarquesdelapobla\/wp-json\/wp\/v2\/media?parent=14243"}],"wp:term":[{"taxonomy":"category","embeddable":true,"href":"https:\/\/agora.xtec.cat\/escmarquesdelapobla\/wp-json\/wp\/v2\/categories?post=14243"},{"taxonomy":"post_tag","embeddable":true,"href":"https:\/\/agora.xtec.cat\/escmarquesdelapobla\/wp-json\/wp\/v2\/tags?post=14243"}],"curies":[{"name":"wp","href":"https:\/\/api.w.org\/{rel}","templated":true}]}}