{"id":14219,"date":"2024-09-07T09:50:55","date_gmt":"2024-09-07T07:50:55","guid":{"rendered":"https:\/\/agora.xtec.cat\/escmarquesdelapobla\/?p=14219"},"modified":"2024-10-08T12:56:04","modified_gmt":"2024-10-08T10:56:04","slug":"a-punt-pel-curs-2024-25","status":"publish","type":"post","link":"https:\/\/agora.xtec.cat\/escmarquesdelapobla\/menjador\/a-punt-pel-curs-2024-25\/","title":{"rendered":"A punt pel curs 2024-25!"},"content":{"rendered":"<p style=\"text-align: justify;\">Bon dia fam\u00edlies,<\/p>\n<p style=\"text-align: justify;\">A l&#8217;escola ja ho tenim tot apunt per comen\u00e7ar el nou curs, per\u00f2 ens falta el m\u00e9s important, que sou vosaltres.<\/p>\n<p style=\"text-align: justify;\">Tot seguit trobareu<strong> informaci\u00f3 rellevant d&#8217;inici de curs<\/strong>. Tamb\u00e9 trobareu el <strong>calendar<\/strong>i del proper curs, el <strong>men\u00fa del mes<\/strong> de setembre, que tamb\u00e9 teniu penjat al blog de l&#8217;escola i la normativa del menjador.<\/p>\n<p style=\"text-align: justify;\">Els <strong>usuaris del menjador<\/strong>, sigueu nous o de continu\u00eftat, dilluns haureu de portar la <span style=\"text-decoration: underline;\">fitxa d&#8217;inscripci\u00f3<\/span> o de <span style=\"text-decoration: underline;\">continu\u00eftat<\/span> omplerta i donar-la a cada tutor\/a. La trobareu a continuaci\u00f3.<\/p>\n<p style=\"text-align: justify;\">Us esperem el proper dilluns 9 de setembre, a les 9:00h, amb moltes ganes i il\u00b7lusi\u00f3!!!<\/p>\n<p>Una abra\u00e7ada!!!<\/p>\n<div style=\"position: relative; width: 100%; height: 0; padding-top: 70.7071%; padding-bottom: 0; box-shadow: 0 2px 8px 0 rgba(63,69,81,0.16); margin-top: 1.6em; margin-bottom: 0.9em; overflow: hidden; border-radius: 8px; will-change: transform;\"><iframe style=\"position: absolute; width: 100%; height: 100%; top: 0; left: 0; border: none; padding: 0; margin: 0;\" src=\"https:\/\/www.canva.com\/design\/DAGQDy8Ileg\/ULMkaqZJppmJt1LXfI8HPw\/view?embed\" allowfullscreen=\"allowfullscreen\"><br \/>\n<\/iframe><\/div>\n<p>&nbsp;<\/p>\n","protected":false},"excerpt":{"rendered":"<p>Bon dia fam\u00edlies, A l&#8217;escola ja ho tenim tot apunt per comen\u00e7ar el nou curs, per\u00f2 ens falta el m\u00e9s important, que sou vosaltres. Tot seguit trobareu informaci\u00f3 rellevant d&#8217;inici de curs. Tamb\u00e9 trobareu el calendari del proper curs, el men\u00fa del mes de setembre, que tamb\u00e9 teniu penjat al blog de l&#8217;escola i la [&hellip;]<\/p>\n","protected":false},"author":45,"featured_media":0,"comment_status":"open","ping_status":"closed","sticky":false,"template":"","format":"standard","meta":{"_bbp_topic_count":0,"_bbp_reply_count":0,"_bbp_total_topic_count":0,"_bbp_total_reply_count":0,"_bbp_voice_count":0,"_bbp_anonymous_reply_count":0,"_bbp_topic_count_hidden":0,"_bbp_reply_count_hidden":0,"_bbp_forum_subforum_count":0,"site-sidebar-layout":"default","site-content-layout":"","ast-site-content-layout":"","site-content-style":"default","site-sidebar-style":"default","ast-global-header-display":"","ast-banner-title-visibility":"","ast-main-header-display":"","ast-hfb-above-header-display":"","ast-hfb-below-header-display":"","ast-hfb-mobile-header-display":"","site-post-title":"","ast-breadcrumbs-content":"","ast-featured-img":"","footer-sml-layout":"","theme-transparent-header-meta":"","adv-header-id-meta":"","stick-header-meta":"","header-above-stick-meta":"","header-main-stick-meta":"","header-below-stick-meta":"","astra-migrate-meta-layouts":"default","ast-page-background-enabled":"default","ast-page-background-meta":{"desktop":{"background-color":"var(--ast-global-color-5)","background-image":"","background-repeat":"repeat","background-position":"center center","background-size":"auto","background-attachment":"scroll","background-type":"","background-media":"","overlay-type":"","overlay-color":"","overlay-opacity":"","overlay-gradient":""},"tablet":{"background-color":"","background-image":"","background-repeat":"repeat","background-position":"center center","background-size":"auto","background-attachment":"scroll","background-type":"","background-media":"","overlay-type":"","overlay-color":"","overlay-opacity":"","overlay-gradient":""},"mobile":{"background-color":"","background-image":"","background-repeat":"repeat","background-position":"center center","background-size":"auto","background-attachment":"scroll","background-type":"","background-media":"","overlay-type":"","overlay-color":"","overlay-opacity":"","overlay-gradient":""}},"ast-content-background-meta":{"desktop":{"background-color":"var(--ast-global-color-4)","background-image":"","background-repeat":"repeat","background-position":"center center","background-size":"auto","background-attachment":"scroll","background-type":"","background-media":"","overlay-type":"","overlay-color":"","overlay-opacity":"","overlay-gradient":""},"tablet":{"background-color":"var(--ast-global-color-4)","background-image":"","background-repeat":"repeat","background-position":"center center","background-size":"auto","background-attachment":"scroll","background-type":"","background-media":"","overlay-type":"","overlay-color":"","overlay-opacity":"","overlay-gradient":""},"mobile":{"background-color":"var(--ast-global-color-4)","background-image":"","background-repeat":"repeat","background-position":"center center","background-size":"auto","background-attachment":"scroll","background-type":"","background-media":"","overlay-type":"","overlay-color":"","overlay-opacity":"","overlay-gradient":""}},"footnotes":""},"categories":[79,80,61,171],"tags":[],"class_list":["post-14219","post","type-post","status-publish","format-standard","hentry","category-info","category-escola","category-menjador","category-tauler-principal"],"post_mailing_queue_ids":[],"_links":{"self":[{"href":"https:\/\/agora.xtec.cat\/escmarquesdelapobla\/wp-json\/wp\/v2\/posts\/14219","targetHints":{"allow":["GET"]}}],"collection":[{"href":"https:\/\/agora.xtec.cat\/escmarquesdelapobla\/wp-json\/wp\/v2\/posts"}],"about":[{"href":"https:\/\/agora.xtec.cat\/escmarquesdelapobla\/wp-json\/wp\/v2\/types\/post"}],"author":[{"embeddable":true,"href":"https:\/\/agora.xtec.cat\/escmarquesdelapobla\/wp-json\/wp\/v2\/users\/45"}],"replies":[{"embeddable":true,"href":"https:\/\/agora.xtec.cat\/escmarquesdelapobla\/wp-json\/wp\/v2\/comments?post=14219"}],"version-history":[{"count":2,"href":"https:\/\/agora.xtec.cat\/escmarquesdelapobla\/wp-json\/wp\/v2\/posts\/14219\/revisions"}],"predecessor-version":[{"id":14225,"href":"https:\/\/agora.xtec.cat\/escmarquesdelapobla\/wp-json\/wp\/v2\/posts\/14219\/revisions\/14225"}],"wp:attachment":[{"href":"https:\/\/agora.xtec.cat\/escmarquesdelapobla\/wp-json\/wp\/v2\/media?parent=14219"}],"wp:term":[{"taxonomy":"category","embeddable":true,"href":"https:\/\/agora.xtec.cat\/escmarquesdelapobla\/wp-json\/wp\/v2\/categories?post=14219"},{"taxonomy":"post_tag","embeddable":true,"href":"https:\/\/agora.xtec.cat\/escmarquesdelapobla\/wp-json\/wp\/v2\/tags?post=14219"}],"curies":[{"name":"wp","href":"https:\/\/api.w.org\/{rel}","templated":true}]}}