{"id":14206,"date":"2024-06-22T16:10:07","date_gmt":"2024-06-22T14:10:07","guid":{"rendered":"https:\/\/agora.xtec.cat\/escmarquesdelapobla\/?p=14206"},"modified":"2024-06-22T16:10:07","modified_gmt":"2024-06-22T14:10:07","slug":"ultim-dia-del-curs","status":"publish","type":"post","link":"https:\/\/agora.xtec.cat\/escmarquesdelapobla\/celebracions\/ultim-dia-del-curs\/","title":{"rendered":"\u00daltim dia del curs"},"content":{"rendered":"<p>Divendres va ser l&#8217;\u00faltim dia del curs i alhora va ser un dia de moltes emocions i moments especials.<\/p>\n<p>Primer de tot cada classe fa fer el tancament del curs a la seva manera i despr\u00e9s ens vam reunir tots a la pista verda per veure els balls de P6 i cantar l&#8217;hora dels ad\u00e9us. Tamb\u00e9 ens vam acomiadar del Miquel, ja que aquest any ha estat el darrer curs per ell a l&#8217;escola. A continuaci\u00f3 vam jugar el m\u00edtic partit de mestres contra alumnes de P6!<\/p>\n<p>Despr\u00e9s cada grup va anar a la seva classe i es va fer un pica pica, on els alumnes va portar alguna cosa per compartir. Finalment els nens i nenes van menjar gelats, van jugar una estoneta i ens vam fer una fora abra\u00e7ada desitjant un molt bon estiu a tothom!.<\/p>\n<p>Que tingueu molt bones vacances, fam\u00edlies!<\/p>\n<p><a href=\"https:\/\/photos.app.goo.gl\/xTkKpeky7EYmyxnS8\"><img loading=\"lazy\" decoding=\"async\" class=\"aligncenter wp-image-14207 size-large\" src=\"https:\/\/agora.xtec.cat\/escmarquesdelapobla\/wp-content\/uploads\/usu1682\/2024\/06\/1719063650894-1-1024x462.jpg\" alt=\"\" width=\"1024\" height=\"462\" srcset=\"https:\/\/agora.xtec.cat\/escmarquesdelapobla\/wp-content\/uploads\/usu1682\/2024\/06\/1719063650894-1-1024x462.jpg 1024w, https:\/\/agora.xtec.cat\/escmarquesdelapobla\/wp-content\/uploads\/usu1682\/2024\/06\/1719063650894-1-300x135.jpg 300w, https:\/\/agora.xtec.cat\/escmarquesdelapobla\/wp-content\/uploads\/usu1682\/2024\/06\/1719063650894-1-768x346.jpg 768w, https:\/\/agora.xtec.cat\/escmarquesdelapobla\/wp-content\/uploads\/usu1682\/2024\/06\/1719063650894-1-1536x693.jpg 1536w, https:\/\/agora.xtec.cat\/escmarquesdelapobla\/wp-content\/uploads\/usu1682\/2024\/06\/1719063650894-1-2048x924.jpg 2048w\" sizes=\"auto, (max-width: 1024px) 100vw, 1024px\" \/><\/a><\/p>\n","protected":false},"excerpt":{"rendered":"<p>Divendres va ser l&#8217;\u00faltim dia del curs i alhora va ser un dia de moltes emocions i moments especials. Primer de tot cada classe fa fer el tancament del curs a la seva manera i despr\u00e9s ens vam reunir tots a la pista verda per veure els balls de P6 i cantar l&#8217;hora dels ad\u00e9us. [&hellip;]<\/p>\n","protected":false},"author":45,"featured_media":0,"comment_status":"open","ping_status":"closed","sticky":false,"template":"","format":"standard","meta":{"_bbp_topic_count":0,"_bbp_reply_count":0,"_bbp_total_topic_count":0,"_bbp_total_reply_count":0,"_bbp_voice_count":0,"_bbp_anonymous_reply_count":0,"_bbp_topic_count_hidden":0,"_bbp_reply_count_hidden":0,"_bbp_forum_subforum_count":0,"site-sidebar-layout":"default","site-content-layout":"","ast-site-content-layout":"","site-content-style":"default","site-sidebar-style":"default","ast-global-header-display":"","ast-banner-title-visibility":"","ast-main-header-display":"","ast-hfb-above-header-display":"","ast-hfb-below-header-display":"","ast-hfb-mobile-header-display":"","site-post-title":"","ast-breadcrumbs-content":"","ast-featured-img":"","footer-sml-layout":"","theme-transparent-header-meta":"","adv-header-id-meta":"","stick-header-meta":"","header-above-stick-meta":"","header-main-stick-meta":"","header-below-stick-meta":"","astra-migrate-meta-layouts":"default","ast-page-background-enabled":"default","ast-page-background-meta":{"desktop":{"background-color":"var(--ast-global-color-5)","background-image":"","background-repeat":"repeat","background-position":"center center","background-size":"auto","background-attachment":"scroll","background-type":"","background-media":"","overlay-type":"","overlay-color":"","overlay-opacity":"","overlay-gradient":""},"tablet":{"background-color":"","background-image":"","background-repeat":"repeat","background-position":"center center","background-size":"auto","background-attachment":"scroll","background-type":"","background-media":"","overlay-type":"","overlay-color":"","overlay-opacity":"","overlay-gradient":""},"mobile":{"background-color":"","background-image":"","background-repeat":"repeat","background-position":"center center","background-size":"auto","background-attachment":"scroll","background-type":"","background-media":"","overlay-type":"","overlay-color":"","overlay-opacity":"","overlay-gradient":""}},"ast-content-background-meta":{"desktop":{"background-color":"var(--ast-global-color-4)","background-image":"","background-repeat":"repeat","background-position":"center center","background-size":"auto","background-attachment":"scroll","background-type":"","background-media":"","overlay-type":"","overlay-color":"","overlay-opacity":"","overlay-gradient":""},"tablet":{"background-color":"var(--ast-global-color-4)","background-image":"","background-repeat":"repeat","background-position":"center center","background-size":"auto","background-attachment":"scroll","background-type":"","background-media":"","overlay-type":"","overlay-color":"","overlay-opacity":"","overlay-gradient":""},"mobile":{"background-color":"var(--ast-global-color-4)","background-image":"","background-repeat":"repeat","background-position":"center center","background-size":"auto","background-attachment":"scroll","background-type":"","background-media":"","overlay-type":"","overlay-color":"","overlay-opacity":"","overlay-gradient":""}},"footnotes":""},"categories":[55,171],"tags":[],"class_list":["post-14206","post","type-post","status-publish","format-standard","hentry","category-celebracions","category-tauler-principal"],"post_mailing_queue_ids":[],"_links":{"self":[{"href":"https:\/\/agora.xtec.cat\/escmarquesdelapobla\/wp-json\/wp\/v2\/posts\/14206","targetHints":{"allow":["GET"]}}],"collection":[{"href":"https:\/\/agora.xtec.cat\/escmarquesdelapobla\/wp-json\/wp\/v2\/posts"}],"about":[{"href":"https:\/\/agora.xtec.cat\/escmarquesdelapobla\/wp-json\/wp\/v2\/types\/post"}],"author":[{"embeddable":true,"href":"https:\/\/agora.xtec.cat\/escmarquesdelapobla\/wp-json\/wp\/v2\/users\/45"}],"replies":[{"embeddable":true,"href":"https:\/\/agora.xtec.cat\/escmarquesdelapobla\/wp-json\/wp\/v2\/comments?post=14206"}],"version-history":[{"count":2,"href":"https:\/\/agora.xtec.cat\/escmarquesdelapobla\/wp-json\/wp\/v2\/posts\/14206\/revisions"}],"predecessor-version":[{"id":14209,"href":"https:\/\/agora.xtec.cat\/escmarquesdelapobla\/wp-json\/wp\/v2\/posts\/14206\/revisions\/14209"}],"wp:attachment":[{"href":"https:\/\/agora.xtec.cat\/escmarquesdelapobla\/wp-json\/wp\/v2\/media?parent=14206"}],"wp:term":[{"taxonomy":"category","embeddable":true,"href":"https:\/\/agora.xtec.cat\/escmarquesdelapobla\/wp-json\/wp\/v2\/categories?post=14206"},{"taxonomy":"post_tag","embeddable":true,"href":"https:\/\/agora.xtec.cat\/escmarquesdelapobla\/wp-json\/wp\/v2\/tags?post=14206"}],"curies":[{"name":"wp","href":"https:\/\/api.w.org\/{rel}","templated":true}]}}