{"id":14184,"date":"2024-06-14T13:26:27","date_gmt":"2024-06-14T11:26:27","guid":{"rendered":"https:\/\/agora.xtec.cat\/escmarquesdelapobla\/?p=14184"},"modified":"2024-06-14T13:26:27","modified_gmt":"2024-06-14T11:26:27","slug":"diversitat-musical-i-graduacio-a-p6","status":"publish","type":"post","link":"https:\/\/agora.xtec.cat\/escmarquesdelapobla\/superior\/p6\/diversitat-musical-i-graduacio-a-p6\/","title":{"rendered":"Diversitat musical i graduaci\u00f3 a P6"},"content":{"rendered":"<p>Dimecres 12\u00a0de maig els nens i nenes de les\u00a0classes\u00a0F\u00e8nix i Wonderland vam realitzar el projecte final de P6: la diversitat musical.<\/p>\n<p>Va ser un moment fant\u00e0stic on\u00a0vam realitzar\u00a03 sessions al llarg del dia, dues per tot l\u2019alumnat de l\u2019escola i l\u2019\u00faltima per a les fam\u00edlies.<\/p>\n<p>Aqu\u00ed us deixem un seguit de comentaris dels nens i nenes:<\/p>\n<p>\u2019\u2019Va ser molt emotiu pels mestres i fam\u00edlies, per\u00f2 sobretot pels alumnes. Ens ha\u00a0transm\u00e8s\u00a0molts records<span class=\"hiddenGrammarError\" style=\"padding-bottom: 2px; background-image: url('..\/..\/..\/..\/..\/images\/squiggle.png'); background-repeat: repeat-x; background-position: left bottom; cursor: default; color: #000000; font-family: 'Open Sans', Helvetica, Arial, sans-serif; font-size: 16px; font-style: normal; font-variant-ligatures: normal; font-variant-caps: normal; font-weight: 300; letter-spacing: normal; orphans: 2; text-align: start; text-indent: 0px; text-transform: none; white-space: normal; widows: 2; word-spacing: 0px; -webkit-text-stroke-width: 0px; text-decoration-thickness: initial; text-decoration-style: initial; text-decoration-color: initial;\">\u2019<\/span>\u2019.<\/p>\n<p>\u2018\u2019M\u2019ha transm\u00e8s\u00a0molts tipus de sentiments: tristesa, felicitat,\u00a0alegria, sorpresa\u2026<span class=\"hiddenGrammarError\" style=\"padding-bottom: 2px; background-image: url('..\/..\/..\/..\/..\/images\/squiggle.png'); background-repeat: repeat-x; background-position: left bottom; cursor: default; color: #000000; font-family: 'Open Sans', Helvetica, Arial, sans-serif; font-size: 16px; font-style: normal; font-variant-ligatures: normal; font-variant-caps: normal; font-weight: 300; letter-spacing: normal; orphans: 2; text-align: start; text-indent: 0px; text-transform: none; white-space: normal; widows: 2; word-spacing: 0px; -webkit-text-stroke-width: 0px; text-decoration-thickness: initial; text-decoration-style: initial; text-decoration-color: initial;\">\u2019<\/span>\u2019<\/p>\n<p>\u2018\u2019El moment que m\u00e9s em va agradar va ser quan vam entrar i vaig veure a la meva\u00a0fam\u00edlia\u00a0contents i contentes.<span class=\"hiddenGrammarError\" style=\"padding-bottom: 2px; background-image: url('..\/..\/..\/..\/..\/images\/squiggle.png'); background-repeat: repeat-x; background-position: left bottom; cursor: default; color: #000000; font-family: 'Open Sans', Helvetica, Arial, sans-serif; font-size: 16px; font-style: normal; font-variant-ligatures: normal; font-variant-caps: normal; font-weight: 300; letter-spacing: normal; orphans: 2; text-align: start; text-indent: 0px; text-transform: none; white-space: normal; widows: 2; word-spacing: 0px; -webkit-text-stroke-width: 0px; text-decoration-thickness: initial; text-decoration-style: initial; text-decoration-color: initial;\">\u2019<\/span>\u2019<\/p>\n<p>\u2018\u2019El moment que m\u00e9s em va agradar va ser quan vam veure el v\u00eddeo on es veu la nostra evoluci\u00f3 de petits a grans.<span class=\"hiddenGrammarError\" style=\"padding-bottom: 2px; background-image: url('..\/..\/..\/..\/..\/images\/squiggle.png'); background-repeat: repeat-x; background-position: left bottom; cursor: default; color: #000000; font-family: 'Open Sans', Helvetica, Arial, sans-serif; font-size: 16px; font-style: normal; font-variant-ligatures: normal; font-variant-caps: normal; font-weight: 300; letter-spacing: normal; orphans: 2; text-align: start; text-indent: 0px; text-transform: none; white-space: normal; widows: 2; word-spacing: 0px; -webkit-text-stroke-width: 0px; text-decoration-thickness: initial; text-decoration-style: initial; text-decoration-color: initial;\">\u2019<\/span>\u2019<\/p>\n<p>\u2018\u2019Em va agradar i em vaig emocionar molt perqu\u00e8 recordava tots els moments a l\u2019escola<span class=\"hiddenGrammarError\" style=\"padding-bottom: 2px; background-image: url('..\/..\/..\/..\/..\/images\/squiggle.png'); background-repeat: repeat-x; background-position: left bottom; cursor: default; color: #000000; font-family: 'Open Sans', Helvetica, Arial, sans-serif; font-size: 16px; font-style: normal; font-variant-ligatures: normal; font-variant-caps: normal; font-weight: 300; letter-spacing: normal; orphans: 2; text-align: start; text-indent: 0px; text-transform: none; white-space: normal; widows: 2; word-spacing: 0px; -webkit-text-stroke-width: 0px; text-decoration-thickness: initial; text-decoration-style: initial; text-decoration-color: initial;\">\u2019<\/span>\u2019.<\/p>\n<p>\u2018\u2019 Va ser molt divertit. Molt emocionant quan vam parlar de l\u2019Arnau i la Marta.<span class=\"hiddenGrammarError\" style=\"padding-bottom: 2px; background-image: url('..\/..\/..\/..\/..\/images\/squiggle.png'); background-repeat: repeat-x; background-position: left bottom; cursor: default; color: #000000; font-family: 'Open Sans', Helvetica, Arial, sans-serif; font-size: 16px; font-style: normal; font-variant-ligatures: normal; font-variant-caps: normal; font-weight: 300; letter-spacing: normal; orphans: 2; text-align: start; text-indent: 0px; text-transform: none; white-space: normal; widows: 2; word-spacing: 0px; -webkit-text-stroke-width: 0px; text-decoration-thickness: initial; text-decoration-style: initial; text-decoration-color: initial;\">\u2019<\/span>\u2019<\/p>\n<p>Moltes gr\u00e0cies a totes les persones que han format part d\u2019aquest projecte, sobretot al Jaume que ha tingut sempre molta paci\u00e8ncia i ha sabut treure el millor de tots nosaltres.<\/p>\n<p>Tamb\u00e9 vam realitzar la nostra graduaci\u00f3. Va ser un moment molt emotiu on vam viure un munt de sorpreses! Agra\u00efr-vos a tothom el vostre esfor\u00e7 per tal que aquesta festa sigu\u00e9s inoblidable!<\/p>\n<p>Gr\u00e0cies a les fam\u00edlies i als amics que ens heu acompanyat al llarg d&#8217;aquesta etapa, ara toca avan\u00e7ar i mirar endavant cap a un nou cap\u00edtol de la nostra vida: l&#8217;institut.<\/p>\n<p>F\u00c8NIX I\u00a0WONDERLAND.<\/p>\n<p>&nbsp;<\/p>\n<p><a href=\"https:\/\/photos.app.goo.gl\/Hw3kR8oe7GatrUVb6\"><img loading=\"lazy\" decoding=\"async\" class=\"alignnone wp-image-14186 size-large\" src=\"https:\/\/agora.xtec.cat\/escmarquesdelapobla\/wp-content\/uploads\/usu1682\/2024\/06\/e10c8d7f-edd5-4bfd-8e03-c455a083aece-1-1024x768.jpg\" alt=\"\" width=\"1024\" height=\"768\" srcset=\"https:\/\/agora.xtec.cat\/escmarquesdelapobla\/wp-content\/uploads\/usu1682\/2024\/06\/e10c8d7f-edd5-4bfd-8e03-c455a083aece-1-1024x768.jpg 1024w, https:\/\/agora.xtec.cat\/escmarquesdelapobla\/wp-content\/uploads\/usu1682\/2024\/06\/e10c8d7f-edd5-4bfd-8e03-c455a083aece-1-300x225.jpg 300w, https:\/\/agora.xtec.cat\/escmarquesdelapobla\/wp-content\/uploads\/usu1682\/2024\/06\/e10c8d7f-edd5-4bfd-8e03-c455a083aece-1-768x576.jpg 768w, https:\/\/agora.xtec.cat\/escmarquesdelapobla\/wp-content\/uploads\/usu1682\/2024\/06\/e10c8d7f-edd5-4bfd-8e03-c455a083aece-1-1536x1152.jpg 1536w, https:\/\/agora.xtec.cat\/escmarquesdelapobla\/wp-content\/uploads\/usu1682\/2024\/06\/e10c8d7f-edd5-4bfd-8e03-c455a083aece-1-200x150.jpg 200w, https:\/\/agora.xtec.cat\/escmarquesdelapobla\/wp-content\/uploads\/usu1682\/2024\/06\/e10c8d7f-edd5-4bfd-8e03-c455a083aece-1.jpg 2048w\" sizes=\"auto, (max-width: 1024px) 100vw, 1024px\" \/><\/a><\/p>\n","protected":false},"excerpt":{"rendered":"<p>Dimecres 12\u00a0de maig els nens i nenes de les\u00a0classes\u00a0F\u00e8nix i Wonderland vam realitzar el projecte final de P6: la diversitat musical. Va ser un moment fant\u00e0stic on\u00a0vam realitzar\u00a03 sessions al llarg del dia, dues per tot l\u2019alumnat de l\u2019escola i l\u2019\u00faltima per a les fam\u00edlies. Aqu\u00ed us deixem un seguit de comentaris dels nens i [&hellip;]<\/p>\n","protected":false},"author":2,"featured_media":0,"comment_status":"open","ping_status":"closed","sticky":false,"template":"","format":"standard","meta":{"_bbp_topic_count":0,"_bbp_reply_count":0,"_bbp_total_topic_count":0,"_bbp_total_reply_count":0,"_bbp_voice_count":0,"_bbp_anonymous_reply_count":0,"_bbp_topic_count_hidden":0,"_bbp_reply_count_hidden":0,"_bbp_forum_subforum_count":0,"site-sidebar-layout":"default","site-content-layout":"","ast-site-content-layout":"","site-content-style":"default","site-sidebar-style":"default","ast-global-header-display":"","ast-banner-title-visibility":"","ast-main-header-display":"","ast-hfb-above-header-display":"","ast-hfb-below-header-display":"","ast-hfb-mobile-header-display":"","site-post-title":"","ast-breadcrumbs-content":"","ast-featured-img":"","footer-sml-layout":"","theme-transparent-header-meta":"","adv-header-id-meta":"","stick-header-meta":"","header-above-stick-meta":"","header-main-stick-meta":"","header-below-stick-meta":"","astra-migrate-meta-layouts":"default","ast-page-background-enabled":"default","ast-page-background-meta":{"desktop":{"background-color":"var(--ast-global-color-5)","background-image":"","background-repeat":"repeat","background-position":"center center","background-size":"auto","background-attachment":"scroll","background-type":"","background-media":"","overlay-type":"","overlay-color":"","overlay-opacity":"","overlay-gradient":""},"tablet":{"background-color":"","background-image":"","background-repeat":"repeat","background-position":"center center","background-size":"auto","background-attachment":"scroll","background-type":"","background-media":"","overlay-type":"","overlay-color":"","overlay-opacity":"","overlay-gradient":""},"mobile":{"background-color":"","background-image":"","background-repeat":"repeat","background-position":"center center","background-size":"auto","background-attachment":"scroll","background-type":"","background-media":"","overlay-type":"","overlay-color":"","overlay-opacity":"","overlay-gradient":""}},"ast-content-background-meta":{"desktop":{"background-color":"var(--ast-global-color-4)","background-image":"","background-repeat":"repeat","background-position":"center center","background-size":"auto","background-attachment":"scroll","background-type":"","background-media":"","overlay-type":"","overlay-color":"","overlay-opacity":"","overlay-gradient":""},"tablet":{"background-color":"var(--ast-global-color-4)","background-image":"","background-repeat":"repeat","background-position":"center center","background-size":"auto","background-attachment":"scroll","background-type":"","background-media":"","overlay-type":"","overlay-color":"","overlay-opacity":"","overlay-gradient":""},"mobile":{"background-color":"var(--ast-global-color-4)","background-image":"","background-repeat":"repeat","background-position":"center center","background-size":"auto","background-attachment":"scroll","background-type":"","background-media":"","overlay-type":"","overlay-color":"","overlay-opacity":"","overlay-gradient":""}},"footnotes":""},"categories":[133,171],"tags":[298,211,212],"class_list":["post-14184","post","type-post","status-publish","format-standard","hentry","category-p6","category-tauler-principal","tag-p6","tag-p6a","tag-p6b"],"post_mailing_queue_ids":[],"_links":{"self":[{"href":"https:\/\/agora.xtec.cat\/escmarquesdelapobla\/wp-json\/wp\/v2\/posts\/14184","targetHints":{"allow":["GET"]}}],"collection":[{"href":"https:\/\/agora.xtec.cat\/escmarquesdelapobla\/wp-json\/wp\/v2\/posts"}],"about":[{"href":"https:\/\/agora.xtec.cat\/escmarquesdelapobla\/wp-json\/wp\/v2\/types\/post"}],"author":[{"embeddable":true,"href":"https:\/\/agora.xtec.cat\/escmarquesdelapobla\/wp-json\/wp\/v2\/users\/2"}],"replies":[{"embeddable":true,"href":"https:\/\/agora.xtec.cat\/escmarquesdelapobla\/wp-json\/wp\/v2\/comments?post=14184"}],"version-history":[{"count":1,"href":"https:\/\/agora.xtec.cat\/escmarquesdelapobla\/wp-json\/wp\/v2\/posts\/14184\/revisions"}],"predecessor-version":[{"id":14187,"href":"https:\/\/agora.xtec.cat\/escmarquesdelapobla\/wp-json\/wp\/v2\/posts\/14184\/revisions\/14187"}],"wp:attachment":[{"href":"https:\/\/agora.xtec.cat\/escmarquesdelapobla\/wp-json\/wp\/v2\/media?parent=14184"}],"wp:term":[{"taxonomy":"category","embeddable":true,"href":"https:\/\/agora.xtec.cat\/escmarquesdelapobla\/wp-json\/wp\/v2\/categories?post=14184"},{"taxonomy":"post_tag","embeddable":true,"href":"https:\/\/agora.xtec.cat\/escmarquesdelapobla\/wp-json\/wp\/v2\/tags?post=14184"}],"curies":[{"name":"wp","href":"https:\/\/api.w.org\/{rel}","templated":true}]}}