{"id":14172,"date":"2024-06-13T17:46:07","date_gmt":"2024-06-13T15:46:07","guid":{"rendered":"https:\/\/agora.xtec.cat\/escmarquesdelapobla\/?p=14172"},"modified":"2024-06-13T17:46:07","modified_gmt":"2024-06-13T15:46:07","slug":"trobada-amb-les-families-del-proper-curs","status":"publish","type":"post","link":"https:\/\/agora.xtec.cat\/escmarquesdelapobla\/general\/trobada-amb-les-families-del-proper-curs\/","title":{"rendered":"Trobada amb les fam\u00edlies del proper curs"},"content":{"rendered":"<p style=\"text-align: justify;\">Avui, dijous 13 de juny, ha estat un dia molt especial pels infants i les fam\u00edlies que han triat la nostra escola, per comen\u00e7ar una nova etapa en les seves vides.<\/p>\n<p style=\"text-align: justify;\">Els grups d&#8217;infantil I3,I4 i I5 juntament amb l&#8217;equip educatiu d&#8217;aquest cicle, els especialistes de m\u00fasica de l&#8217;escola, i direcci\u00f3; han organitzat una trobada a la pista grisa del pati, on hem pogut gaudir d&#8217;una estona de can\u00e7ons i danses compartides, per seguidament donar pas, als jocs i aventures amb els infants d&#8217;I3 al pati de sorra i el bosc m\u00e0gic, on han trobat diferents propostes de joc i fer la cloenda, amb un esmorzar plegats , nom\u00e9s de les fam\u00edlies nou vingudes, al menjador de la nostra escola.<\/p>\n<p>Ens ho hem passat molt b\u00e9.<\/p>\n<p><a href=\"https:\/\/photos.app.goo.gl\/U5ZJMBkcPYEx4Q4KA\"><img loading=\"lazy\" decoding=\"async\" class=\"alignnone wp-image-14174 size-large\" src=\"https:\/\/agora.xtec.cat\/escmarquesdelapobla\/wp-content\/uploads\/usu1682\/2024\/06\/IMG-20240613-WA0012-1024x576.jpg\" alt=\"\" width=\"1024\" height=\"576\" srcset=\"https:\/\/agora.xtec.cat\/escmarquesdelapobla\/wp-content\/uploads\/usu1682\/2024\/06\/IMG-20240613-WA0012-1024x576.jpg 1024w, https:\/\/agora.xtec.cat\/escmarquesdelapobla\/wp-content\/uploads\/usu1682\/2024\/06\/IMG-20240613-WA0012-300x169.jpg 300w, https:\/\/agora.xtec.cat\/escmarquesdelapobla\/wp-content\/uploads\/usu1682\/2024\/06\/IMG-20240613-WA0012-768x432.jpg 768w, https:\/\/agora.xtec.cat\/escmarquesdelapobla\/wp-content\/uploads\/usu1682\/2024\/06\/IMG-20240613-WA0012-1536x864.jpg 1536w, https:\/\/agora.xtec.cat\/escmarquesdelapobla\/wp-content\/uploads\/usu1682\/2024\/06\/IMG-20240613-WA0012.jpg 1920w\" sizes=\"auto, (max-width: 1024px) 100vw, 1024px\" \/><\/a><\/p>\n<p style=\"text-align: justify;\">\n","protected":false},"excerpt":{"rendered":"<p>Avui, dijous 13 de juny, ha estat un dia molt especial pels infants i les fam\u00edlies que han triat la nostra escola, per comen\u00e7ar una nova etapa en les seves vides. Els grups d&#8217;infantil I3,I4 i I5 juntament amb l&#8217;equip educatiu d&#8217;aquest cicle, els especialistes de m\u00fasica de l&#8217;escola, i direcci\u00f3; han organitzat una trobada [&hellip;]<\/p>\n","protected":false},"author":52,"featured_media":0,"comment_status":"open","ping_status":"closed","sticky":false,"template":"","format":"standard","meta":{"_bbp_topic_count":0,"_bbp_reply_count":0,"_bbp_total_topic_count":0,"_bbp_total_reply_count":0,"_bbp_voice_count":0,"_bbp_anonymous_reply_count":0,"_bbp_topic_count_hidden":0,"_bbp_reply_count_hidden":0,"_bbp_forum_subforum_count":0,"site-sidebar-layout":"default","site-content-layout":"","ast-site-content-layout":"","site-content-style":"default","site-sidebar-style":"default","ast-global-header-display":"","ast-banner-title-visibility":"","ast-main-header-display":"","ast-hfb-above-header-display":"","ast-hfb-below-header-display":"","ast-hfb-mobile-header-display":"","site-post-title":"","ast-breadcrumbs-content":"","ast-featured-img":"","footer-sml-layout":"","theme-transparent-header-meta":"","adv-header-id-meta":"","stick-header-meta":"","header-above-stick-meta":"","header-main-stick-meta":"","header-below-stick-meta":"","astra-migrate-meta-layouts":"default","ast-page-background-enabled":"default","ast-page-background-meta":{"desktop":{"background-color":"var(--ast-global-color-5)","background-image":"","background-repeat":"repeat","background-position":"center center","background-size":"auto","background-attachment":"scroll","background-type":"","background-media":"","overlay-type":"","overlay-color":"","overlay-opacity":"","overlay-gradient":""},"tablet":{"background-color":"","background-image":"","background-repeat":"repeat","background-position":"center center","background-size":"auto","background-attachment":"scroll","background-type":"","background-media":"","overlay-type":"","overlay-color":"","overlay-opacity":"","overlay-gradient":""},"mobile":{"background-color":"","background-image":"","background-repeat":"repeat","background-position":"center center","background-size":"auto","background-attachment":"scroll","background-type":"","background-media":"","overlay-type":"","overlay-color":"","overlay-opacity":"","overlay-gradient":""}},"ast-content-background-meta":{"desktop":{"background-color":"var(--ast-global-color-4)","background-image":"","background-repeat":"repeat","background-position":"center center","background-size":"auto","background-attachment":"scroll","background-type":"","background-media":"","overlay-type":"","overlay-color":"","overlay-opacity":"","overlay-gradient":""},"tablet":{"background-color":"var(--ast-global-color-4)","background-image":"","background-repeat":"repeat","background-position":"center center","background-size":"auto","background-attachment":"scroll","background-type":"","background-media":"","overlay-type":"","overlay-color":"","overlay-opacity":"","overlay-gradient":""},"mobile":{"background-color":"var(--ast-global-color-4)","background-image":"","background-repeat":"repeat","background-position":"center center","background-size":"auto","background-attachment":"scroll","background-type":"","background-media":"","overlay-type":"","overlay-color":"","overlay-opacity":"","overlay-gradient":""}},"footnotes":""},"categories":[1,3,8,9,2],"tags":[192,193,286,287,194,195,196,288,197],"class_list":["post-14172","post","type-post","status-publish","format-standard","hentry","category-general","category-i3","category-i4","category-i5","category-infantil","tag-p3-a","tag-i3-b","tag-i3-c","tag-i3-d","tag-i4-a","tag-i4-b","tag-i4-c","tag-i4-d","tag-i5-a"],"post_mailing_queue_ids":[],"_links":{"self":[{"href":"https:\/\/agora.xtec.cat\/escmarquesdelapobla\/wp-json\/wp\/v2\/posts\/14172","targetHints":{"allow":["GET"]}}],"collection":[{"href":"https:\/\/agora.xtec.cat\/escmarquesdelapobla\/wp-json\/wp\/v2\/posts"}],"about":[{"href":"https:\/\/agora.xtec.cat\/escmarquesdelapobla\/wp-json\/wp\/v2\/types\/post"}],"author":[{"embeddable":true,"href":"https:\/\/agora.xtec.cat\/escmarquesdelapobla\/wp-json\/wp\/v2\/users\/52"}],"replies":[{"embeddable":true,"href":"https:\/\/agora.xtec.cat\/escmarquesdelapobla\/wp-json\/wp\/v2\/comments?post=14172"}],"version-history":[{"count":3,"href":"https:\/\/agora.xtec.cat\/escmarquesdelapobla\/wp-json\/wp\/v2\/posts\/14172\/revisions"}],"predecessor-version":[{"id":14183,"href":"https:\/\/agora.xtec.cat\/escmarquesdelapobla\/wp-json\/wp\/v2\/posts\/14172\/revisions\/14183"}],"wp:attachment":[{"href":"https:\/\/agora.xtec.cat\/escmarquesdelapobla\/wp-json\/wp\/v2\/media?parent=14172"}],"wp:term":[{"taxonomy":"category","embeddable":true,"href":"https:\/\/agora.xtec.cat\/escmarquesdelapobla\/wp-json\/wp\/v2\/categories?post=14172"},{"taxonomy":"post_tag","embeddable":true,"href":"https:\/\/agora.xtec.cat\/escmarquesdelapobla\/wp-json\/wp\/v2\/tags?post=14172"}],"curies":[{"name":"wp","href":"https:\/\/api.w.org\/{rel}","templated":true}]}}