{"id":14139,"date":"2024-06-10T13:13:06","date_gmt":"2024-06-10T11:13:06","guid":{"rendered":"https:\/\/agora.xtec.cat\/escmarquesdelapobla\/?p=14139"},"modified":"2024-06-10T13:13:06","modified_gmt":"2024-06-10T11:13:06","slug":"festes-del-carrer-a-lescola-2","status":"publish","type":"post","link":"https:\/\/agora.xtec.cat\/escmarquesdelapobla\/tauler-principal\/festes-del-carrer-a-lescola-2\/","title":{"rendered":"Festes del Carrer a l&#8217;escola"},"content":{"rendered":"<p style=\"text-align: justify;\">Dimecres passat va ser la festa del Barri del Ninot i dijous la festa del Barri de les Places (\u00faltim dia de les festes), i l&#8217;escola hi va participar.<\/p>\n<p style=\"text-align: justify;\">El Barri del Ninot \u00e9s el barri de la nostra escola, aix\u00ed que la banda de m\u00fasica va venir a tocar el Ball Pla i el Taratax\u00edn. Els nens i nenes de P2 i P4 van ballar al mig de la pista verda i tamb\u00e9 ho van fer la resta d&#8217;infants pel voltant de la pista. A continuaci\u00f3 I5 va anar a beneir els tortells.<\/p>\n<p style=\"text-align: justify;\">Dijous va ser P3 qui va anar a beneir els torells, acompanyats de la banda de m\u00fasica i de la comissi\u00f3 de Festes del Carrer.<\/p>\n<p style=\"text-align: justify;\">Ha sigut un plaer poder celebrar un any m\u00e9s aquestes festes que esperem amb tantes ganes i il\u00b7lusi\u00f3!<\/p>\n<p style=\"text-align: justify;\"><a href=\"https:\/\/photos.app.goo.gl\/U7j5Pd2uJAbAT3sD9\"><img loading=\"lazy\" decoding=\"async\" class=\"aligncenter wp-image-14140 size-full\" src=\"https:\/\/agora.xtec.cat\/escmarquesdelapobla\/wp-content\/uploads\/usu1682\/2024\/06\/WhatsApp-Image-2024-06-10-at-12.48.06.jpeg\" alt=\"\" width=\"1600\" height=\"721\" srcset=\"https:\/\/agora.xtec.cat\/escmarquesdelapobla\/wp-content\/uploads\/usu1682\/2024\/06\/WhatsApp-Image-2024-06-10-at-12.48.06.jpeg 1600w, https:\/\/agora.xtec.cat\/escmarquesdelapobla\/wp-content\/uploads\/usu1682\/2024\/06\/WhatsApp-Image-2024-06-10-at-12.48.06-300x135.jpeg 300w, https:\/\/agora.xtec.cat\/escmarquesdelapobla\/wp-content\/uploads\/usu1682\/2024\/06\/WhatsApp-Image-2024-06-10-at-12.48.06-1024x461.jpeg 1024w, https:\/\/agora.xtec.cat\/escmarquesdelapobla\/wp-content\/uploads\/usu1682\/2024\/06\/WhatsApp-Image-2024-06-10-at-12.48.06-768x346.jpeg 768w, https:\/\/agora.xtec.cat\/escmarquesdelapobla\/wp-content\/uploads\/usu1682\/2024\/06\/WhatsApp-Image-2024-06-10-at-12.48.06-1536x692.jpeg 1536w\" sizes=\"auto, (max-width: 1600px) 100vw, 1600px\" \/><\/a><\/p>\n<p style=\"text-align: justify;\">\n","protected":false},"excerpt":{"rendered":"<p>Dimecres passat va ser la festa del Barri del Ninot i dijous la festa del Barri de les Places (\u00faltim dia de les festes), i l&#8217;escola hi va participar. El Barri del Ninot \u00e9s el barri de la nostra escola, aix\u00ed que la banda de m\u00fasica va venir a tocar el Ball Pla i el [&hellip;]<\/p>\n","protected":false},"author":45,"featured_media":0,"comment_status":"open","ping_status":"closed","sticky":false,"template":"","format":"standard","meta":{"_bbp_topic_count":0,"_bbp_reply_count":0,"_bbp_total_topic_count":0,"_bbp_total_reply_count":0,"_bbp_voice_count":0,"_bbp_anonymous_reply_count":0,"_bbp_topic_count_hidden":0,"_bbp_reply_count_hidden":0,"_bbp_forum_subforum_count":0,"site-sidebar-layout":"default","site-content-layout":"","ast-site-content-layout":"","site-content-style":"default","site-sidebar-style":"default","ast-global-header-display":"","ast-banner-title-visibility":"","ast-main-header-display":"","ast-hfb-above-header-display":"","ast-hfb-below-header-display":"","ast-hfb-mobile-header-display":"","site-post-title":"","ast-breadcrumbs-content":"","ast-featured-img":"","footer-sml-layout":"","theme-transparent-header-meta":"","adv-header-id-meta":"","stick-header-meta":"","header-above-stick-meta":"","header-main-stick-meta":"","header-below-stick-meta":"","astra-migrate-meta-layouts":"default","ast-page-background-enabled":"default","ast-page-background-meta":{"desktop":{"background-color":"var(--ast-global-color-5)","background-image":"","background-repeat":"repeat","background-position":"center center","background-size":"auto","background-attachment":"scroll","background-type":"","background-media":"","overlay-type":"","overlay-color":"","overlay-opacity":"","overlay-gradient":""},"tablet":{"background-color":"","background-image":"","background-repeat":"repeat","background-position":"center center","background-size":"auto","background-attachment":"scroll","background-type":"","background-media":"","overlay-type":"","overlay-color":"","overlay-opacity":"","overlay-gradient":""},"mobile":{"background-color":"","background-image":"","background-repeat":"repeat","background-position":"center center","background-size":"auto","background-attachment":"scroll","background-type":"","background-media":"","overlay-type":"","overlay-color":"","overlay-opacity":"","overlay-gradient":""}},"ast-content-background-meta":{"desktop":{"background-color":"var(--ast-global-color-4)","background-image":"","background-repeat":"repeat","background-position":"center center","background-size":"auto","background-attachment":"scroll","background-type":"","background-media":"","overlay-type":"","overlay-color":"","overlay-opacity":"","overlay-gradient":""},"tablet":{"background-color":"var(--ast-global-color-4)","background-image":"","background-repeat":"repeat","background-position":"center center","background-size":"auto","background-attachment":"scroll","background-type":"","background-media":"","overlay-type":"","overlay-color":"","overlay-opacity":"","overlay-gradient":""},"mobile":{"background-color":"var(--ast-global-color-4)","background-image":"","background-repeat":"repeat","background-position":"center center","background-size":"auto","background-attachment":"scroll","background-type":"","background-media":"","overlay-type":"","overlay-color":"","overlay-opacity":"","overlay-gradient":""}},"footnotes":""},"categories":[260,171],"tags":[],"class_list":["post-14139","post","type-post","status-publish","format-standard","hentry","category-fcarrer","category-tauler-principal"],"post_mailing_queue_ids":[],"_links":{"self":[{"href":"https:\/\/agora.xtec.cat\/escmarquesdelapobla\/wp-json\/wp\/v2\/posts\/14139","targetHints":{"allow":["GET"]}}],"collection":[{"href":"https:\/\/agora.xtec.cat\/escmarquesdelapobla\/wp-json\/wp\/v2\/posts"}],"about":[{"href":"https:\/\/agora.xtec.cat\/escmarquesdelapobla\/wp-json\/wp\/v2\/types\/post"}],"author":[{"embeddable":true,"href":"https:\/\/agora.xtec.cat\/escmarquesdelapobla\/wp-json\/wp\/v2\/users\/45"}],"replies":[{"embeddable":true,"href":"https:\/\/agora.xtec.cat\/escmarquesdelapobla\/wp-json\/wp\/v2\/comments?post=14139"}],"version-history":[{"count":1,"href":"https:\/\/agora.xtec.cat\/escmarquesdelapobla\/wp-json\/wp\/v2\/posts\/14139\/revisions"}],"predecessor-version":[{"id":14141,"href":"https:\/\/agora.xtec.cat\/escmarquesdelapobla\/wp-json\/wp\/v2\/posts\/14139\/revisions\/14141"}],"wp:attachment":[{"href":"https:\/\/agora.xtec.cat\/escmarquesdelapobla\/wp-json\/wp\/v2\/media?parent=14139"}],"wp:term":[{"taxonomy":"category","embeddable":true,"href":"https:\/\/agora.xtec.cat\/escmarquesdelapobla\/wp-json\/wp\/v2\/categories?post=14139"},{"taxonomy":"post_tag","embeddable":true,"href":"https:\/\/agora.xtec.cat\/escmarquesdelapobla\/wp-json\/wp\/v2\/tags?post=14139"}],"curies":[{"name":"wp","href":"https:\/\/api.w.org\/{rel}","templated":true}]}}