{"id":14107,"date":"2024-06-03T12:51:56","date_gmt":"2024-06-03T10:51:56","guid":{"rendered":"https:\/\/agora.xtec.cat\/escmarquesdelapobla\/?p=14107"},"modified":"2024-06-03T12:51:56","modified_gmt":"2024-06-03T10:51:56","slug":"les-colonies-de-6e-a-la-garbinada","status":"publish","type":"post","link":"https:\/\/agora.xtec.cat\/escmarquesdelapobla\/sortides\/les-colonies-de-6e-a-la-garbinada\/","title":{"rendered":"Les col\u00f2nies de 6\u00e8 a la Garbinada"},"content":{"rendered":"<p><span style=\"font-weight: 400;\">Els dies 27, 28 i 29 de maig els nens i nenes de 6\u00e8 vam anar de col\u00f2nies!<\/span><\/p>\n<p><span style=\"font-weight: 400;\">Les col\u00f2nies s\u00f3n l\u2019activitat m\u00e9s esperada del curs i \u00e9s que a m\u00e9s a m\u00e9s, aquest curs, s\u00f3n les nostres \u00faltimes col\u00f2nies a l\u2019escola i aix\u00f2 encara les fa m\u00e9s especials.<\/span><\/p>\n<p><span style=\"font-weight: 400;\">Aix\u00ed doncs, el dilluns a les 9h del mat\u00ed vam comen\u00e7ar l\u2019aventura ben carregats d\u2019il\u00b7lusi\u00f3. Vam pujar al bus i cap a Torroella de Montgr\u00ed. Al migdia, vam arribar a la casa de col\u00f2nies, a la Garbinada. Quina passada l\u2019espai exterior, pistes de futbol, de b\u00e0squet, piscina\u2026<\/span><\/p>\n<p><span style=\"font-weight: 400;\">Llavors vam con\u00e8ixer els 3 monitors que ens acompanyarien durant la nostra estada: la Laura, el Xerri i el Joker. Amb ells vam fer totes les activitats dels tres dies, escalada, tir amb arc, jocs a la platja de la Gola, caiac a la desembocadura del riu Ter, joc de nit, discoteca; tot el dia amunt i avall. Vam acabar esgotats, per\u00f2 ens ho vam passar d\u2019all\u00f2 m\u00e9s b\u00e9!!<\/span><\/p>\n<p><span style=\"font-weight: 400;\">Tot i que est\u00e0vem cansats, a les nits encara ens quedava energia per fer una mica de sarau amb els companys i companyes d\u2019habitaci\u00f3\u2026 quina gresca! Les mestres ens van haver de venir a veure m\u00e9s d\u2019una vegada\u2026i de passada devien aprofitar per pintar-nos una mica, perqu\u00e8 ens vam despertar plens de guixades i amb pasta de dents al nas!!<\/span><\/p>\n<p><span style=\"font-weight: 400;\">Els dos dies van anar molt b\u00e9, vam fer molta pinya entre tots i totes i vam viure molts bons moments! Mai oblidarem aquestes \u00faltimes col\u00f2nies al Marqu\u00e8s, ens emportem molts bons records i an\u00e8cdotes per pixar-nos de riure!<\/span><\/p>\n<p><span style=\"font-weight: 400;\">A m\u00e9s a m\u00e9s, d\u2019aquesta manera, donem per acabat el projecte de les col\u00f2nies, al que hem dedicat molt esfor\u00e7. Ha sigut bonic veure que tot el que hem anat preparant al llarg del curs ha sortit b\u00e9!\u00a0<\/span><\/p>\n<p><span style=\"font-weight: 400;\">Ara, encarem la recta final del curs amb molta energia i ganes de gaudir dels nostres \u00faltims dies a l\u2019escola!<\/span><\/p>\n<p><span style=\"font-weight: 400;\">WONDERLAND I F\u00c8NIX<\/span><\/p>\n<p><a href=\"https:\/\/photos.app.goo.gl\/r3upYQZE2NrdRJUz8\"><img loading=\"lazy\" decoding=\"async\" class=\"alignnone wp-image-14108 size-large\" src=\"https:\/\/agora.xtec.cat\/escmarquesdelapobla\/wp-content\/uploads\/usu1682\/2024\/06\/Copia-de-1717352790170-1024x768.jpg\" alt=\"\" width=\"1024\" height=\"768\" srcset=\"https:\/\/agora.xtec.cat\/escmarquesdelapobla\/wp-content\/uploads\/usu1682\/2024\/06\/Copia-de-1717352790170-1024x768.jpg 1024w, https:\/\/agora.xtec.cat\/escmarquesdelapobla\/wp-content\/uploads\/usu1682\/2024\/06\/Copia-de-1717352790170-300x225.jpg 300w, https:\/\/agora.xtec.cat\/escmarquesdelapobla\/wp-content\/uploads\/usu1682\/2024\/06\/Copia-de-1717352790170-768x576.jpg 768w, https:\/\/agora.xtec.cat\/escmarquesdelapobla\/wp-content\/uploads\/usu1682\/2024\/06\/Copia-de-1717352790170-1536x1152.jpg 1536w, https:\/\/agora.xtec.cat\/escmarquesdelapobla\/wp-content\/uploads\/usu1682\/2024\/06\/Copia-de-1717352790170-200x150.jpg 200w, https:\/\/agora.xtec.cat\/escmarquesdelapobla\/wp-content\/uploads\/usu1682\/2024\/06\/Copia-de-1717352790170.jpg 1600w\" sizes=\"auto, (max-width: 1024px) 100vw, 1024px\" \/><\/a><\/p>\n<p>&nbsp;<\/p>\n","protected":false},"excerpt":{"rendered":"<p>Els dies 27, 28 i 29 de maig els nens i nenes de 6\u00e8 vam anar de col\u00f2nies! Les col\u00f2nies s\u00f3n l\u2019activitat m\u00e9s esperada del curs i \u00e9s que a m\u00e9s a m\u00e9s, aquest curs, s\u00f3n les nostres \u00faltimes col\u00f2nies a l\u2019escola i aix\u00f2 encara les fa m\u00e9s especials. Aix\u00ed doncs, el dilluns a les [&hellip;]<\/p>\n","protected":false},"author":2,"featured_media":0,"comment_status":"open","ping_status":"closed","sticky":false,"template":"","format":"standard","meta":{"_bbp_topic_count":0,"_bbp_reply_count":0,"_bbp_total_topic_count":0,"_bbp_total_reply_count":0,"_bbp_voice_count":0,"_bbp_anonymous_reply_count":0,"_bbp_topic_count_hidden":0,"_bbp_reply_count_hidden":0,"_bbp_forum_subforum_count":0,"site-sidebar-layout":"default","site-content-layout":"","ast-site-content-layout":"","site-content-style":"default","site-sidebar-style":"default","ast-global-header-display":"","ast-banner-title-visibility":"","ast-main-header-display":"","ast-hfb-above-header-display":"","ast-hfb-below-header-display":"","ast-hfb-mobile-header-display":"","site-post-title":"","ast-breadcrumbs-content":"","ast-featured-img":"","footer-sml-layout":"","theme-transparent-header-meta":"","adv-header-id-meta":"","stick-header-meta":"","header-above-stick-meta":"","header-main-stick-meta":"","header-below-stick-meta":"","astra-migrate-meta-layouts":"default","ast-page-background-enabled":"default","ast-page-background-meta":{"desktop":{"background-color":"var(--ast-global-color-5)","background-image":"","background-repeat":"repeat","background-position":"center center","background-size":"auto","background-attachment":"scroll","background-type":"","background-media":"","overlay-type":"","overlay-color":"","overlay-opacity":"","overlay-gradient":""},"tablet":{"background-color":"","background-image":"","background-repeat":"repeat","background-position":"center center","background-size":"auto","background-attachment":"scroll","background-type":"","background-media":"","overlay-type":"","overlay-color":"","overlay-opacity":"","overlay-gradient":""},"mobile":{"background-color":"","background-image":"","background-repeat":"repeat","background-position":"center center","background-size":"auto","background-attachment":"scroll","background-type":"","background-media":"","overlay-type":"","overlay-color":"","overlay-opacity":"","overlay-gradient":""}},"ast-content-background-meta":{"desktop":{"background-color":"var(--ast-global-color-4)","background-image":"","background-repeat":"repeat","background-position":"center center","background-size":"auto","background-attachment":"scroll","background-type":"","background-media":"","overlay-type":"","overlay-color":"","overlay-opacity":"","overlay-gradient":""},"tablet":{"background-color":"var(--ast-global-color-4)","background-image":"","background-repeat":"repeat","background-position":"center center","background-size":"auto","background-attachment":"scroll","background-type":"","background-media":"","overlay-type":"","overlay-color":"","overlay-opacity":"","overlay-gradient":""},"mobile":{"background-color":"var(--ast-global-color-4)","background-image":"","background-repeat":"repeat","background-position":"center center","background-size":"auto","background-attachment":"scroll","background-type":"","background-media":"","overlay-type":"","overlay-color":"","overlay-opacity":"","overlay-gradient":""}},"footnotes":""},"categories":[133,74],"tags":[298,211,212],"class_list":["post-14107","post","type-post","status-publish","format-standard","hentry","category-p6","category-sortides","tag-p6","tag-p6a","tag-p6b"],"post_mailing_queue_ids":[],"_links":{"self":[{"href":"https:\/\/agora.xtec.cat\/escmarquesdelapobla\/wp-json\/wp\/v2\/posts\/14107","targetHints":{"allow":["GET"]}}],"collection":[{"href":"https:\/\/agora.xtec.cat\/escmarquesdelapobla\/wp-json\/wp\/v2\/posts"}],"about":[{"href":"https:\/\/agora.xtec.cat\/escmarquesdelapobla\/wp-json\/wp\/v2\/types\/post"}],"author":[{"embeddable":true,"href":"https:\/\/agora.xtec.cat\/escmarquesdelapobla\/wp-json\/wp\/v2\/users\/2"}],"replies":[{"embeddable":true,"href":"https:\/\/agora.xtec.cat\/escmarquesdelapobla\/wp-json\/wp\/v2\/comments?post=14107"}],"version-history":[{"count":1,"href":"https:\/\/agora.xtec.cat\/escmarquesdelapobla\/wp-json\/wp\/v2\/posts\/14107\/revisions"}],"predecessor-version":[{"id":14109,"href":"https:\/\/agora.xtec.cat\/escmarquesdelapobla\/wp-json\/wp\/v2\/posts\/14107\/revisions\/14109"}],"wp:attachment":[{"href":"https:\/\/agora.xtec.cat\/escmarquesdelapobla\/wp-json\/wp\/v2\/media?parent=14107"}],"wp:term":[{"taxonomy":"category","embeddable":true,"href":"https:\/\/agora.xtec.cat\/escmarquesdelapobla\/wp-json\/wp\/v2\/categories?post=14107"},{"taxonomy":"post_tag","embeddable":true,"href":"https:\/\/agora.xtec.cat\/escmarquesdelapobla\/wp-json\/wp\/v2\/tags?post=14107"}],"curies":[{"name":"wp","href":"https:\/\/api.w.org\/{rel}","templated":true}]}}