{"id":14097,"date":"2024-05-30T12:49:06","date_gmt":"2024-05-30T10:49:06","guid":{"rendered":"https:\/\/agora.xtec.cat\/escmarquesdelapobla\/?p=14097"},"modified":"2024-06-03T12:17:57","modified_gmt":"2024-06-03T10:17:57","slug":"organitzacio-dhoraris-final-de-curs","status":"publish","type":"post","link":"https:\/\/agora.xtec.cat\/escmarquesdelapobla\/menjador\/organitzacio-dhoraris-final-de-curs\/","title":{"rendered":"Organitzaci\u00f3 d&#8217;horaris final de curs"},"content":{"rendered":"<p style=\"text-align: justify;\">Hola fam\u00edlies! Ja estem acabant el curs, aix\u00ed que recordem com funcionar\u00e0 l&#8217;organitzaci\u00f3 d&#8217;horaris.<\/p>\n<p><strong>Jornada intensiva<\/strong>: comen\u00e7a el <strong>5 de juny<\/strong>\u00a0fins el <strong>21 de juny<\/strong> (\u00faltim dia d&#8217;escola).<\/p>\n<p style=\"text-align: justify;\">L&#8217;<strong>horari d&#8217;escola<\/strong> ser\u00e0 de <strong>9:00<\/strong> a <strong>13:00<\/strong>.<\/p>\n<p style=\"text-align: justify;\">L&#8217;<strong>horari de menjador<\/strong> ser\u00e0 de <strong>13:00<\/strong> a <strong>15:30<\/strong>. Si alg\u00fa necessita fer \u00fas del menjador \u00e9s necessari <a href=\"https:\/\/drive.google.com\/file\/d\/1TJ14lwtCRt_V15-OLC1QrHApdmj5BJPy\/view?usp=sharing\"><span style=\"text-decoration: underline;\">omplir el full que trobareu a continuaci\u00f3<\/span><\/a>. El podeu descarregar i omplir des de casa o podeu demanar-ne una c\u00f2pia a la secretaria de l&#8217;escola. La <strong>recollida a les 15:30<\/strong> es podr\u00e0 fer tant per la porta del <strong>Carrer del Carme com per la del Passeig Miquel i Mas.<\/strong><\/p>\n<p>Tamb\u00e9 destacar que aquest<strong> divendres finalitzen: la biblioteca a les tardes de dimarts i dimecres, les extraescolars i els patis oberts.<\/strong><\/p>\n<p>Gr\u00e0cies per la vostra col\u00b7laboraci\u00f3!<\/p>\n<p style=\"text-align: center;\">\u00a0<iframe loading=\"lazy\" src=\"https:\/\/drive.google.com\/file\/d\/1TJ14lwtCRt_V15-OLC1QrHApdmj5BJPy\/preview\" width=\"640\" height=\"480\"><\/iframe><\/p>\n<p>&nbsp;<\/p>\n","protected":false},"excerpt":{"rendered":"<p>Hola fam\u00edlies! Ja estem acabant el curs, aix\u00ed que recordem com funcionar\u00e0 l&#8217;organitzaci\u00f3 d&#8217;horaris. Jornada intensiva: comen\u00e7a el 5 de juny\u00a0fins el 21 de juny (\u00faltim dia d&#8217;escola). L&#8217;horari d&#8217;escola ser\u00e0 de 9:00 a 13:00. L&#8217;horari de menjador ser\u00e0 de 13:00 a 15:30. Si alg\u00fa necessita fer \u00fas del menjador \u00e9s necessari omplir el full [&hellip;]<\/p>\n","protected":false},"author":45,"featured_media":0,"comment_status":"open","ping_status":"closed","sticky":false,"template":"","format":"standard","meta":{"_bbp_topic_count":0,"_bbp_reply_count":0,"_bbp_total_topic_count":0,"_bbp_total_reply_count":0,"_bbp_voice_count":0,"_bbp_anonymous_reply_count":0,"_bbp_topic_count_hidden":0,"_bbp_reply_count_hidden":0,"_bbp_forum_subforum_count":0,"site-sidebar-layout":"default","site-content-layout":"","ast-site-content-layout":"","site-content-style":"default","site-sidebar-style":"default","ast-global-header-display":"","ast-banner-title-visibility":"","ast-main-header-display":"","ast-hfb-above-header-display":"","ast-hfb-below-header-display":"","ast-hfb-mobile-header-display":"","site-post-title":"","ast-breadcrumbs-content":"","ast-featured-img":"","footer-sml-layout":"","theme-transparent-header-meta":"","adv-header-id-meta":"","stick-header-meta":"","header-above-stick-meta":"","header-main-stick-meta":"","header-below-stick-meta":"","astra-migrate-meta-layouts":"default","ast-page-background-enabled":"default","ast-page-background-meta":{"desktop":{"background-color":"var(--ast-global-color-5)","background-image":"","background-repeat":"repeat","background-position":"center center","background-size":"auto","background-attachment":"scroll","background-type":"","background-media":"","overlay-type":"","overlay-color":"","overlay-opacity":"","overlay-gradient":""},"tablet":{"background-color":"","background-image":"","background-repeat":"repeat","background-position":"center center","background-size":"auto","background-attachment":"scroll","background-type":"","background-media":"","overlay-type":"","overlay-color":"","overlay-opacity":"","overlay-gradient":""},"mobile":{"background-color":"","background-image":"","background-repeat":"repeat","background-position":"center center","background-size":"auto","background-attachment":"scroll","background-type":"","background-media":"","overlay-type":"","overlay-color":"","overlay-opacity":"","overlay-gradient":""}},"ast-content-background-meta":{"desktop":{"background-color":"var(--ast-global-color-4)","background-image":"","background-repeat":"repeat","background-position":"center center","background-size":"auto","background-attachment":"scroll","background-type":"","background-media":"","overlay-type":"","overlay-color":"","overlay-opacity":"","overlay-gradient":""},"tablet":{"background-color":"var(--ast-global-color-4)","background-image":"","background-repeat":"repeat","background-position":"center center","background-size":"auto","background-attachment":"scroll","background-type":"","background-media":"","overlay-type":"","overlay-color":"","overlay-opacity":"","overlay-gradient":""},"mobile":{"background-color":"var(--ast-global-color-4)","background-image":"","background-repeat":"repeat","background-position":"center center","background-size":"auto","background-attachment":"scroll","background-type":"","background-media":"","overlay-type":"","overlay-color":"","overlay-opacity":"","overlay-gradient":""}},"footnotes":""},"categories":[61,171],"tags":[213],"class_list":["post-14097","post","type-post","status-publish","format-standard","hentry","category-menjador","category-tauler-principal","tag-menjador"],"post_mailing_queue_ids":[],"_links":{"self":[{"href":"https:\/\/agora.xtec.cat\/escmarquesdelapobla\/wp-json\/wp\/v2\/posts\/14097","targetHints":{"allow":["GET"]}}],"collection":[{"href":"https:\/\/agora.xtec.cat\/escmarquesdelapobla\/wp-json\/wp\/v2\/posts"}],"about":[{"href":"https:\/\/agora.xtec.cat\/escmarquesdelapobla\/wp-json\/wp\/v2\/types\/post"}],"author":[{"embeddable":true,"href":"https:\/\/agora.xtec.cat\/escmarquesdelapobla\/wp-json\/wp\/v2\/users\/45"}],"replies":[{"embeddable":true,"href":"https:\/\/agora.xtec.cat\/escmarquesdelapobla\/wp-json\/wp\/v2\/comments?post=14097"}],"version-history":[{"count":3,"href":"https:\/\/agora.xtec.cat\/escmarquesdelapobla\/wp-json\/wp\/v2\/posts\/14097\/revisions"}],"predecessor-version":[{"id":14100,"href":"https:\/\/agora.xtec.cat\/escmarquesdelapobla\/wp-json\/wp\/v2\/posts\/14097\/revisions\/14100"}],"wp:attachment":[{"href":"https:\/\/agora.xtec.cat\/escmarquesdelapobla\/wp-json\/wp\/v2\/media?parent=14097"}],"wp:term":[{"taxonomy":"category","embeddable":true,"href":"https:\/\/agora.xtec.cat\/escmarquesdelapobla\/wp-json\/wp\/v2\/categories?post=14097"},{"taxonomy":"post_tag","embeddable":true,"href":"https:\/\/agora.xtec.cat\/escmarquesdelapobla\/wp-json\/wp\/v2\/tags?post=14097"}],"curies":[{"name":"wp","href":"https:\/\/api.w.org\/{rel}","templated":true}]}}