{"id":14007,"date":"2024-05-13T19:49:33","date_gmt":"2024-05-13T17:49:33","guid":{"rendered":"https:\/\/agora.xtec.cat\/escmarquesdelapobla\/?p=14007"},"modified":"2024-05-13T19:49:33","modified_gmt":"2024-05-13T17:49:33","slug":"p4-participem-a-una-trobada-de-corals-de-primaria","status":"publish","type":"post","link":"https:\/\/agora.xtec.cat\/escmarquesdelapobla\/mitja\/p4-participem-a-una-trobada-de-corals-de-primaria\/","title":{"rendered":"P4 participem a una trobada de corals de Prim\u00e0ria"},"content":{"rendered":"<p><span style=\"font-weight: 400;\">El dimarts 7 de maig de 2024\u00a0 les classes de P4 Hogwarts i els Enigmes vam participar a la XXI trobada de corals de Prim\u00e0ria que es va celebrar a Vilanova i la Geltr\u00fa, a l\u2019Auditori Eduard Toldr\u00e0.<\/span><\/p>\n<p><span style=\"font-weight: 400;\">A la trobada les quatre escoles participants vam interpretar les can\u00e7ons de la cantata <\/span><i><span style=\"font-weight: 400;\">So de Lluna<\/span><\/i><span style=\"font-weight: 400;\">. Les nostres classes, acompanyats per quatre m\u00fasics en directe amb el baix, la bateria, la guitarra i els teclats, vam interpretar <\/span><i><span style=\"font-weight: 400;\">Al Pa\u00eds Blanc <\/span><\/i><span style=\"font-weight: 400;\">i <\/span><i><span style=\"font-weight: 400;\">Passejo pel m\u00f3n<\/span><\/i><span style=\"font-weight: 400;\">. Al final tots els grups junts vam cantar <\/span><i><span style=\"font-weight: 400;\">Feli\u00e7orionak<\/span><\/i><span style=\"font-weight: 400;\"> amb percussi\u00f3 corporal ajudats d\u2019un ventall.<\/span><\/p>\n<p><span style=\"font-weight: 400;\">Al migdia, un cop acabat vam anar a la platja de Vilanova per dinar, jugar i, com no, mullar-nos una mica els peus i les cames.<\/span><\/p>\n<p><a href=\"https:\/\/photos.app.goo.gl\/VfwHDTcM6Xoz1gFP8\"><img loading=\"lazy\" decoding=\"async\" class=\"size-large wp-image-14008 aligncenter\" src=\"https:\/\/agora.xtec.cat\/escmarquesdelapobla\/wp-content\/uploads\/usu1682\/2024\/05\/WhatsApp-Image-2024-05-13-at-16.22.05-1024x768.jpeg\" alt=\"\" width=\"1024\" height=\"768\" srcset=\"https:\/\/agora.xtec.cat\/escmarquesdelapobla\/wp-content\/uploads\/usu1682\/2024\/05\/WhatsApp-Image-2024-05-13-at-16.22.05-1024x768.jpeg 1024w, https:\/\/agora.xtec.cat\/escmarquesdelapobla\/wp-content\/uploads\/usu1682\/2024\/05\/WhatsApp-Image-2024-05-13-at-16.22.05-300x225.jpeg 300w, https:\/\/agora.xtec.cat\/escmarquesdelapobla\/wp-content\/uploads\/usu1682\/2024\/05\/WhatsApp-Image-2024-05-13-at-16.22.05-768x576.jpeg 768w, https:\/\/agora.xtec.cat\/escmarquesdelapobla\/wp-content\/uploads\/usu1682\/2024\/05\/WhatsApp-Image-2024-05-13-at-16.22.05-1536x1152.jpeg 1536w, https:\/\/agora.xtec.cat\/escmarquesdelapobla\/wp-content\/uploads\/usu1682\/2024\/05\/WhatsApp-Image-2024-05-13-at-16.22.05-200x150.jpeg 200w, https:\/\/agora.xtec.cat\/escmarquesdelapobla\/wp-content\/uploads\/usu1682\/2024\/05\/WhatsApp-Image-2024-05-13-at-16.22.05.jpeg 2048w\" sizes=\"auto, (max-width: 1024px) 100vw, 1024px\" \/><\/a><\/p>\n<p><!--more--><\/p>\n<p><span style=\"font-weight: 400;\">La veritat \u00e9s que les valoracions que hem fet s\u00f3n molt interessants. Aqu\u00ed en podeu llegir unes quantes:<\/span><\/p>\n<ul>\n<li style=\"font-weight: 400;\" aria-level=\"1\"><span style=\"font-weight: 400;\">Ens va impressionar pujar junts a l\u2019escenari tant quan vam cantar nosaltres sols com quan ens vam ajuntar totes les corals a cantar el cant com\u00fa.<\/span><\/li>\n<li style=\"font-weight: 400;\" aria-level=\"1\"><span style=\"font-weight: 400;\">La majoria est\u00e0vem nerviosos i nervioses, a alguns ens tremolaven les cames, per\u00f2 al cap de poca estona d\u2019estar a l\u2019escenari ens van passar els nervis.<\/span><\/li>\n<li style=\"font-weight: 400;\" aria-level=\"1\"><span style=\"font-weight: 400;\">Les can\u00e7ons ens van agradar i parlaven de temes molt propers. Potser faltava una mica de decoraci\u00f3 a la sala.<\/span><\/li>\n<li style=\"font-weight: 400;\" aria-level=\"1\"><span style=\"font-weight: 400;\">La nostra actuaci\u00f3 va anar molt b\u00e9. Ens sab\u00edem molt b\u00e9 les can\u00e7ons. Ens va anar molt b\u00e9 l\u2019ajuda del Jaume.<\/span><\/li>\n<li style=\"font-weight: 400;\" aria-level=\"1\"><span style=\"font-weight: 400;\">\u00c9s molt bonic veure com canten les altres escoles i veure com havien preparat les can\u00e7ons amb els moviments.<\/span><\/li>\n<li style=\"font-weight: 400;\" aria-level=\"1\"><span style=\"font-weight: 400;\">Els m\u00fasics estaven molt atents i ens van acompanyar molt b\u00e9.\u00a0<\/span><\/li>\n<li style=\"font-weight: 400;\" aria-level=\"1\"><span style=\"font-weight: 400;\">Estem molt satisfets d\u2019haver pogut participar. Ah, i\u00a0 el p\u00fablic va ser molt respectu\u00f3s amb les actuacions.<\/span><\/li>\n<li style=\"font-weight: 400;\" aria-level=\"1\"><span style=\"font-weight: 400;\">Ens va agradar con\u00e8ixer nens i nenes d\u2019altres escoles i fer noves amistats. Alguns ja els hav\u00edem conegut un dia en activitats esportives. Vam fer amistats boniques. Fins i tot sembla ser que algun o alguna es van mig enamorar!<\/span><\/li>\n<li style=\"font-weight: 400;\" aria-level=\"1\"><span style=\"font-weight: 400;\">\u00a0Ens agradaria\u00a0 tornar a anar-hi l\u2019any que ve. Agra\u00efm molt haver tingut aquesta experi\u00e8ncia.<\/span><\/li>\n<li style=\"font-weight: 400;\" aria-level=\"1\"><span style=\"font-weight: 400;\">Vam anar a la platja de Vilanova\u00a0 a dinar i a jugar i ens vam poder mullar fins els genolls. All\u00e0 tamb\u00e9 vam fer competicions de balls. Ens vam divertir molt.<\/span><\/li>\n<li style=\"font-weight: 400;\" aria-level=\"1\"><span style=\"font-weight: 400;\">Vam passar un dia molt complert i molt bonic.<\/span><\/li>\n<\/ul>\n<p style=\"text-align: justify;\"><span style=\"font-weight: 400;\">\u00a0\u00a0Hogwarts i Enigmes de 4t de Prim\u00e0ria<\/span><\/p>\n<p style=\"text-align: center;\"><iframe loading=\"lazy\" src=\"https:\/\/drive.google.com\/file\/d\/1ceXUUHvUy2nj7pj_w9vYDWl161rnNmMD\/preview\" width=\"640\" height=\"480\"><\/iframe><\/p>\n","protected":false},"excerpt":{"rendered":"<p>El dimarts 7 de maig de 2024\u00a0 les classes de P4 Hogwarts i els Enigmes vam participar a la XXI trobada de corals de Prim\u00e0ria que es va celebrar a Vilanova i la Geltr\u00fa, a l\u2019Auditori Eduard Toldr\u00e0. A la trobada les quatre escoles participants vam interpretar les can\u00e7ons de la cantata So de Lluna. [&hellip;]<\/p>\n","protected":false},"author":45,"featured_media":0,"comment_status":"open","ping_status":"closed","sticky":false,"template":"","format":"standard","meta":{"_bbp_topic_count":0,"_bbp_reply_count":0,"_bbp_total_topic_count":0,"_bbp_total_reply_count":0,"_bbp_voice_count":0,"_bbp_anonymous_reply_count":0,"_bbp_topic_count_hidden":0,"_bbp_reply_count_hidden":0,"_bbp_forum_subforum_count":0,"site-sidebar-layout":"default","site-content-layout":"","ast-site-content-layout":"","site-content-style":"default","site-sidebar-style":"default","ast-global-header-display":"","ast-banner-title-visibility":"","ast-main-header-display":"","ast-hfb-above-header-display":"","ast-hfb-below-header-display":"","ast-hfb-mobile-header-display":"","site-post-title":"","ast-breadcrumbs-content":"","ast-featured-img":"","footer-sml-layout":"","theme-transparent-header-meta":"","adv-header-id-meta":"","stick-header-meta":"","header-above-stick-meta":"","header-main-stick-meta":"","header-below-stick-meta":"","astra-migrate-meta-layouts":"default","ast-page-background-enabled":"default","ast-page-background-meta":{"desktop":{"background-color":"var(--ast-global-color-5)","background-image":"","background-repeat":"repeat","background-position":"center center","background-size":"auto","background-attachment":"scroll","background-type":"","background-media":"","overlay-type":"","overlay-color":"","overlay-opacity":"","overlay-gradient":""},"tablet":{"background-color":"","background-image":"","background-repeat":"repeat","background-position":"center center","background-size":"auto","background-attachment":"scroll","background-type":"","background-media":"","overlay-type":"","overlay-color":"","overlay-opacity":"","overlay-gradient":""},"mobile":{"background-color":"","background-image":"","background-repeat":"repeat","background-position":"center center","background-size":"auto","background-attachment":"scroll","background-type":"","background-media":"","overlay-type":"","overlay-color":"","overlay-opacity":"","overlay-gradient":""}},"ast-content-background-meta":{"desktop":{"background-color":"var(--ast-global-color-4)","background-image":"","background-repeat":"repeat","background-position":"center center","background-size":"auto","background-attachment":"scroll","background-type":"","background-media":"","overlay-type":"","overlay-color":"","overlay-opacity":"","overlay-gradient":""},"tablet":{"background-color":"var(--ast-global-color-4)","background-image":"","background-repeat":"repeat","background-position":"center center","background-size":"auto","background-attachment":"scroll","background-type":"","background-media":"","overlay-type":"","overlay-color":"","overlay-opacity":"","overlay-gradient":""},"mobile":{"background-color":"var(--ast-global-color-4)","background-image":"","background-repeat":"repeat","background-position":"center center","background-size":"auto","background-attachment":"scroll","background-type":"","background-media":"","overlay-type":"","overlay-color":"","overlay-opacity":"","overlay-gradient":""}},"footnotes":""},"categories":[65,139],"tags":[187,188],"class_list":["post-14007","post","type-post","status-publish","format-standard","hentry","category-mitja","category-p4","tag-p4a","tag-p4b"],"post_mailing_queue_ids":[],"_links":{"self":[{"href":"https:\/\/agora.xtec.cat\/escmarquesdelapobla\/wp-json\/wp\/v2\/posts\/14007","targetHints":{"allow":["GET"]}}],"collection":[{"href":"https:\/\/agora.xtec.cat\/escmarquesdelapobla\/wp-json\/wp\/v2\/posts"}],"about":[{"href":"https:\/\/agora.xtec.cat\/escmarquesdelapobla\/wp-json\/wp\/v2\/types\/post"}],"author":[{"embeddable":true,"href":"https:\/\/agora.xtec.cat\/escmarquesdelapobla\/wp-json\/wp\/v2\/users\/45"}],"replies":[{"embeddable":true,"href":"https:\/\/agora.xtec.cat\/escmarquesdelapobla\/wp-json\/wp\/v2\/comments?post=14007"}],"version-history":[{"count":3,"href":"https:\/\/agora.xtec.cat\/escmarquesdelapobla\/wp-json\/wp\/v2\/posts\/14007\/revisions"}],"predecessor-version":[{"id":14011,"href":"https:\/\/agora.xtec.cat\/escmarquesdelapobla\/wp-json\/wp\/v2\/posts\/14007\/revisions\/14011"}],"wp:attachment":[{"href":"https:\/\/agora.xtec.cat\/escmarquesdelapobla\/wp-json\/wp\/v2\/media?parent=14007"}],"wp:term":[{"taxonomy":"category","embeddable":true,"href":"https:\/\/agora.xtec.cat\/escmarquesdelapobla\/wp-json\/wp\/v2\/categories?post=14007"},{"taxonomy":"post_tag","embeddable":true,"href":"https:\/\/agora.xtec.cat\/escmarquesdelapobla\/wp-json\/wp\/v2\/tags?post=14007"}],"curies":[{"name":"wp","href":"https:\/\/api.w.org\/{rel}","templated":true}]}}