{"id":13977,"date":"2024-05-05T09:35:15","date_gmt":"2024-05-05T07:35:15","guid":{"rendered":"https:\/\/agora.xtec.cat\/escmarquesdelapobla\/?p=13977"},"modified":"2024-05-05T09:35:15","modified_gmt":"2024-05-05T07:35:15","slug":"beques-curs-2024-2025","status":"publish","type":"post","link":"https:\/\/agora.xtec.cat\/escmarquesdelapobla\/info\/beques-curs-2024-2025\/","title":{"rendered":"Beques curs 2024-2025"},"content":{"rendered":"<h3><img loading=\"lazy\" decoding=\"async\" class=\"aligncenter\" src=\"https:\/\/upload.wikimedia.org\/wikipedia\/commons\/thumb\/8\/8a\/Logotipo_del_Ministerio_de_Educaci%C3%B3n_y_Formaci%C3%B3n_Profesional.svg\/2560px-Logotipo_del_Ministerio_de_Educaci%C3%B3n_y_Formaci%C3%B3n_Profesional.svg.png\" alt=\"Fitxer:Logotipo del Ministerio de Educaci\u00f3n y Formaci\u00f3n Profesional.svg -  Viquip\u00e8dia, l'enciclop\u00e8dia lliure\" width=\"328\" height=\"82\" \/><\/h3>\n<h3 style=\"font-weight: 400; text-align: center;\">Beques curs 2024-2025<\/h3>\n<h3 style=\"font-weight: 400; text-align: center;\"><a href=\"https:\/\/www.educacionyfp.gob.es\/ca\/servicios-al-ciudadano\/catalogo\/estudiantes\/becas-ayudas\/para-estudiar\/primaria-secundaria\/necesidad-especifica-apoyo-educativo.html\" data-saferedirecturl=\"https:\/\/www.google.com\/url?q=https:\/\/www.educacionyfp.gob.es\/ca\/servicios-al-ciudadano\/catalogo\/estudiantes\/becas-ayudas\/para-estudiar\/primaria-secundaria\/necesidad-especifica-apoyo-educativo.html&amp;source=gmail&amp;ust=1714980589935000&amp;usg=AOvVaw3cd0-8wZ1qp-oOKeMPJTS_\">\u201cBecas y ayudas para alumnos con necesidad espec\u00edfica de apoyo educativo\u201d<\/a><\/h3>\n<h3 style=\"font-weight: 400; text-align: center;\">Curs 2024-2025<\/h3>\n<p style=\"font-weight: 400; text-align: justify;\">Ja s&#8217;ha obert la convocat\u00f2ria\u00a0d\u2019ajuts per alumnat amb necessitat espec\u00edfica de suport educatiu per al curs\u00a0<strong>2024-25.\u00a0<\/strong><\/p>\n<p style=\"font-weight: 400; text-align: justify;\">Us podeu informar\u00a0<a href=\"https:\/\/www.becaseducacion.gob.es\/becas-y-ayudas.html\"><strong>AQU\u00cd<\/strong><\/a>\u00a0o\u00a0<a href=\"https:\/\/educacio.gencat.cat\/ca\/serveis-tramits\/beques\/ajuts-nese\/\"><strong>AQU\u00cd<\/strong>\u00a0<\/a>per poder fer la sol\u00b7licitud i presentar-la a l\u2019escola a partir del\u00a0<strong>dilluns, dia 13 de maig\u00a0<\/strong>fins el 27 de juny.<strong>\u00a0I del dilluns 2 de setembre\u00a0<\/strong>fins el 9 de setembre.<\/p>\n<p style=\"font-weight: 400; text-align: justify;\">Recordeu que el termini m\u00e0xim per presentar-la \u00e9s el\u00a0<strong>13\u00a0de setembre<\/strong>.<\/p>\n","protected":false},"excerpt":{"rendered":"<p>Beques curs 2024-2025 \u201cBecas y ayudas para alumnos con necesidad espec\u00edfica de apoyo educativo\u201d Curs 2024-2025 Ja s&#8217;ha obert la convocat\u00f2ria\u00a0d\u2019ajuts per alumnat amb necessitat espec\u00edfica de suport educatiu per al curs\u00a02024-25.\u00a0 Us podeu informar\u00a0AQU\u00cd\u00a0o\u00a0AQU\u00cd\u00a0per poder fer la sol\u00b7licitud i presentar-la a l\u2019escola a partir del\u00a0dilluns, dia 13 de maig\u00a0fins el 27 de juny.\u00a0I del [&hellip;]<\/p>\n","protected":false},"author":45,"featured_media":0,"comment_status":"open","ping_status":"closed","sticky":false,"template":"","format":"standard","meta":{"_bbp_topic_count":0,"_bbp_reply_count":0,"_bbp_total_topic_count":0,"_bbp_total_reply_count":0,"_bbp_voice_count":0,"_bbp_anonymous_reply_count":0,"_bbp_topic_count_hidden":0,"_bbp_reply_count_hidden":0,"_bbp_forum_subforum_count":0,"site-sidebar-layout":"default","site-content-layout":"","ast-site-content-layout":"","site-content-style":"default","site-sidebar-style":"default","ast-global-header-display":"","ast-banner-title-visibility":"","ast-main-header-display":"","ast-hfb-above-header-display":"","ast-hfb-below-header-display":"","ast-hfb-mobile-header-display":"","site-post-title":"","ast-breadcrumbs-content":"","ast-featured-img":"","footer-sml-layout":"","theme-transparent-header-meta":"","adv-header-id-meta":"","stick-header-meta":"","header-above-stick-meta":"","header-main-stick-meta":"","header-below-stick-meta":"","astra-migrate-meta-layouts":"default","ast-page-background-enabled":"default","ast-page-background-meta":{"desktop":{"background-color":"var(--ast-global-color-5)","background-image":"","background-repeat":"repeat","background-position":"center center","background-size":"auto","background-attachment":"scroll","background-type":"","background-media":"","overlay-type":"","overlay-color":"","overlay-opacity":"","overlay-gradient":""},"tablet":{"background-color":"","background-image":"","background-repeat":"repeat","background-position":"center center","background-size":"auto","background-attachment":"scroll","background-type":"","background-media":"","overlay-type":"","overlay-color":"","overlay-opacity":"","overlay-gradient":""},"mobile":{"background-color":"","background-image":"","background-repeat":"repeat","background-position":"center center","background-size":"auto","background-attachment":"scroll","background-type":"","background-media":"","overlay-type":"","overlay-color":"","overlay-opacity":"","overlay-gradient":""}},"ast-content-background-meta":{"desktop":{"background-color":"var(--ast-global-color-4)","background-image":"","background-repeat":"repeat","background-position":"center center","background-size":"auto","background-attachment":"scroll","background-type":"","background-media":"","overlay-type":"","overlay-color":"","overlay-opacity":"","overlay-gradient":""},"tablet":{"background-color":"var(--ast-global-color-4)","background-image":"","background-repeat":"repeat","background-position":"center center","background-size":"auto","background-attachment":"scroll","background-type":"","background-media":"","overlay-type":"","overlay-color":"","overlay-opacity":"","overlay-gradient":""},"mobile":{"background-color":"var(--ast-global-color-4)","background-image":"","background-repeat":"repeat","background-position":"center center","background-size":"auto","background-attachment":"scroll","background-type":"","background-media":"","overlay-type":"","overlay-color":"","overlay-opacity":"","overlay-gradient":""}},"footnotes":""},"categories":[130,79,171],"tags":[],"class_list":["post-13977","post","type-post","status-publish","format-standard","hentry","category-beques-informacio","category-info","category-tauler-principal"],"post_mailing_queue_ids":[],"_links":{"self":[{"href":"https:\/\/agora.xtec.cat\/escmarquesdelapobla\/wp-json\/wp\/v2\/posts\/13977","targetHints":{"allow":["GET"]}}],"collection":[{"href":"https:\/\/agora.xtec.cat\/escmarquesdelapobla\/wp-json\/wp\/v2\/posts"}],"about":[{"href":"https:\/\/agora.xtec.cat\/escmarquesdelapobla\/wp-json\/wp\/v2\/types\/post"}],"author":[{"embeddable":true,"href":"https:\/\/agora.xtec.cat\/escmarquesdelapobla\/wp-json\/wp\/v2\/users\/45"}],"replies":[{"embeddable":true,"href":"https:\/\/agora.xtec.cat\/escmarquesdelapobla\/wp-json\/wp\/v2\/comments?post=13977"}],"version-history":[{"count":1,"href":"https:\/\/agora.xtec.cat\/escmarquesdelapobla\/wp-json\/wp\/v2\/posts\/13977\/revisions"}],"predecessor-version":[{"id":13978,"href":"https:\/\/agora.xtec.cat\/escmarquesdelapobla\/wp-json\/wp\/v2\/posts\/13977\/revisions\/13978"}],"wp:attachment":[{"href":"https:\/\/agora.xtec.cat\/escmarquesdelapobla\/wp-json\/wp\/v2\/media?parent=13977"}],"wp:term":[{"taxonomy":"category","embeddable":true,"href":"https:\/\/agora.xtec.cat\/escmarquesdelapobla\/wp-json\/wp\/v2\/categories?post=13977"},{"taxonomy":"post_tag","embeddable":true,"href":"https:\/\/agora.xtec.cat\/escmarquesdelapobla\/wp-json\/wp\/v2\/tags?post=13977"}],"curies":[{"name":"wp","href":"https:\/\/api.w.org\/{rel}","templated":true}]}}