{"id":13914,"date":"2024-04-15T15:56:34","date_gmt":"2024-04-15T13:56:34","guid":{"rendered":"https:\/\/agora.xtec.cat\/escmarquesdelapobla\/?p=13914"},"modified":"2024-04-15T15:58:39","modified_gmt":"2024-04-15T13:58:39","slug":"obrim-la-biblioteca-de-lescola","status":"publish","type":"post","link":"https:\/\/agora.xtec.cat\/escmarquesdelapobla\/info\/obrim-la-biblioteca-de-lescola\/","title":{"rendered":"Obrim la biblioteca de l&#8217;escola!"},"content":{"rendered":"<p style=\"text-align: justify;\">Des de l&#8217;Escola, junt amb el Pla d&#8217;Entorn de l&#8217;Ajuntament de Capellades, estem molt contents de poder anunciar, que a partir del dimarts 16 d&#8217;abril, s&#8217;obrir\u00e0 la biblioteca de l&#8217;escola com a extraescolar!!!<\/p>\n<p style=\"text-align: justify;\">DIES DE LA SETMANA: Dimarts i dimecres<br \/>\nHORARI: De 16:30h. a 18:00h.<br \/>\nDINAMITZADORS: La Lis i el Biel<br \/>\nFUNCIONAMENT:<br \/>\n&#8211; Els alumnes d&#8217;Educaci\u00f3 Infantil i Cicle Inicial hauran d&#8217;anar acompanyats d&#8217;un adult per poder fer pr\u00e9stec de llibres per casa o a passar una estoneta de lectura en fam\u00edlia.<br \/>\n&#8211; Els alumnes de Cicle Mitj\u00e0 i Cicle Superior poden venir a la biblioteca sols i poden llegir, fer pr\u00e9stec de llibres o quedar-se a fer tasques de l&#8217;escola. Si algun alumne ha de marxar abans de les 18:00h necessitar\u00e0 l&#8217;autoritzaci\u00f3, que ja hem entregat als alumnes, per poder marxar sol de la biblioteca.<\/p>\n<p style=\"text-align: justify;\">Us esperem a la biblioteca de l&#8217;escola!!!<\/p>\n<p><a href=\"https:\/\/agora.xtec.cat\/escmarquesdelapobla\/wp-content\/uploads\/usu1682\/2024\/04\/Cartell-biblioteca-1_page-0001-scaled.jpg\"><img loading=\"lazy\" decoding=\"async\" class=\"aligncenter wp-image-13918 size-full\" src=\"https:\/\/agora.xtec.cat\/escmarquesdelapobla\/wp-content\/uploads\/usu1682\/2024\/04\/Cartell-biblioteca-1_page-0001-scaled.jpg\" alt=\"\" width=\"1810\" height=\"2560\" srcset=\"https:\/\/agora.xtec.cat\/escmarquesdelapobla\/wp-content\/uploads\/usu1682\/2024\/04\/Cartell-biblioteca-1_page-0001-scaled.jpg 1810w, https:\/\/agora.xtec.cat\/escmarquesdelapobla\/wp-content\/uploads\/usu1682\/2024\/04\/Cartell-biblioteca-1_page-0001-212x300.jpg 212w, https:\/\/agora.xtec.cat\/escmarquesdelapobla\/wp-content\/uploads\/usu1682\/2024\/04\/Cartell-biblioteca-1_page-0001-724x1024.jpg 724w, https:\/\/agora.xtec.cat\/escmarquesdelapobla\/wp-content\/uploads\/usu1682\/2024\/04\/Cartell-biblioteca-1_page-0001-768x1086.jpg 768w, https:\/\/agora.xtec.cat\/escmarquesdelapobla\/wp-content\/uploads\/usu1682\/2024\/04\/Cartell-biblioteca-1_page-0001-1086x1536.jpg 1086w, https:\/\/agora.xtec.cat\/escmarquesdelapobla\/wp-content\/uploads\/usu1682\/2024\/04\/Cartell-biblioteca-1_page-0001-1448x2048.jpg 1448w\" sizes=\"auto, (max-width: 1810px) 100vw, 1810px\" \/><\/a><\/p>\n","protected":false},"excerpt":{"rendered":"<p>Des de l&#8217;Escola, junt amb el Pla d&#8217;Entorn de l&#8217;Ajuntament de Capellades, estem molt contents de poder anunciar, que a partir del dimarts 16 d&#8217;abril, s&#8217;obrir\u00e0 la biblioteca de l&#8217;escola com a extraescolar!!! DIES DE LA SETMANA: Dimarts i dimecres HORARI: De 16:30h. a 18:00h. DINAMITZADORS: La Lis i el Biel FUNCIONAMENT: &#8211; Els alumnes [&hellip;]<\/p>\n","protected":false},"author":45,"featured_media":0,"comment_status":"open","ping_status":"closed","sticky":false,"template":"","format":"standard","meta":{"_bbp_topic_count":0,"_bbp_reply_count":0,"_bbp_total_topic_count":0,"_bbp_total_reply_count":0,"_bbp_voice_count":0,"_bbp_anonymous_reply_count":0,"_bbp_topic_count_hidden":0,"_bbp_reply_count_hidden":0,"_bbp_forum_subforum_count":0,"site-sidebar-layout":"default","site-content-layout":"","ast-site-content-layout":"","site-content-style":"default","site-sidebar-style":"default","ast-global-header-display":"","ast-banner-title-visibility":"","ast-main-header-display":"","ast-hfb-above-header-display":"","ast-hfb-below-header-display":"","ast-hfb-mobile-header-display":"","site-post-title":"","ast-breadcrumbs-content":"","ast-featured-img":"","footer-sml-layout":"","theme-transparent-header-meta":"","adv-header-id-meta":"","stick-header-meta":"","header-above-stick-meta":"","header-main-stick-meta":"","header-below-stick-meta":"","astra-migrate-meta-layouts":"default","ast-page-background-enabled":"default","ast-page-background-meta":{"desktop":{"background-color":"var(--ast-global-color-5)","background-image":"","background-repeat":"repeat","background-position":"center center","background-size":"auto","background-attachment":"scroll","background-type":"","background-media":"","overlay-type":"","overlay-color":"","overlay-opacity":"","overlay-gradient":""},"tablet":{"background-color":"","background-image":"","background-repeat":"repeat","background-position":"center center","background-size":"auto","background-attachment":"scroll","background-type":"","background-media":"","overlay-type":"","overlay-color":"","overlay-opacity":"","overlay-gradient":""},"mobile":{"background-color":"","background-image":"","background-repeat":"repeat","background-position":"center center","background-size":"auto","background-attachment":"scroll","background-type":"","background-media":"","overlay-type":"","overlay-color":"","overlay-opacity":"","overlay-gradient":""}},"ast-content-background-meta":{"desktop":{"background-color":"var(--ast-global-color-4)","background-image":"","background-repeat":"repeat","background-position":"center center","background-size":"auto","background-attachment":"scroll","background-type":"","background-media":"","overlay-type":"","overlay-color":"","overlay-opacity":"","overlay-gradient":""},"tablet":{"background-color":"var(--ast-global-color-4)","background-image":"","background-repeat":"repeat","background-position":"center center","background-size":"auto","background-attachment":"scroll","background-type":"","background-media":"","overlay-type":"","overlay-color":"","overlay-opacity":"","overlay-gradient":""},"mobile":{"background-color":"var(--ast-global-color-4)","background-image":"","background-repeat":"repeat","background-position":"center center","background-size":"auto","background-attachment":"scroll","background-type":"","background-media":"","overlay-type":"","overlay-color":"","overlay-opacity":"","overlay-gradient":""}},"footnotes":""},"categories":[79,127,171],"tags":[255],"class_list":["post-13914","post","type-post","status-publish","format-standard","hentry","category-info","category-pla-educatiu-dentorn","category-tauler-principal","tag-biblioteca"],"post_mailing_queue_ids":[],"_links":{"self":[{"href":"https:\/\/agora.xtec.cat\/escmarquesdelapobla\/wp-json\/wp\/v2\/posts\/13914","targetHints":{"allow":["GET"]}}],"collection":[{"href":"https:\/\/agora.xtec.cat\/escmarquesdelapobla\/wp-json\/wp\/v2\/posts"}],"about":[{"href":"https:\/\/agora.xtec.cat\/escmarquesdelapobla\/wp-json\/wp\/v2\/types\/post"}],"author":[{"embeddable":true,"href":"https:\/\/agora.xtec.cat\/escmarquesdelapobla\/wp-json\/wp\/v2\/users\/45"}],"replies":[{"embeddable":true,"href":"https:\/\/agora.xtec.cat\/escmarquesdelapobla\/wp-json\/wp\/v2\/comments?post=13914"}],"version-history":[{"count":3,"href":"https:\/\/agora.xtec.cat\/escmarquesdelapobla\/wp-json\/wp\/v2\/posts\/13914\/revisions"}],"predecessor-version":[{"id":13919,"href":"https:\/\/agora.xtec.cat\/escmarquesdelapobla\/wp-json\/wp\/v2\/posts\/13914\/revisions\/13919"}],"wp:attachment":[{"href":"https:\/\/agora.xtec.cat\/escmarquesdelapobla\/wp-json\/wp\/v2\/media?parent=13914"}],"wp:term":[{"taxonomy":"category","embeddable":true,"href":"https:\/\/agora.xtec.cat\/escmarquesdelapobla\/wp-json\/wp\/v2\/categories?post=13914"},{"taxonomy":"post_tag","embeddable":true,"href":"https:\/\/agora.xtec.cat\/escmarquesdelapobla\/wp-json\/wp\/v2\/tags?post=13914"}],"curies":[{"name":"wp","href":"https:\/\/api.w.org\/{rel}","templated":true}]}}