{"id":13893,"date":"2024-04-08T09:00:11","date_gmt":"2024-04-08T07:00:11","guid":{"rendered":"https:\/\/agora.xtec.cat\/escmarquesdelapobla\/?p=13893"},"modified":"2024-06-12T13:46:12","modified_gmt":"2024-06-12T11:46:12","slug":"jornada-de-lesport-2024","status":"publish","type":"post","link":"https:\/\/agora.xtec.cat\/escmarquesdelapobla\/celebracions\/jornada-de-lesport-2024\/","title":{"rendered":"Jornada de l&#8217;esport 2024"},"content":{"rendered":"<p style=\"text-align: justify;\">Divendres vam dur a terme la Jornada de l&#8217;esport d&#8217;enguany i com sempre, va ser tot un \u00e8xit!<\/p>\n<p style=\"text-align: justify;\">EI i CI al mat\u00ed van anar al poliesportiu a fer diferents estacions de joc, d&#8217;altra banda CM i CS van estar fent estacions d&#8217;esports per les pistes de l&#8217;escola i el camp de futbol. Per concloure el mat\u00ed vam anar a veure el partit de futbol de l&#8217;alumnat de P6.<\/p>\n<p style=\"text-align: justify;\">A la tarda EI i P1 van estar a l&#8217;escola fent circu\u00efts i movent-se amb patinets, tricicles i altres vehicles, mentre que P2, CM i CS van fer una bicicletada on van fer un parell de voltes pel poble. Per finalitzar la jornada, vam poder menjar fruita!<\/p>\n<p style=\"text-align: justify;\">Vam gaudir d&#8217;un dia on a trav\u00e9s de l&#8217;esport ho vam passar d&#8217;all\u00f2 m\u00e9s b\u00e9! Us deixem algunes imatges del dia, cliqueu al nom del cicle per visualitzar les imatges.<\/p>\n<div style=\"position: relative; width: 100%; height: 0; padding-top: 70.7071%; padding-bottom: 0; box-shadow: 0 2px 8px 0 rgba(63,69,81,0.16); margin-top: 1.6em; margin-bottom: 0.9em; overflow: hidden; border-radius: 8px; will-change: transform;\"><iframe style=\"position: absolute; width: 100%; height: 100%; top: 0; left: 0; border: none; padding: 0; margin: 0;\" src=\"https:\/\/www.canva.com\/design\/DAGBuUVN0h4\/UG2OjfOMe48UIlgMer0_Tw\/view?embed\" allowfullscreen=\"allowfullscreen\"><br \/>\n<\/iframe><\/div>\n<p><a href=\"https:\/\/www.canva.com\/design\/DAGBuUVN0h4\/UG2OjfOMe48UIlgMer0_Tw\/view?utm_content=DAGBuUVN0h4&amp;utm_campaign=designshare&amp;utm_medium=embeds&amp;utm_source=link\" target=\"_blank\" rel=\"noopener\">Educaci\u00f3 Infantil i Cicle Inicial<\/a> de Laia Garriga<\/p>\n","protected":false},"excerpt":{"rendered":"<p>Divendres vam dur a terme la Jornada de l&#8217;esport d&#8217;enguany i com sempre, va ser tot un \u00e8xit! EI i CI al mat\u00ed van anar al poliesportiu a fer diferents estacions de joc, d&#8217;altra banda CM i CS van estar fent estacions d&#8217;esports per les pistes de l&#8217;escola i el camp de futbol. Per concloure [&hellip;]<\/p>\n","protected":false},"author":45,"featured_media":0,"comment_status":"open","ping_status":"closed","sticky":false,"template":"","format":"standard","meta":{"_bbp_topic_count":0,"_bbp_reply_count":0,"_bbp_total_topic_count":0,"_bbp_total_reply_count":0,"_bbp_voice_count":0,"_bbp_anonymous_reply_count":0,"_bbp_topic_count_hidden":0,"_bbp_reply_count_hidden":0,"_bbp_forum_subforum_count":0,"site-sidebar-layout":"default","site-content-layout":"","ast-site-content-layout":"","site-content-style":"default","site-sidebar-style":"default","ast-global-header-display":"","ast-banner-title-visibility":"","ast-main-header-display":"","ast-hfb-above-header-display":"","ast-hfb-below-header-display":"","ast-hfb-mobile-header-display":"","site-post-title":"","ast-breadcrumbs-content":"","ast-featured-img":"","footer-sml-layout":"","theme-transparent-header-meta":"","adv-header-id-meta":"","stick-header-meta":"","header-above-stick-meta":"","header-main-stick-meta":"","header-below-stick-meta":"","astra-migrate-meta-layouts":"default","ast-page-background-enabled":"default","ast-page-background-meta":{"desktop":{"background-color":"var(--ast-global-color-5)","background-image":"","background-repeat":"repeat","background-position":"center center","background-size":"auto","background-attachment":"scroll","background-type":"","background-media":"","overlay-type":"","overlay-color":"","overlay-opacity":"","overlay-gradient":""},"tablet":{"background-color":"","background-image":"","background-repeat":"repeat","background-position":"center center","background-size":"auto","background-attachment":"scroll","background-type":"","background-media":"","overlay-type":"","overlay-color":"","overlay-opacity":"","overlay-gradient":""},"mobile":{"background-color":"","background-image":"","background-repeat":"repeat","background-position":"center center","background-size":"auto","background-attachment":"scroll","background-type":"","background-media":"","overlay-type":"","overlay-color":"","overlay-opacity":"","overlay-gradient":""}},"ast-content-background-meta":{"desktop":{"background-color":"var(--ast-global-color-4)","background-image":"","background-repeat":"repeat","background-position":"center center","background-size":"auto","background-attachment":"scroll","background-type":"","background-media":"","overlay-type":"","overlay-color":"","overlay-opacity":"","overlay-gradient":""},"tablet":{"background-color":"var(--ast-global-color-4)","background-image":"","background-repeat":"repeat","background-position":"center center","background-size":"auto","background-attachment":"scroll","background-type":"","background-media":"","overlay-type":"","overlay-color":"","overlay-opacity":"","overlay-gradient":""},"mobile":{"background-color":"var(--ast-global-color-4)","background-image":"","background-repeat":"repeat","background-position":"center center","background-size":"auto","background-attachment":"scroll","background-type":"","background-media":"","overlay-type":"","overlay-color":"","overlay-opacity":"","overlay-gradient":""}},"footnotes":""},"categories":[55,171,82],"tags":[],"class_list":["post-13893","post","type-post","status-publish","format-standard","hentry","category-celebracions","category-tauler-principal","category-cultural"],"post_mailing_queue_ids":[],"_links":{"self":[{"href":"https:\/\/agora.xtec.cat\/escmarquesdelapobla\/wp-json\/wp\/v2\/posts\/13893","targetHints":{"allow":["GET"]}}],"collection":[{"href":"https:\/\/agora.xtec.cat\/escmarquesdelapobla\/wp-json\/wp\/v2\/posts"}],"about":[{"href":"https:\/\/agora.xtec.cat\/escmarquesdelapobla\/wp-json\/wp\/v2\/types\/post"}],"author":[{"embeddable":true,"href":"https:\/\/agora.xtec.cat\/escmarquesdelapobla\/wp-json\/wp\/v2\/users\/45"}],"replies":[{"embeddable":true,"href":"https:\/\/agora.xtec.cat\/escmarquesdelapobla\/wp-json\/wp\/v2\/comments?post=13893"}],"version-history":[{"count":4,"href":"https:\/\/agora.xtec.cat\/escmarquesdelapobla\/wp-json\/wp\/v2\/posts\/13893\/revisions"}],"predecessor-version":[{"id":14158,"href":"https:\/\/agora.xtec.cat\/escmarquesdelapobla\/wp-json\/wp\/v2\/posts\/13893\/revisions\/14158"}],"wp:attachment":[{"href":"https:\/\/agora.xtec.cat\/escmarquesdelapobla\/wp-json\/wp\/v2\/media?parent=13893"}],"wp:term":[{"taxonomy":"category","embeddable":true,"href":"https:\/\/agora.xtec.cat\/escmarquesdelapobla\/wp-json\/wp\/v2\/categories?post=13893"},{"taxonomy":"post_tag","embeddable":true,"href":"https:\/\/agora.xtec.cat\/escmarquesdelapobla\/wp-json\/wp\/v2\/tags?post=13893"}],"curies":[{"name":"wp","href":"https:\/\/api.w.org\/{rel}","templated":true}]}}