{"id":13823,"date":"2024-03-20T09:00:53","date_gmt":"2024-03-20T08:00:53","guid":{"rendered":"https:\/\/agora.xtec.cat\/escmarquesdelapobla\/?p=13823"},"modified":"2024-03-19T22:04:45","modified_gmt":"2024-03-19T21:04:45","slug":"us-convidem-a-venir-a-veurens-el-dia-de-la-poesia","status":"publish","type":"post","link":"https:\/\/agora.xtec.cat\/escmarquesdelapobla\/mitja\/us-convidem-a-venir-a-veurens-el-dia-de-la-poesia\/","title":{"rendered":"Us convidem a venir a veure&#8217;ns el Dia de la Poesia!"},"content":{"rendered":"<p style=\"text-align: justify;\">Dem\u00e0 dia 21 de mar\u00e7 ser\u00e0 el Dia de la Poesia i durem a terme una activitat anomenada Paraules al Carrer. Per tal de celebrar aquest dia, a les classes hem estat preparant-nos poemes amb petits grupets. Aquesta \u00e9s una activitat que s&#8217;organitza des del CRP Anoia i aquest any la tem\u00e0tica s\u00f3n els ODS.<\/p>\n<p style=\"text-align: justify;\">Dilluns vam estar penjar cartells anunciant el recital de poesia, per tal que tothom en fos coneixedor, ja que ens agradaria molt que pugueu gaudir dels poemes que hem preparat. Els llocs on ens trobareu seran: la Bassa, Pla\u00e7a Catalunya, Pla\u00e7a Verdaguer i Pla\u00e7a Espanya a partir de les 9:30. L&#8217;alumnat de P4 comen\u00e7ar\u00e0 per Pla\u00e7a Espanya i l&#8217;alumnat de P3 per la Bassa.<\/p>\n<p><a href=\"https:\/\/photos.app.goo.gl\/uGksu3YgXQEfaUGa8\"><img loading=\"lazy\" decoding=\"async\" class=\"aligncenter size-large\" src=\"https:\/\/lh3.googleusercontent.com\/pw\/AP1GczNFnR8gT2ZseuU497b9zT244CB9XiPhSASjVFnlrt61NhoZ7ZRr0Oqe7Gm3FWLv6QeljP4lSzwJ73HM6WcAYYdz8HuAO-C1owEs8uzvFgBkJOcLGtPXuo5lI2RClb2QPD-LZrRNlGaP3keIHHNSGYuFr6Dyphi7Q5m7F6HJ2xYRyTZho1hLo8lOBe7WM-yIIcN2ZpBNLFpuOlIvSfSn1vi2O8gW8Psust2rHFBquR0_LzFoZn_k70eqTMXn1mT2-vOj8K4uSYdHR6YHqWELkkxAbMKCitSrDku6QRO02uZeYkTJvK8oUrAZl_C-ox3RREFcH-SP5qSqzhnwNuYFzbmyNAjlagq3hYGcqnWVJo7XmYFX4a6D71KPBbvkNTYDIVA2-_nAbcZXVlNhGUm_lXUS2qVrc3-vZDzdyStJvd7Xh5YzsO-OnJO5ToC8OUl54ILs7MT1BdF07sWBoIEh800_ag3Zxrr7zX-3gR37ykHPwVpjY4F0hGtXWFKlDp6YahxQDCyQ9eQnSzkcE3EV_20qAXE4UQayZSGXztOALuyAoay7sB2rGncRs80YFywqg0B5IUCptFy5TXJDECFagFWKon3KvKgq9J2Ib98CRNWGPu4Z0HcWp1guLeGO-HH28LWYCAXoT_wr-ZWdD45D2UvdNNA7I9F3zIGGG9worz-wjzioYCUNrmN-CHXQ6KsfC4ecMkemyP52UE3iHKBsnvP3hfoPf_nkfBfHPvkqf1k-RQGv72TlkOltqQ9S4RZtJfMfpt0AdpSweZj0Fgu8QgSWPpM6G6OoG---1ZW49Jq67V_4ntMMv5REluc4YxztqXlMJmiglsgspXzmBZgOCQ7BJcQn9KbuyCx5u3Hf05G6KXKx-r439YlrAx62LRSDle3fxDcX6G1V2iUQYiSEULKZJn6lN9g3vvdInxI0JpZznOlgozC2gUIY0CL1ePkQqyxG1W0TX6P5MdHMZHWQ08-1bm4P0BWNGORZsAlBN251UzQvybN7gnWOHpvPmmJeYA=w1600-h899-s-no-gm?authuser=1\" width=\"1600\" height=\"899\" \/><\/a><\/p>\n<p style=\"text-align: justify;\">\n","protected":false},"excerpt":{"rendered":"<p>Dem\u00e0 dia 21 de mar\u00e7 ser\u00e0 el Dia de la Poesia i durem a terme una activitat anomenada Paraules al Carrer. Per tal de celebrar aquest dia, a les classes hem estat preparant-nos poemes amb petits grupets. Aquesta \u00e9s una activitat que s&#8217;organitza des del CRP Anoia i aquest any la tem\u00e0tica s\u00f3n els ODS. [&hellip;]<\/p>\n","protected":false},"author":45,"featured_media":0,"comment_status":"open","ping_status":"closed","sticky":false,"template":"","format":"standard","meta":{"_bbp_topic_count":0,"_bbp_reply_count":0,"_bbp_total_topic_count":0,"_bbp_total_reply_count":0,"_bbp_voice_count":0,"_bbp_anonymous_reply_count":0,"_bbp_topic_count_hidden":0,"_bbp_reply_count_hidden":0,"_bbp_forum_subforum_count":0,"site-sidebar-layout":"default","site-content-layout":"","ast-site-content-layout":"","site-content-style":"default","site-sidebar-style":"default","ast-global-header-display":"","ast-banner-title-visibility":"","ast-main-header-display":"","ast-hfb-above-header-display":"","ast-hfb-below-header-display":"","ast-hfb-mobile-header-display":"","site-post-title":"","ast-breadcrumbs-content":"","ast-featured-img":"","footer-sml-layout":"","theme-transparent-header-meta":"","adv-header-id-meta":"","stick-header-meta":"","header-above-stick-meta":"","header-main-stick-meta":"","header-below-stick-meta":"","astra-migrate-meta-layouts":"default","ast-page-background-enabled":"default","ast-page-background-meta":{"desktop":{"background-color":"var(--ast-global-color-5)","background-image":"","background-repeat":"repeat","background-position":"center center","background-size":"auto","background-attachment":"scroll","background-type":"","background-media":"","overlay-type":"","overlay-color":"","overlay-opacity":"","overlay-gradient":""},"tablet":{"background-color":"","background-image":"","background-repeat":"repeat","background-position":"center center","background-size":"auto","background-attachment":"scroll","background-type":"","background-media":"","overlay-type":"","overlay-color":"","overlay-opacity":"","overlay-gradient":""},"mobile":{"background-color":"","background-image":"","background-repeat":"repeat","background-position":"center center","background-size":"auto","background-attachment":"scroll","background-type":"","background-media":"","overlay-type":"","overlay-color":"","overlay-opacity":"","overlay-gradient":""}},"ast-content-background-meta":{"desktop":{"background-color":"var(--ast-global-color-4)","background-image":"","background-repeat":"repeat","background-position":"center center","background-size":"auto","background-attachment":"scroll","background-type":"","background-media":"","overlay-type":"","overlay-color":"","overlay-opacity":"","overlay-gradient":""},"tablet":{"background-color":"var(--ast-global-color-4)","background-image":"","background-repeat":"repeat","background-position":"center center","background-size":"auto","background-attachment":"scroll","background-type":"","background-media":"","overlay-type":"","overlay-color":"","overlay-opacity":"","overlay-gradient":""},"mobile":{"background-color":"var(--ast-global-color-4)","background-image":"","background-repeat":"repeat","background-position":"center center","background-size":"auto","background-attachment":"scroll","background-type":"","background-media":"","overlay-type":"","overlay-color":"","overlay-opacity":"","overlay-gradient":""}},"footnotes":""},"categories":[65,140,139],"tags":[185,186,187,188],"class_list":["post-13823","post","type-post","status-publish","format-standard","hentry","category-mitja","category-p3","category-p4","tag-p3a","tag-p3b","tag-p4a","tag-p4b"],"post_mailing_queue_ids":[],"_links":{"self":[{"href":"https:\/\/agora.xtec.cat\/escmarquesdelapobla\/wp-json\/wp\/v2\/posts\/13823","targetHints":{"allow":["GET"]}}],"collection":[{"href":"https:\/\/agora.xtec.cat\/escmarquesdelapobla\/wp-json\/wp\/v2\/posts"}],"about":[{"href":"https:\/\/agora.xtec.cat\/escmarquesdelapobla\/wp-json\/wp\/v2\/types\/post"}],"author":[{"embeddable":true,"href":"https:\/\/agora.xtec.cat\/escmarquesdelapobla\/wp-json\/wp\/v2\/users\/45"}],"replies":[{"embeddable":true,"href":"https:\/\/agora.xtec.cat\/escmarquesdelapobla\/wp-json\/wp\/v2\/comments?post=13823"}],"version-history":[{"count":3,"href":"https:\/\/agora.xtec.cat\/escmarquesdelapobla\/wp-json\/wp\/v2\/posts\/13823\/revisions"}],"predecessor-version":[{"id":13848,"href":"https:\/\/agora.xtec.cat\/escmarquesdelapobla\/wp-json\/wp\/v2\/posts\/13823\/revisions\/13848"}],"wp:attachment":[{"href":"https:\/\/agora.xtec.cat\/escmarquesdelapobla\/wp-json\/wp\/v2\/media?parent=13823"}],"wp:term":[{"taxonomy":"category","embeddable":true,"href":"https:\/\/agora.xtec.cat\/escmarquesdelapobla\/wp-json\/wp\/v2\/categories?post=13823"},{"taxonomy":"post_tag","embeddable":true,"href":"https:\/\/agora.xtec.cat\/escmarquesdelapobla\/wp-json\/wp\/v2\/tags?post=13823"}],"curies":[{"name":"wp","href":"https:\/\/api.w.org\/{rel}","templated":true}]}}