{"id":13818,"date":"2024-03-19T09:33:21","date_gmt":"2024-03-19T08:33:21","guid":{"rendered":"https:\/\/agora.xtec.cat\/escmarquesdelapobla\/?p=13818"},"modified":"2024-03-19T09:33:21","modified_gmt":"2024-03-19T08:33:21","slug":"la-veu-de-lalumnat-a-les-comissions-davaluacio-cs","status":"publish","type":"post","link":"https:\/\/agora.xtec.cat\/escmarquesdelapobla\/superior\/la-veu-de-lalumnat-a-les-comissions-davaluacio-cs\/","title":{"rendered":"La veu de l&#8217;alumnat a les comissions d&#8217;avaluaci\u00f3 CS"},"content":{"rendered":"<p><span style=\"font-weight: 400;\">S\u2019apropa el final del segon trimestre i els mestres ja anem pensant amb les notes, els informes\u2026 Per\u00f2 aquest curs ha sigut una mica diferent, per primer cop hem incorporat la veu de l\u2019alumnat a les comissions d\u2019avaluaci\u00f3.<\/span><\/p>\n<p><span style=\"font-weight: 400;\">La comissi\u00f3 d\u2019avaluaci\u00f3 \u00e9s l\u2019espai on els mestres de P5 i P6 ens reunim per comentar els assoliments i l\u2019evoluci\u00f3 de l\u2019alumnat. Normalment, ho fem sense la participaci\u00f3 dels nens i nenes per\u00f2, aquest trimestre, hem demanat als representants que ens acompanyin i facin de portaveus de les classes.<\/span><\/p>\n<p><span style=\"font-weight: 400;\">Pr\u00e8viament, a les tutories hem analitzat el trimestre a trav\u00e9s de la t\u00e8cnica del sem\u00e0for. Hem respost a unes preguntes aixecant una cartolina verda o vermella en funci\u00f3 de la nostra opini\u00f3. Les preguntes eren sobre els resultats, sobre el comportament, sobre el respecte de les normes de la classe. En acabar les preguntes, a m\u00e9s a m\u00e9s, hem pogut comentar cada \u00edtem i hem pogut parlar d\u2019all\u00f2 que ens preocupa i all\u00f2 que creiem que podem millorar.<\/span><\/p>\n<p><span style=\"font-weight: 400;\">Tot aix\u00f2, s\u2019ho han apuntat els representants en una graella i ho han exposat als mestres a la comissi\u00f3 d\u2019avaluaci\u00f3.<\/span><\/p>\n<p><span style=\"font-weight: 400;\">Hem comen\u00e7at la comissi\u00f3 compartint els resultats de cada classe i els representants han explicat les valoracions que han extret. Han sortit coses molt interessants com per exemple que a vegades som poc respectuosos amb els mestres de les mat\u00e8ries que no ens agraden gaire i cal que ho millorem, que ens agradaria que el dia que ens donin deures llargs com llegir sigui el dijous, aix\u00ed tenim temps per fer-los durant el cap de setmana, etc.<\/span><\/p>\n<p><span style=\"font-weight: 400;\">Ha sigut una estona molt profitosa, ara queda explicar-ho tot a les classes!<\/span><\/p>\n<p><span style=\"font-weight: 400;\">P5 i P6<\/span><\/p>\n<p>&nbsp;<\/p>\n<p><a href=\"https:\/\/photos.app.goo.gl\/gGUfodq8imMabYik7\"><img loading=\"lazy\" decoding=\"async\" class=\"alignnone size-large\" src=\"https:\/\/lh3.googleusercontent.com\/pw\/AP1GczPaN_cuJJHwzFBW9ybRp4oennJrQNh1j7ibh0MbHhNpdWLNX4--5CSS3NdPLx1vS63uuYRDXrjDGm0OoOEXDZuIg1Nf4XQy2B9EZ34r9h339qh-hed2F-S2JTBueEDiRULWyWcbhoL8X3Vk1V_bp4XeT9XpHw3JK0T7Q_YfHM0slAYWQA-C2FemEJb97tfW8EVoJEHiCFFvrlx1uC5SpCEmghHxvNT2aD5zyoXBqEwExSv9FcspHLjQ4mzcogIXZDjTl2PC9rH0DLKnOv7eMNai5z212jCOwIwTGBWxWXClrZQCo3CQ27a2tNZFUhqS4ZFdCqROZqX33yp3gZ8d6i81aYfwOkrJ9cF8p_v-g8dwF81M1ek8BUdXPC3O0EuqSu7CRmhEANQx2hhqMzlBUoWi1Dbz7G0CJ0MSfd6fMDeb-FaTwu--GS-qFNR784RN9Q4OpPA1mMBNYTe3cOgzYDOSm_DX-_ibngdoJu3-B_b_mZ6LLpd1FZC2F1rGtRrFU1Bhdrt4JqbPA-VUzZqoMNiH_NSFGbExlZBL9n88YB8C2f4pFiYtpDyXC8iZlUpvF1OkoeR_uedYUky68-FaNwxvw6RH4BdRN8gAU85Wr0B_HwPZdPMPKZOr12mKukdNeWGe6h4BEwIKsxTlbNa-RrmIqu3VnAkfRR-nqUQtwpdCIWjeY1qRkD8-g4BEDLnCOsuxu75QJ-VT8IZ-vJESBvbYwR8DiVOhpbOw97YBfSAjXHdZ6h0UPhlBUjVr43fAuUVICAXkJp8DzVVknQWL7kue35-LMfJWsWRakI85NfG-rztYgNsbC5L7nmk2rwIrtGzWJwcW9DmLaxIHgSePO8ULBHRv4bNOJL0tt1Xkxm34jZEoQpZD4P-imEy7d4Dkkg_fAmBLYjC9cfwqkFp_9QTKWfhAnrxnt4Tir2qP8_qiT2j0WsvkmkiMenTu6cSn6TI9gWM62krlukHUpsx24k54W9Ot5nsu=w1220-h913-s-no-gm?authuser=2\" width=\"1220\" height=\"913\" \/><\/a><\/p>\n","protected":false},"excerpt":{"rendered":"<p>S\u2019apropa el final del segon trimestre i els mestres ja anem pensant amb les notes, els informes\u2026 Per\u00f2 aquest curs ha sigut una mica diferent, per primer cop hem incorporat la veu de l\u2019alumnat a les comissions d\u2019avaluaci\u00f3. La comissi\u00f3 d\u2019avaluaci\u00f3 \u00e9s l\u2019espai on els mestres de P5 i P6 ens reunim per comentar els [&hellip;]<\/p>\n","protected":false},"author":2,"featured_media":0,"comment_status":"open","ping_status":"closed","sticky":false,"template":"","format":"standard","meta":{"_bbp_topic_count":0,"_bbp_reply_count":0,"_bbp_total_topic_count":0,"_bbp_total_reply_count":0,"_bbp_voice_count":0,"_bbp_anonymous_reply_count":0,"_bbp_topic_count_hidden":0,"_bbp_reply_count_hidden":0,"_bbp_forum_subforum_count":0,"site-sidebar-layout":"default","site-content-layout":"","ast-site-content-layout":"","site-content-style":"default","site-sidebar-style":"default","ast-global-header-display":"","ast-banner-title-visibility":"","ast-main-header-display":"","ast-hfb-above-header-display":"","ast-hfb-below-header-display":"","ast-hfb-mobile-header-display":"","site-post-title":"","ast-breadcrumbs-content":"","ast-featured-img":"","footer-sml-layout":"","theme-transparent-header-meta":"","adv-header-id-meta":"","stick-header-meta":"","header-above-stick-meta":"","header-main-stick-meta":"","header-below-stick-meta":"","astra-migrate-meta-layouts":"default","ast-page-background-enabled":"default","ast-page-background-meta":{"desktop":{"background-color":"var(--ast-global-color-5)","background-image":"","background-repeat":"repeat","background-position":"center center","background-size":"auto","background-attachment":"scroll","background-type":"","background-media":"","overlay-type":"","overlay-color":"","overlay-opacity":"","overlay-gradient":""},"tablet":{"background-color":"","background-image":"","background-repeat":"repeat","background-position":"center center","background-size":"auto","background-attachment":"scroll","background-type":"","background-media":"","overlay-type":"","overlay-color":"","overlay-opacity":"","overlay-gradient":""},"mobile":{"background-color":"","background-image":"","background-repeat":"repeat","background-position":"center center","background-size":"auto","background-attachment":"scroll","background-type":"","background-media":"","overlay-type":"","overlay-color":"","overlay-opacity":"","overlay-gradient":""}},"ast-content-background-meta":{"desktop":{"background-color":"var(--ast-global-color-4)","background-image":"","background-repeat":"repeat","background-position":"center center","background-size":"auto","background-attachment":"scroll","background-type":"","background-media":"","overlay-type":"","overlay-color":"","overlay-opacity":"","overlay-gradient":""},"tablet":{"background-color":"var(--ast-global-color-4)","background-image":"","background-repeat":"repeat","background-position":"center center","background-size":"auto","background-attachment":"scroll","background-type":"","background-media":"","overlay-type":"","overlay-color":"","overlay-opacity":"","overlay-gradient":""},"mobile":{"background-color":"var(--ast-global-color-4)","background-image":"","background-repeat":"repeat","background-position":"center center","background-size":"auto","background-attachment":"scroll","background-type":"","background-media":"","overlay-type":"","overlay-color":"","overlay-opacity":"","overlay-gradient":""}},"footnotes":""},"categories":[5,14,133],"tags":[190,191,211,212],"class_list":["post-13818","post","type-post","status-publish","format-standard","hentry","category-superior","category-p5","category-p6","tag-p5a","tag-p5b","tag-p6a","tag-p6b"],"post_mailing_queue_ids":[],"_links":{"self":[{"href":"https:\/\/agora.xtec.cat\/escmarquesdelapobla\/wp-json\/wp\/v2\/posts\/13818","targetHints":{"allow":["GET"]}}],"collection":[{"href":"https:\/\/agora.xtec.cat\/escmarquesdelapobla\/wp-json\/wp\/v2\/posts"}],"about":[{"href":"https:\/\/agora.xtec.cat\/escmarquesdelapobla\/wp-json\/wp\/v2\/types\/post"}],"author":[{"embeddable":true,"href":"https:\/\/agora.xtec.cat\/escmarquesdelapobla\/wp-json\/wp\/v2\/users\/2"}],"replies":[{"embeddable":true,"href":"https:\/\/agora.xtec.cat\/escmarquesdelapobla\/wp-json\/wp\/v2\/comments?post=13818"}],"version-history":[{"count":2,"href":"https:\/\/agora.xtec.cat\/escmarquesdelapobla\/wp-json\/wp\/v2\/posts\/13818\/revisions"}],"predecessor-version":[{"id":13820,"href":"https:\/\/agora.xtec.cat\/escmarquesdelapobla\/wp-json\/wp\/v2\/posts\/13818\/revisions\/13820"}],"wp:attachment":[{"href":"https:\/\/agora.xtec.cat\/escmarquesdelapobla\/wp-json\/wp\/v2\/media?parent=13818"}],"wp:term":[{"taxonomy":"category","embeddable":true,"href":"https:\/\/agora.xtec.cat\/escmarquesdelapobla\/wp-json\/wp\/v2\/categories?post=13818"},{"taxonomy":"post_tag","embeddable":true,"href":"https:\/\/agora.xtec.cat\/escmarquesdelapobla\/wp-json\/wp\/v2\/tags?post=13818"}],"curies":[{"name":"wp","href":"https:\/\/api.w.org\/{rel}","templated":true}]}}