{"id":13786,"date":"2024-03-11T09:00:22","date_gmt":"2024-03-11T08:00:22","guid":{"rendered":"https:\/\/agora.xtec.cat\/escmarquesdelapobla\/?p=13786"},"modified":"2024-03-10T11:05:06","modified_gmt":"2024-03-10T10:05:06","slug":"escoltem-contes-per-reflexionar-el-dia-internacional-de-les-dones","status":"publish","type":"post","link":"https:\/\/agora.xtec.cat\/escmarquesdelapobla\/mitja\/escoltem-contes-per-reflexionar-el-dia-internacional-de-les-dones\/","title":{"rendered":"Escoltem contes per reflexionar el Dia Internacional de les Dones"},"content":{"rendered":"<p style=\"text-align: justify;\">La classe de P3A i P3B van anar el divendres 8 de mar\u00e7 a la biblioteca de Capellades per celebrar el Dia de la Dona. Els nens i nenes van poder gaudir de diverses hist\u00f2ries explicades sobre personatges femenins i fomentar la reflexi\u00f3 i el di\u00e0leg. Els infants van poder explicar les seves experi\u00e8ncies, compartir les seves opinions i punts de vista per treballar el respecte, la igualtat de g\u00e8nere, la coeducaci\u00f3, l&#8217;empoderament i l&#8217;empatia.<\/p>\n<p><a href=\"https:\/\/photos.app.goo.gl\/S8o1zKeq1eWxWy9j7\"><img loading=\"lazy\" decoding=\"async\" class=\"aligncenter size-large\" src=\"https:\/\/lh3.googleusercontent.com\/pw\/AP1GczNmbTNoSx1Df5kA0eSwNnbgauPu38z459E6lYVfVqC_vVYsodmxt_IyrBk5vQUoPAt_DFOaXHo83RpLgJbO2dXOiuSmI0W8Pk372W3i14yXAH0_1NodIem3esZugc9t6iN4wTLuZiUWLf0n2hmeEDruurygJvBTOxkRezeYEaBnPBDW66RCZr9Srw92FaezzZtsd5V89zKGN5GhibRXl_S4xWUR5l3GvFjxb6pduaUQNWuN8ap8Sye2NjeuSY5fJ4Qq4KyRZZtYHUdYR7K50g_Uem8056j5xfBA5_4UFVDxztaVRkMZoYQsppUiAg42SVV-t9XpugQsRZPWnyM-wn6zqigZQ2Or5UN9kcqKfppnKFlvCEVVCyR_5HDw2ucbw8db2ldTqBYzXWfrjIZSXNs1HuRBzvDa4b3QVELo8l-8xqD3tKQmWTYf5NnyD7_MaU2omLJi3Lw7Tdym3AVp-zTYewZMzuvmiMZQLE4lbI4m5Ik-D0w1Lv1FssCD14Fe6TOuebxp5NAK139-OUfCyKwizlpqwH0JOQeKKPQyFIQUC6qUrzNSt05nEm67hrnc51Y9Qvk_QNV7wPbhNH6Rfk3bl8PCZmUSC5a4Qv1hWVq_Jv886PMvcAt7mXWsB4MXLIwVqFl-JeBv4P2wZG9t6l66ljKwm_SKCleLaXOR5G0mnQMzyNIV8eY82Z8zcHDnD4fnVPtvDBebwGcgfsg1f6f1i878F5b30cyhu-jfwJaU2hpMmAtkLDYE4cFRWuHaGwgK4VQvdk8wBvH4WJCR97SddtJ3eLYOKKigwVmrdkSt6Z64SRBw0WWVoRXSp3ConU1y4Jo1fUt6Ki9vheQt-KbP2oXyGvDeHyc-ocKgpODImmbjD4SEBSugJyN4flsGOKZ1sSkYTVXZX8zwLrELQz2OsIV7vYpcRZgxXyJfCfmydit8AvMimtzgFLz23SLjZW-ikzvTjl7hPd1TsdSd5c9OagAKixb57EEyeenY_u6p4AUigqxnzoUc88NC0gzYuA=w1521-h913-s-no-gm?authuser=1\" width=\"1521\" height=\"913\" \/><\/a><\/p>\n","protected":false},"excerpt":{"rendered":"<p>La classe de P3A i P3B van anar el divendres 8 de mar\u00e7 a la biblioteca de Capellades per celebrar el Dia de la Dona. Els nens i nenes van poder gaudir de diverses hist\u00f2ries explicades sobre personatges femenins i fomentar la reflexi\u00f3 i el di\u00e0leg. Els infants van poder explicar les seves experi\u00e8ncies, compartir [&hellip;]<\/p>\n","protected":false},"author":45,"featured_media":0,"comment_status":"open","ping_status":"closed","sticky":false,"template":"","format":"standard","meta":{"_bbp_topic_count":0,"_bbp_reply_count":0,"_bbp_total_topic_count":0,"_bbp_total_reply_count":0,"_bbp_voice_count":0,"_bbp_anonymous_reply_count":0,"_bbp_topic_count_hidden":0,"_bbp_reply_count_hidden":0,"_bbp_forum_subforum_count":0,"site-sidebar-layout":"default","site-content-layout":"","ast-site-content-layout":"","site-content-style":"default","site-sidebar-style":"default","ast-global-header-display":"","ast-banner-title-visibility":"","ast-main-header-display":"","ast-hfb-above-header-display":"","ast-hfb-below-header-display":"","ast-hfb-mobile-header-display":"","site-post-title":"","ast-breadcrumbs-content":"","ast-featured-img":"","footer-sml-layout":"","theme-transparent-header-meta":"","adv-header-id-meta":"","stick-header-meta":"","header-above-stick-meta":"","header-main-stick-meta":"","header-below-stick-meta":"","astra-migrate-meta-layouts":"default","ast-page-background-enabled":"default","ast-page-background-meta":{"desktop":{"background-color":"var(--ast-global-color-5)","background-image":"","background-repeat":"repeat","background-position":"center center","background-size":"auto","background-attachment":"scroll","background-type":"","background-media":"","overlay-type":"","overlay-color":"","overlay-opacity":"","overlay-gradient":""},"tablet":{"background-color":"","background-image":"","background-repeat":"repeat","background-position":"center center","background-size":"auto","background-attachment":"scroll","background-type":"","background-media":"","overlay-type":"","overlay-color":"","overlay-opacity":"","overlay-gradient":""},"mobile":{"background-color":"","background-image":"","background-repeat":"repeat","background-position":"center center","background-size":"auto","background-attachment":"scroll","background-type":"","background-media":"","overlay-type":"","overlay-color":"","overlay-opacity":"","overlay-gradient":""}},"ast-content-background-meta":{"desktop":{"background-color":"var(--ast-global-color-4)","background-image":"","background-repeat":"repeat","background-position":"center center","background-size":"auto","background-attachment":"scroll","background-type":"","background-media":"","overlay-type":"","overlay-color":"","overlay-opacity":"","overlay-gradient":""},"tablet":{"background-color":"var(--ast-global-color-4)","background-image":"","background-repeat":"repeat","background-position":"center center","background-size":"auto","background-attachment":"scroll","background-type":"","background-media":"","overlay-type":"","overlay-color":"","overlay-opacity":"","overlay-gradient":""},"mobile":{"background-color":"var(--ast-global-color-4)","background-image":"","background-repeat":"repeat","background-position":"center center","background-size":"auto","background-attachment":"scroll","background-type":"","background-media":"","overlay-type":"","overlay-color":"","overlay-opacity":"","overlay-gradient":""}},"footnotes":""},"categories":[65,140],"tags":[185,186],"class_list":["post-13786","post","type-post","status-publish","format-standard","hentry","category-mitja","category-p3","tag-p3a","tag-p3b"],"post_mailing_queue_ids":[],"_links":{"self":[{"href":"https:\/\/agora.xtec.cat\/escmarquesdelapobla\/wp-json\/wp\/v2\/posts\/13786","targetHints":{"allow":["GET"]}}],"collection":[{"href":"https:\/\/agora.xtec.cat\/escmarquesdelapobla\/wp-json\/wp\/v2\/posts"}],"about":[{"href":"https:\/\/agora.xtec.cat\/escmarquesdelapobla\/wp-json\/wp\/v2\/types\/post"}],"author":[{"embeddable":true,"href":"https:\/\/agora.xtec.cat\/escmarquesdelapobla\/wp-json\/wp\/v2\/users\/45"}],"replies":[{"embeddable":true,"href":"https:\/\/agora.xtec.cat\/escmarquesdelapobla\/wp-json\/wp\/v2\/comments?post=13786"}],"version-history":[{"count":1,"href":"https:\/\/agora.xtec.cat\/escmarquesdelapobla\/wp-json\/wp\/v2\/posts\/13786\/revisions"}],"predecessor-version":[{"id":13787,"href":"https:\/\/agora.xtec.cat\/escmarquesdelapobla\/wp-json\/wp\/v2\/posts\/13786\/revisions\/13787"}],"wp:attachment":[{"href":"https:\/\/agora.xtec.cat\/escmarquesdelapobla\/wp-json\/wp\/v2\/media?parent=13786"}],"wp:term":[{"taxonomy":"category","embeddable":true,"href":"https:\/\/agora.xtec.cat\/escmarquesdelapobla\/wp-json\/wp\/v2\/categories?post=13786"},{"taxonomy":"post_tag","embeddable":true,"href":"https:\/\/agora.xtec.cat\/escmarquesdelapobla\/wp-json\/wp\/v2\/tags?post=13786"}],"curies":[{"name":"wp","href":"https:\/\/api.w.org\/{rel}","templated":true}]}}