{"id":13702,"date":"2024-02-16T11:57:21","date_gmt":"2024-02-16T10:57:21","guid":{"rendered":"https:\/\/agora.xtec.cat\/escmarquesdelapobla\/?p=13702"},"modified":"2024-02-16T11:57:21","modified_gmt":"2024-02-16T10:57:21","slug":"les-aventures-del-cacau","status":"publish","type":"post","link":"https:\/\/agora.xtec.cat\/escmarquesdelapobla\/cacau-dactivitats\/les-aventures-del-cacau\/","title":{"rendered":"Les aventures del Cacau"},"content":{"rendered":"<p style=\"text-align: justify;\">Quan va comen\u00e7ar el segon trimestre al Cacau d&#8217;Activitats ens van fer la pregunta: Quin do tens? Per descobrir-ho vindran diferents persones i compartiran amb nosaltres el seu do.<\/p>\n<p style=\"text-align: justify;\">La primera convidada va ser la F\u00e0tima <span class=\"hiddenSpellError\">Pi\u00f1ol<\/span>\u00a0<span class=\"hiddenGrammarError\" style=\"padding-bottom: 2px; background-image: url('..\/..\/..\/..\/..\/images\/squiggle.png'); background-repeat: repeat-x; background-position: left bottom; cursor: default; color: #000000; font-family: 'Open Sans', Helvetica, Arial, sans-serif; font-size: 16px; font-style: normal; font-variant-ligatures: normal; font-variant-caps: normal; font-weight: 300; letter-spacing: normal; orphans: 2; text-align: start; text-indent: 0px; text-transform: none; widows: 2; word-spacing: 0px; -webkit-text-stroke-width: 0px; white-space: normal; text-decoration-thickness: initial; text-decoration-style: initial; text-decoration-color: initial;\">\u00e9s<\/span> una artista! Ens va demanar que\u00a0<span class=\"hiddenGrammarError\" style=\"padding-bottom: 2px; background-image: url('..\/..\/..\/..\/..\/images\/squiggle.png'); background-repeat: repeat-x; background-position: left bottom; cursor: default; color: #000000; font-family: 'Open Sans', Helvetica, Arial, sans-serif; font-size: 16px; font-style: normal; font-variant-ligatures: normal; font-variant-caps: normal; font-weight: 300; letter-spacing: normal; orphans: 2; text-align: start; text-indent: 0px; text-transform: none; widows: 2; word-spacing: 0px; -webkit-text-stroke-width: 0px; white-space: normal; text-decoration-thickness: initial; text-decoration-style: initial; text-decoration-color: initial;\">hav\u00edem<\/span> de portar un objecte i ens va ensenyar a dibuixar-lo. Ella va portar els seus quadres i eren molt bonics. Ens va agradar tant compartir aquella tarda amb ella que li vam demanar que vingu\u00e9s un altre dia i ens<br \/>\nva ensenyar a pintar amb sal i aquarel\u00b7la.<\/p>\n<p style=\"text-align: justify;\">El segon convidat va ser el Pep, una persona molt important de Capellades, \u00e9s l&#8217;avi d&#8217;uns companys de l&#8217;escola. El Pep tenia molts dons! \u00c9s actor, director, ha organitzat moltes festes al nostre poble i t\u00e9 un que es diu\u00a0<span class=\"hiddenSpellError\" style=\"padding-bottom: 2px; background-image: url('..\/..\/..\/..\/..\/images\/squiggle_red.png'); background-repeat: repeat-x; background-position: left bottom; cursor: default; color: #000000; font-family: 'Open Sans', Helvetica, Arial, sans-serif; font-size: 16px; font-style: normal; font-variant-ligatures: normal; font-variant-caps: normal; font-weight: 300; letter-spacing: normal; orphans: 2; text-align: start; text-indent: 0px; text-transform: none; widows: 2; word-spacing: 0px; -webkit-text-stroke-width: 0px; white-space: normal; text-decoration-thickness: initial; text-decoration-style: initial; text-decoration-color: initial;\">Pepito<\/span>! El\u00a0<span class=\"hiddenSpellError\">Pepito<\/span> \u00e9s molt divertit! I ens va fer passar una estona molt bonica. El Pep ens va preparar unes activitats on nosaltres f\u00e8iem d&#8217;actors.<\/p>\n<p style=\"text-align: justify;\">Ara sabem, una mica, que \u00e9s aix\u00f2 dels dons i que tots en tenim o molts l&#8217;\u00fanic que s&#8217;ha de fer\u00a0\u00e9s\u00a0trobar-lo i practicar molt.<\/p>\n<p style=\"text-align: justify;\">A la nostra escola tenim molta sort, tenim molts mestres que tenen molts dons i els volem convidar al cacau.<\/p>\n<p style=\"text-align: justify;\"><span class=\"hiddenSpellError\">Eeeeehhhh<\/span>!!!! No us penseu que ens hem oblidat dels nostres &#8220;<span class=\"hiddenSpellError\" style=\"padding-bottom: 2px; background-image: url('..\/..\/..\/..\/..\/images\/squiggle_red.png'); background-repeat: repeat-x; background-position: left bottom; cursor: default; color: #000000; font-family: 'Open Sans', Helvetica, Arial, sans-serif; font-size: 16px; font-style: normal; font-variant-ligatures: normal; font-variant-caps: normal; font-weight: 300; letter-spacing: normal; orphans: 2; text-align: start; text-indent: 0px; text-transform: none; widows: 2; word-spacing: 0px; -webkit-text-stroke-width: 0px; white-space: normal; text-decoration-thickness: initial; text-decoration-style: initial; text-decoration-color: initial;\">Coleguis<\/span>&#8221; de Gandhi, molt aviat ens trobarem amb ells.<\/p>\n<p><a href=\"https:\/\/photos.app.goo.gl\/PPyxH6AGrDSo8UB27\"><img loading=\"lazy\" decoding=\"async\" class=\"aligncenter size-large\" src=\"https:\/\/lh3.googleusercontent.com\/pw\/ABLVV84mXufFVotXDAB1XNevh8pSmd2haLi7VqKHp3_o8DlViLU7lNMwt9_ExVVqrBCbBH5NSJCJ7AUUwCk4P2hKdzQ-OKFm2NOFrRU_xTDTrtnrwa2GLv-6yqnxcGI0Q3R5VkTsQ_mdZ4wy1bweUcp7hSOfnmgcwZDkP4H9RUbE4WKVm64qxG-62bNBtu_70rBcu3NALfYhpx_wUafOqSRJICqvkSKmQKDZa19mPVWx6-lB3_NKIZS_MfYSfsZ1ECCIcL0U78rqk3aWz_OIZMcIvjwc-ceSMp5REe96GMOnjeNYh7aEi7vBO_KBg3SnUtFJtuGLgrM9_g5GslkAmKwY9iUNMgra-0hEHPcCYDk3RaUlddgjx3lJRB32SYgp8z9fzpIBQxZ5fvZUBkk7Q_IMxS4lQzWnjXu85TPqRn-L1WXi0gRCB3i--BWatll8z6qh-gB5GaxdfhkLSAwpG2sTB8D-VuKexOH4TIx52bH182gSTrcVYFPgvnafIN8xM7uaJJ-3Dk6sRn0C_TPhEeaYPHuGW8QGihbXT57wFbYUYr48K2OOnFZNHe3PAj_jTmz_BqtGhFo6J1XVGYDIEhoTIoHPFBXWYjhbc2VFwTDXkAVK_T3uiF_kIOYdr-JlACWUzhjC38mnS06LKj-e4zTFNP1XsGSdfCPLwmsMTCO7UF0vvd9RmsqygoBi4d5aNDVeq2IbmipqLyJh3GEV0f32WD8nGvZbUzi4GT_4FLO1v4UnBZtPh5prpGST-t-1ny4Lb5HnUSPDQGe8WlAxC201kZZXb4jqCUOYTeesfLH0aXBq9bvdGAy6aj2v4sNn9cdDTNg78xiCE31ZIo6-ZK-pU69KnNzRWuUyRf0YCtP6nLztti363adhqHtg8h0o__mLU71k7MheHjOWJ0RB86S94vU=w1187-h890-s-no-gm?authuser=0\" width=\"1187\" height=\"890\" \/><\/a><\/p>\n","protected":false},"excerpt":{"rendered":"<p>Quan va comen\u00e7ar el segon trimestre al Cacau d&#8217;Activitats ens van fer la pregunta: Quin do tens? Per descobrir-ho vindran diferents persones i compartiran amb nosaltres el seu do. La primera convidada va ser la F\u00e0tima Pi\u00f1ol\u00a0\u00e9s una artista! Ens va demanar que\u00a0hav\u00edem de portar un objecte i ens va ensenyar a dibuixar-lo. Ella va [&hellip;]<\/p>\n","protected":false},"author":45,"featured_media":0,"comment_status":"open","ping_status":"closed","sticky":false,"template":"","format":"standard","meta":{"_bbp_topic_count":0,"_bbp_reply_count":0,"_bbp_total_topic_count":0,"_bbp_total_reply_count":0,"_bbp_voice_count":0,"_bbp_anonymous_reply_count":0,"_bbp_topic_count_hidden":0,"_bbp_reply_count_hidden":0,"_bbp_forum_subforum_count":0,"site-sidebar-layout":"default","site-content-layout":"","ast-site-content-layout":"","site-content-style":"default","site-sidebar-style":"default","ast-global-header-display":"","ast-banner-title-visibility":"","ast-main-header-display":"","ast-hfb-above-header-display":"","ast-hfb-below-header-display":"","ast-hfb-mobile-header-display":"","site-post-title":"","ast-breadcrumbs-content":"","ast-featured-img":"","footer-sml-layout":"","theme-transparent-header-meta":"","adv-header-id-meta":"","stick-header-meta":"","header-above-stick-meta":"","header-main-stick-meta":"","header-below-stick-meta":"","astra-migrate-meta-layouts":"default","ast-page-background-enabled":"default","ast-page-background-meta":{"desktop":{"background-color":"var(--ast-global-color-5)","background-image":"","background-repeat":"repeat","background-position":"center center","background-size":"auto","background-attachment":"scroll","background-type":"","background-media":"","overlay-type":"","overlay-color":"","overlay-opacity":"","overlay-gradient":""},"tablet":{"background-color":"","background-image":"","background-repeat":"repeat","background-position":"center center","background-size":"auto","background-attachment":"scroll","background-type":"","background-media":"","overlay-type":"","overlay-color":"","overlay-opacity":"","overlay-gradient":""},"mobile":{"background-color":"","background-image":"","background-repeat":"repeat","background-position":"center center","background-size":"auto","background-attachment":"scroll","background-type":"","background-media":"","overlay-type":"","overlay-color":"","overlay-opacity":"","overlay-gradient":""}},"ast-content-background-meta":{"desktop":{"background-color":"var(--ast-global-color-4)","background-image":"","background-repeat":"repeat","background-position":"center center","background-size":"auto","background-attachment":"scroll","background-type":"","background-media":"","overlay-type":"","overlay-color":"","overlay-opacity":"","overlay-gradient":""},"tablet":{"background-color":"var(--ast-global-color-4)","background-image":"","background-repeat":"repeat","background-position":"center center","background-size":"auto","background-attachment":"scroll","background-type":"","background-media":"","overlay-type":"","overlay-color":"","overlay-opacity":"","overlay-gradient":""},"mobile":{"background-color":"var(--ast-global-color-4)","background-image":"","background-repeat":"repeat","background-position":"center center","background-size":"auto","background-attachment":"scroll","background-type":"","background-media":"","overlay-type":"","overlay-color":"","overlay-opacity":"","overlay-gradient":""}},"footnotes":""},"categories":[306],"tags":[302],"class_list":["post-13702","post","type-post","status-publish","format-standard","hentry","category-cacau-dactivitats","tag-cacau-dactivitats"],"post_mailing_queue_ids":[],"_links":{"self":[{"href":"https:\/\/agora.xtec.cat\/escmarquesdelapobla\/wp-json\/wp\/v2\/posts\/13702","targetHints":{"allow":["GET"]}}],"collection":[{"href":"https:\/\/agora.xtec.cat\/escmarquesdelapobla\/wp-json\/wp\/v2\/posts"}],"about":[{"href":"https:\/\/agora.xtec.cat\/escmarquesdelapobla\/wp-json\/wp\/v2\/types\/post"}],"author":[{"embeddable":true,"href":"https:\/\/agora.xtec.cat\/escmarquesdelapobla\/wp-json\/wp\/v2\/users\/45"}],"replies":[{"embeddable":true,"href":"https:\/\/agora.xtec.cat\/escmarquesdelapobla\/wp-json\/wp\/v2\/comments?post=13702"}],"version-history":[{"count":1,"href":"https:\/\/agora.xtec.cat\/escmarquesdelapobla\/wp-json\/wp\/v2\/posts\/13702\/revisions"}],"predecessor-version":[{"id":13703,"href":"https:\/\/agora.xtec.cat\/escmarquesdelapobla\/wp-json\/wp\/v2\/posts\/13702\/revisions\/13703"}],"wp:attachment":[{"href":"https:\/\/agora.xtec.cat\/escmarquesdelapobla\/wp-json\/wp\/v2\/media?parent=13702"}],"wp:term":[{"taxonomy":"category","embeddable":true,"href":"https:\/\/agora.xtec.cat\/escmarquesdelapobla\/wp-json\/wp\/v2\/categories?post=13702"},{"taxonomy":"post_tag","embeddable":true,"href":"https:\/\/agora.xtec.cat\/escmarquesdelapobla\/wp-json\/wp\/v2\/tags?post=13702"}],"curies":[{"name":"wp","href":"https:\/\/api.w.org\/{rel}","templated":true}]}}