{"id":13688,"date":"2024-02-12T09:00:03","date_gmt":"2024-02-12T08:00:03","guid":{"rendered":"https:\/\/agora.xtec.cat\/escmarquesdelapobla\/?p=13688"},"modified":"2024-02-12T16:05:36","modified_gmt":"2024-02-12T15:05:36","slug":"carnestoltes-2024","status":"publish","type":"post","link":"https:\/\/agora.xtec.cat\/escmarquesdelapobla\/infantil\/carnestoltes-2024\/","title":{"rendered":"Carnestoltes 2024"},"content":{"rendered":"<p style=\"text-align: justify;\">Divendres vam celebrar Carnestoltes a l&#8217;escola i va ser un dia molt divertit! Encara que vam comen\u00e7ar amb un mat\u00ed pluj\u00f3s despr\u00e9s d&#8217;esmorzar vam poder fer una desfilada per tal de mostrar les nostres disfresses i comen\u00e7ar aix\u00ed la festa de Carnestoltes. A trav\u00e9s d&#8217;una hist\u00f2ria es van anar presentant els diferents grups i cadascun tenia una m\u00fasica adient segons la seva disfressa. Vam finalitzar el mat\u00ed saltant i ballant tots junts! A la tarda es va tornar a posar les disfresses i vam cantar, ballar i riure una bona estona a c\u00e0rrec de l&#8217;animadora Vanessa Varela. Tamb\u00e9 van participar les fam\u00edlies i tots junts vam gaudir de la tarda de Carnestoltes de l&#8217;escola. Tot seguit us deixem un recull d&#8217;imatges del mat\u00ed i de la tarda.<\/p>\n<p>Si vols veure les imatges del mat\u00ed fes clic a la seg\u00fcent imatge:<\/p>\n<p><a href=\"https:\/\/photos.app.goo.gl\/XJgTLfJm3XCQYWip7\"><img loading=\"lazy\" decoding=\"async\" class=\"aligncenter size-large\" src=\"https:\/\/lh3.googleusercontent.com\/pw\/ABLVV85f6dZy9QSoS9VFvXjiX8LywFeYyfiePlYJ1BVdVw1BQQEb-B_ZmCnC3KukMVoGeL1jQeFNInM9OC0aoVXNErTz_p3FyVnktyfe_Lt0Ja_-Ab4BoJA8ehtBK4R6zF54oWuaL7e8h6kzJU0lv1yIuB-F=w1624-h913-s-no-gm?authuser=3\" width=\"1624\" height=\"913\" \/><\/a><\/p>\n<p>Si vols veure les imatges de la tarda fes clic a la seg\u00fcent imatge:<\/p>\n<p><a href=\"https:\/\/photos.app.goo.gl\/8PviCXmBb3nGaJSN7\"><img loading=\"lazy\" decoding=\"async\" class=\"aligncenter size-large\" src=\"https:\/\/lh3.googleusercontent.com\/pw\/ABLVV87wV33R-CGUOYuV-FHCQCURJ5bfKmV37xEmXf5h_laU0ByUThsAlmjk2ys6eJ7MlbSzc6-kzyqRe4vMRpV15vvYPx87CX_TvFkAPzyDWZmN4XmeTKfhO0pmM3VEkdypn3P1gly6g83Ftu8s3ov8fYVM=w1583-h890-s-no-gm?authuser=0\" width=\"1583\" height=\"890\" \/><\/a><\/p>\n","protected":false},"excerpt":{"rendered":"<p>Divendres vam celebrar Carnestoltes a l&#8217;escola i va ser un dia molt divertit! Encara que vam comen\u00e7ar amb un mat\u00ed pluj\u00f3s despr\u00e9s d&#8217;esmorzar vam poder fer una desfilada per tal de mostrar les nostres disfresses i comen\u00e7ar aix\u00ed la festa de Carnestoltes. A trav\u00e9s d&#8217;una hist\u00f2ria es van anar presentant els diferents grups i cadascun [&hellip;]<\/p>\n","protected":false},"author":45,"featured_media":0,"comment_status":"open","ping_status":"closed","sticky":false,"template":"","format":"standard","meta":{"_bbp_topic_count":0,"_bbp_reply_count":0,"_bbp_total_topic_count":0,"_bbp_total_reply_count":0,"_bbp_voice_count":0,"_bbp_anonymous_reply_count":0,"_bbp_topic_count_hidden":0,"_bbp_reply_count_hidden":0,"_bbp_forum_subforum_count":0,"site-sidebar-layout":"default","site-content-layout":"","ast-site-content-layout":"","site-content-style":"default","site-sidebar-style":"default","ast-global-header-display":"","ast-banner-title-visibility":"","ast-main-header-display":"","ast-hfb-above-header-display":"","ast-hfb-below-header-display":"","ast-hfb-mobile-header-display":"","site-post-title":"","ast-breadcrumbs-content":"","ast-featured-img":"","footer-sml-layout":"","theme-transparent-header-meta":"","adv-header-id-meta":"","stick-header-meta":"","header-above-stick-meta":"","header-main-stick-meta":"","header-below-stick-meta":"","astra-migrate-meta-layouts":"default","ast-page-background-enabled":"default","ast-page-background-meta":{"desktop":{"background-color":"var(--ast-global-color-5)","background-image":"","background-repeat":"repeat","background-position":"center center","background-size":"auto","background-attachment":"scroll","background-type":"","background-media":"","overlay-type":"","overlay-color":"","overlay-opacity":"","overlay-gradient":""},"tablet":{"background-color":"","background-image":"","background-repeat":"repeat","background-position":"center center","background-size":"auto","background-attachment":"scroll","background-type":"","background-media":"","overlay-type":"","overlay-color":"","overlay-opacity":"","overlay-gradient":""},"mobile":{"background-color":"","background-image":"","background-repeat":"repeat","background-position":"center center","background-size":"auto","background-attachment":"scroll","background-type":"","background-media":"","overlay-type":"","overlay-color":"","overlay-opacity":"","overlay-gradient":""}},"ast-content-background-meta":{"desktop":{"background-color":"var(--ast-global-color-4)","background-image":"","background-repeat":"repeat","background-position":"center center","background-size":"auto","background-attachment":"scroll","background-type":"","background-media":"","overlay-type":"","overlay-color":"","overlay-opacity":"","overlay-gradient":""},"tablet":{"background-color":"var(--ast-global-color-4)","background-image":"","background-repeat":"repeat","background-position":"center center","background-size":"auto","background-attachment":"scroll","background-type":"","background-media":"","overlay-type":"","overlay-color":"","overlay-opacity":"","overlay-gradient":""},"mobile":{"background-color":"var(--ast-global-color-4)","background-image":"","background-repeat":"repeat","background-position":"center center","background-size":"auto","background-attachment":"scroll","background-type":"","background-media":"","overlay-type":"","overlay-color":"","overlay-opacity":"","overlay-gradient":""}},"footnotes":""},"categories":[118,55,64,65,5,3,8,9,2,141,142,140,139,14,133,171],"tags":[202],"class_list":["post-13688","post","type-post","status-publish","format-standard","hentry","category-carnestoltes","category-celebracions","category-inicial","category-mitja","category-superior","category-i3","category-i4","category-i5","category-infantil","category-p1","category-p2","category-p3","category-p4","category-p5","category-p6","category-tauler-principal","tag-carnestoltes"],"post_mailing_queue_ids":[],"_links":{"self":[{"href":"https:\/\/agora.xtec.cat\/escmarquesdelapobla\/wp-json\/wp\/v2\/posts\/13688","targetHints":{"allow":["GET"]}}],"collection":[{"href":"https:\/\/agora.xtec.cat\/escmarquesdelapobla\/wp-json\/wp\/v2\/posts"}],"about":[{"href":"https:\/\/agora.xtec.cat\/escmarquesdelapobla\/wp-json\/wp\/v2\/types\/post"}],"author":[{"embeddable":true,"href":"https:\/\/agora.xtec.cat\/escmarquesdelapobla\/wp-json\/wp\/v2\/users\/45"}],"replies":[{"embeddable":true,"href":"https:\/\/agora.xtec.cat\/escmarquesdelapobla\/wp-json\/wp\/v2\/comments?post=13688"}],"version-history":[{"count":5,"href":"https:\/\/agora.xtec.cat\/escmarquesdelapobla\/wp-json\/wp\/v2\/posts\/13688\/revisions"}],"predecessor-version":[{"id":13698,"href":"https:\/\/agora.xtec.cat\/escmarquesdelapobla\/wp-json\/wp\/v2\/posts\/13688\/revisions\/13698"}],"wp:attachment":[{"href":"https:\/\/agora.xtec.cat\/escmarquesdelapobla\/wp-json\/wp\/v2\/media?parent=13688"}],"wp:term":[{"taxonomy":"category","embeddable":true,"href":"https:\/\/agora.xtec.cat\/escmarquesdelapobla\/wp-json\/wp\/v2\/categories?post=13688"},{"taxonomy":"post_tag","embeddable":true,"href":"https:\/\/agora.xtec.cat\/escmarquesdelapobla\/wp-json\/wp\/v2\/tags?post=13688"}],"curies":[{"name":"wp","href":"https:\/\/api.w.org\/{rel}","templated":true}]}}