{"id":13600,"date":"2023-12-22T09:00:34","date_gmt":"2023-12-22T08:00:34","guid":{"rendered":"https:\/\/agora.xtec.cat\/escmarquesdelapobla\/?p=13600"},"modified":"2023-12-21T22:24:02","modified_gmt":"2023-12-21T21:24:02","slug":"cantada-de-nadal-2023","status":"publish","type":"post","link":"https:\/\/agora.xtec.cat\/escmarquesdelapobla\/infantil\/cantada-de-nadal-2023\/","title":{"rendered":"Cantada de Nadal 2023"},"content":{"rendered":"<p style=\"text-align: justify;\">Dimarts vam celebrar un any m\u00e9s la Cantada de Nadal on tota la Comunitat Educativa ens reunim per celebrar conjuntament el Nadal a trav\u00e9s de cantar nadales que els nens i nenes es preparen amb moltes ganes i il\u00b7lusi\u00f3. A m\u00e9s a m\u00e9s, aquest any l&#8217;alumnat de 6\u00e8 va estar ajudant en la presentaci\u00f3 de l&#8217;acte i de les diferents can\u00e7ons, i cal dir, que ho van fer genial!<\/p>\n<p style=\"text-align: justify;\">Primer l&#8217;alumnat d&#8217;Educaci\u00f3 Infantil va cantar dues nadales i despr\u00e9s Prim\u00e0ria dues m\u00e9s, i llavors va passar una sopresa! L&#8217;equip de mestres de l&#8217;escola tamb\u00e9 en tenien una preparada. Finalment tot l&#8217;alumnat va donar cloenda a la Cantada amb la nadala &#8220;Ara \u00e9s Nadal&#8221;.<\/p>\n<p style=\"text-align: justify;\">Podeu veure els v\u00eddeos de les actuacions a continuaci\u00f3 clicant als diferents s\u00edmbols de reproduir, un per cada can\u00e7\u00f3.\u00a0Tamb\u00e9 podeu veure imatges i v\u00eddeos de les presentacions, clicant a la foto que trobareu a continuaci\u00f3.<\/p>\n<p style=\"text-align: justify;\">Amb aquesta entrada us volem desitjar molt bones festes i agrair tamb\u00e9 tota la participaci\u00f3 i implicaci\u00f3 de les fam\u00edlies.<\/p>\n<p style=\"text-align: justify;\">Bon Nadal i bon any 2024!!!<\/p>\n<div style=\"width: 100%;\">\n<div style=\"position: relative; padding-bottom: 56.25%; padding-top: 0; height: 0;\"><iframe loading=\"lazy\" style=\"position: absolute; top: 0; left: 0; width: 100%; height: 100%;\" title=\"Cantada de Nadal\" src=\"https:\/\/view.genial.ly\/6581f145a5f26c0014b4df8b\" width=\"1200\" height=\"675\" frameborder=\"0\" scrolling=\"yes\" allowfullscreen=\"allowfullscreen\"><\/iframe><\/div>\n<\/div>\n<p>&nbsp;<\/p>\n<p><a href=\"https:\/\/photos.app.goo.gl\/Krc8RrXdRnb1c4Tw7\"><img loading=\"lazy\" decoding=\"async\" class=\"aligncenter size-large\" src=\"https:\/\/lh3.googleusercontent.com\/pw\/ABLVV85iUBR6QwnL4QVpbnqAbbbhLLEFn-UwS-FPuZJI1eIftA9DjYGMUpwyXHC3yT3up-7ifAsiCssFwK2zHq_jrxEaQrzzDS_4ESmkCGZVuMQmRnJSCLyxb7ST0WbgtWRMYG-IXYKHf_WEjXoC04-sUnpx=w1600-h899-s-no-gm?authuser=1\" width=\"1600\" height=\"899\" \/><\/a><\/p>\n","protected":false},"excerpt":{"rendered":"<p>Dimarts vam celebrar un any m\u00e9s la Cantada de Nadal on tota la Comunitat Educativa ens reunim per celebrar conjuntament el Nadal a trav\u00e9s de cantar nadales que els nens i nenes es preparen amb moltes ganes i il\u00b7lusi\u00f3. A m\u00e9s a m\u00e9s, aquest any l&#8217;alumnat de 6\u00e8 va estar ajudant en la presentaci\u00f3 de [&hellip;]<\/p>\n","protected":false},"author":45,"featured_media":0,"comment_status":"open","ping_status":"closed","sticky":false,"template":"","format":"standard","meta":{"_bbp_topic_count":0,"_bbp_reply_count":0,"_bbp_total_topic_count":0,"_bbp_total_reply_count":0,"_bbp_voice_count":0,"_bbp_anonymous_reply_count":0,"_bbp_topic_count_hidden":0,"_bbp_reply_count_hidden":0,"_bbp_forum_subforum_count":0,"site-sidebar-layout":"default","site-content-layout":"","ast-site-content-layout":"","site-content-style":"default","site-sidebar-style":"default","ast-global-header-display":"","ast-banner-title-visibility":"","ast-main-header-display":"","ast-hfb-above-header-display":"","ast-hfb-below-header-display":"","ast-hfb-mobile-header-display":"","site-post-title":"","ast-breadcrumbs-content":"","ast-featured-img":"","footer-sml-layout":"","theme-transparent-header-meta":"","adv-header-id-meta":"","stick-header-meta":"","header-above-stick-meta":"","header-main-stick-meta":"","header-below-stick-meta":"","astra-migrate-meta-layouts":"default","ast-page-background-enabled":"default","ast-page-background-meta":{"desktop":{"background-color":"var(--ast-global-color-5)","background-image":"","background-repeat":"repeat","background-position":"center center","background-size":"auto","background-attachment":"scroll","background-type":"","background-media":"","overlay-type":"","overlay-color":"","overlay-opacity":"","overlay-gradient":""},"tablet":{"background-color":"","background-image":"","background-repeat":"repeat","background-position":"center center","background-size":"auto","background-attachment":"scroll","background-type":"","background-media":"","overlay-type":"","overlay-color":"","overlay-opacity":"","overlay-gradient":""},"mobile":{"background-color":"","background-image":"","background-repeat":"repeat","background-position":"center center","background-size":"auto","background-attachment":"scroll","background-type":"","background-media":"","overlay-type":"","overlay-color":"","overlay-opacity":"","overlay-gradient":""}},"ast-content-background-meta":{"desktop":{"background-color":"var(--ast-global-color-4)","background-image":"","background-repeat":"repeat","background-position":"center center","background-size":"auto","background-attachment":"scroll","background-type":"","background-media":"","overlay-type":"","overlay-color":"","overlay-opacity":"","overlay-gradient":""},"tablet":{"background-color":"var(--ast-global-color-4)","background-image":"","background-repeat":"repeat","background-position":"center center","background-size":"auto","background-attachment":"scroll","background-type":"","background-media":"","overlay-type":"","overlay-color":"","overlay-opacity":"","overlay-gradient":""},"mobile":{"background-color":"var(--ast-global-color-4)","background-image":"","background-repeat":"repeat","background-position":"center center","background-size":"auto","background-attachment":"scroll","background-type":"","background-media":"","overlay-type":"","overlay-color":"","overlay-opacity":"","overlay-gradient":""}},"footnotes":""},"categories":[64,65,5,3,8,9,2,126,114,141,142,140,139,14,133,171],"tags":[207,200],"class_list":["post-13600","post","type-post","status-publish","format-standard","hentry","category-inicial","category-mitja","category-superior","category-i3","category-i4","category-i5","category-infantil","category-musica","category-nadal","category-p1","category-p2","category-p3","category-p4","category-p5","category-p6","category-tauler-principal","tag-musica","tag-nadal"],"post_mailing_queue_ids":[],"_links":{"self":[{"href":"https:\/\/agora.xtec.cat\/escmarquesdelapobla\/wp-json\/wp\/v2\/posts\/13600","targetHints":{"allow":["GET"]}}],"collection":[{"href":"https:\/\/agora.xtec.cat\/escmarquesdelapobla\/wp-json\/wp\/v2\/posts"}],"about":[{"href":"https:\/\/agora.xtec.cat\/escmarquesdelapobla\/wp-json\/wp\/v2\/types\/post"}],"author":[{"embeddable":true,"href":"https:\/\/agora.xtec.cat\/escmarquesdelapobla\/wp-json\/wp\/v2\/users\/45"}],"replies":[{"embeddable":true,"href":"https:\/\/agora.xtec.cat\/escmarquesdelapobla\/wp-json\/wp\/v2\/comments?post=13600"}],"version-history":[{"count":6,"href":"https:\/\/agora.xtec.cat\/escmarquesdelapobla\/wp-json\/wp\/v2\/posts\/13600\/revisions"}],"predecessor-version":[{"id":13607,"href":"https:\/\/agora.xtec.cat\/escmarquesdelapobla\/wp-json\/wp\/v2\/posts\/13600\/revisions\/13607"}],"wp:attachment":[{"href":"https:\/\/agora.xtec.cat\/escmarquesdelapobla\/wp-json\/wp\/v2\/media?parent=13600"}],"wp:term":[{"taxonomy":"category","embeddable":true,"href":"https:\/\/agora.xtec.cat\/escmarquesdelapobla\/wp-json\/wp\/v2\/categories?post=13600"},{"taxonomy":"post_tag","embeddable":true,"href":"https:\/\/agora.xtec.cat\/escmarquesdelapobla\/wp-json\/wp\/v2\/tags?post=13600"}],"curies":[{"name":"wp","href":"https:\/\/api.w.org\/{rel}","templated":true}]}}