{"id":13590,"date":"2023-12-19T13:59:50","date_gmt":"2023-12-19T12:59:50","guid":{"rendered":"https:\/\/agora.xtec.cat\/escmarquesdelapobla\/?p=13590"},"modified":"2023-12-19T13:59:50","modified_gmt":"2023-12-19T12:59:50","slug":"una-gran-sortida-a-barcelona","status":"publish","type":"post","link":"https:\/\/agora.xtec.cat\/escmarquesdelapobla\/superior\/p5\/una-gran-sortida-a-barcelona\/","title":{"rendered":"Una gran sortida a Barcelona"},"content":{"rendered":"<p style=\"text-align: justify;\">Doncs s\u00ed, el divendres dia 15 de desembre les classes de P5 vam anar a Barcelona.<br \/>\nL\u2019autocar ens va deixar davant la porta del Gran Teatre del Liceu per assistir al concert El conte de Nadal, una adaptaci\u00f3 de l\u2019obra de Charles Dickens. Va ser un espectacle molt bonic i complert: d\u2019entrada poder entrar a aquest important teatre d\u2019\u00f2pera amb una platea gegant i cinc pisos i gaudint amb la pres\u00e8ncia d&#8217;una orquestra, dos solistes vocals, el Cor infantil Amics de la Uni\u00f3, l\u2019Albert Guinovart creador de la m\u00fasica tocant el piano i un gran artista, el Borja que ens anava dibuixant en una tauleta amb sorra els personatges i el que anava passant. Realment era com m\u00e0gic, va ser molt bonic. No sabies on mirar! Hem tingut molta sort d\u2019haver pogut anar-hi! Vam adonar-nos com el mal car\u00e0cter i mal humor del Sr Scrooge s\u2019anava transformant en una persona m\u00e9s solid\u00e0ria i alegre. Al final tots plegats vam escoltar i cantar algunes nadales tradicionals.<!--more--><br \/>\nUn cop acabat vam fer una mica de turisme per Barcelona. Tot caminant vam arribar fins les columnes romanes del Temple d&#8217;August. S\u00f3n molt grans i altes! Tamb\u00e9 vam estar a la Pla\u00e7a Sant Jaume, la de l&#8217;Ajuntament de Barcelona, on vam poder veure un pessebre que cada any s\u2019hi fa i pels voltants vam poder visitar-ne d\u2019altres ben art\u00edstics.<br \/>\nSeguint la ruta vam arribar a la pla\u00e7a de la Catedral amb la tradicional fira de Santa Ll\u00facia. Vam fer una volta perqu\u00e8 no hi havia massa gent. Quantes paradetes de figuretes, ramets, olors, m\u00fasica\u2026! Despr\u00e9s la Carme, que ens acompanyava a la sortida, ens va fer aturar al carrer m\u00e9s curt de Barcelona que t\u00e9 nom\u00e9s 4 metres!! Tamb\u00e9 vam passar per davant del mercat del Born i finalment vam arribar al parc de la Ciutadella on vam dinar i jugar pel parc.<br \/>\nQuan vam arribar a l\u2019escola encara ten\u00edem una estona de feina amb el mercat d\u2019hivern de l\u2019escola on nosaltres f\u00e8iem un intercanvi de joguines.<br \/>\nJa ho veieu, una sortida cultural i tur\u00edstica molt completa i aprofitada! Sempre la recordarem!<\/p>\n<p>&nbsp;<\/p>\n<p><a href=\"https:\/\/photos.app.goo.gl\/8dxPWKqGhkFB1NnD8\"><img loading=\"lazy\" decoding=\"async\" class=\"alignnone size-large\" src=\"https:\/\/lh3.googleusercontent.com\/pw\/ABLVV867GNpkdkQE5ryw-iTBk_IJ-VFohuNFVs-ZkbDGU_6VziQzYtV5wnRqnoR5D6QOPE_ujeNTQ3dvER1ie5tbJro_Xbrg4WqtGZdAou9qo2hJgp9zCnZ5YYxXuWvHkTw0NoFug27Sz_lnYi3_cphnGwvDO5Ud0-kNWifPcyeg-iK1iO4BIgLJjAdhA170Z0Jw3cSD4q8u0uQFQoriRULAd7dcoKcijgrfhlFNl5GwsO8ICc9xQsdWqor2tQ6urbPYCsaKnyZuNhAVMztpj3bsYK95CPHSsQ_SjBloH0xi97s5HCiY0Q4UmgCSKin5QcsH-QEhguz3tlbE2a4qIa4RZIwTE9RdjxARXDrRI6T59lQ6N1RVaJKwmms7Y3brxEbqCzKZiy6sJ3MB2c1wExe4lGK2o44RfQcWHAAm1iYYqcUSQiWzea2AClWJ8p_JFPYIoHMezc1Qi4U5ZcrflHDht5YRdoXLBNt3FesR4tUOJIYpfEfBD5a0XIml1reXQmnEe3RHc8Hzg6fyocCwM_yQ0orRTO_JdwaVBcg7KWYIMvWzKH7mvS5F3_5JkXs47IrC1R1PwDbYiRjr-sqOfv0818X3FkeQg0Jh8ioecXtAfiFSA7TiRFl6N5Vo2lSaLSnWrMe1jgQ7f2VLK_7v-t9U2QEpQkGVKimNFxS1BdKsdNM3lw6mSpGcFw0HQLNkXqP25SCtvE4V5_PTE8NiMI337Lp1RiyIKe67NncC67_adDJsWiZPYbic3jZli5nZtbW-OVSuxwld1Zub3hH5RlJIn4NsrcL48R6ZV2Qwg_Uwaijc3MZotoWy7Oex0hH0ZvSsCfs4ldyI6FF1jYzLhIGuPewh8Evg3hPf7U8HyP2IcxowXM3ms_aGLzC0hEnY9Jysv8P7sor6Ar17V8zVd4Wj2Miic6plgccl6WQWQsrNMTf5i-rxpnmrIGUc07IjpwIXQMmCTBLBs78O=w1024-h768-s-no?authuser=1\" width=\"1024\" height=\"768\" \/><\/a><\/p>\n","protected":false},"excerpt":{"rendered":"<p>Doncs s\u00ed, el divendres dia 15 de desembre les classes de P5 vam anar a Barcelona. L\u2019autocar ens va deixar davant la porta del Gran Teatre del Liceu per assistir al concert El conte de Nadal, una adaptaci\u00f3 de l\u2019obra de Charles Dickens. Va ser un espectacle molt bonic i complert: d\u2019entrada poder entrar a [&hellip;]<\/p>\n","protected":false},"author":2,"featured_media":0,"comment_status":"open","ping_status":"closed","sticky":false,"template":"","format":"standard","meta":{"_bbp_topic_count":0,"_bbp_reply_count":0,"_bbp_total_topic_count":0,"_bbp_total_reply_count":0,"_bbp_voice_count":0,"_bbp_anonymous_reply_count":0,"_bbp_topic_count_hidden":0,"_bbp_reply_count_hidden":0,"_bbp_forum_subforum_count":0,"site-sidebar-layout":"default","site-content-layout":"","ast-site-content-layout":"","site-content-style":"default","site-sidebar-style":"default","ast-global-header-display":"","ast-banner-title-visibility":"","ast-main-header-display":"","ast-hfb-above-header-display":"","ast-hfb-below-header-display":"","ast-hfb-mobile-header-display":"","site-post-title":"","ast-breadcrumbs-content":"","ast-featured-img":"","footer-sml-layout":"","theme-transparent-header-meta":"","adv-header-id-meta":"","stick-header-meta":"","header-above-stick-meta":"","header-main-stick-meta":"","header-below-stick-meta":"","astra-migrate-meta-layouts":"default","ast-page-background-enabled":"default","ast-page-background-meta":{"desktop":{"background-color":"var(--ast-global-color-5)","background-image":"","background-repeat":"repeat","background-position":"center center","background-size":"auto","background-attachment":"scroll","background-type":"","background-media":"","overlay-type":"","overlay-color":"","overlay-opacity":"","overlay-gradient":""},"tablet":{"background-color":"","background-image":"","background-repeat":"repeat","background-position":"center center","background-size":"auto","background-attachment":"scroll","background-type":"","background-media":"","overlay-type":"","overlay-color":"","overlay-opacity":"","overlay-gradient":""},"mobile":{"background-color":"","background-image":"","background-repeat":"repeat","background-position":"center center","background-size":"auto","background-attachment":"scroll","background-type":"","background-media":"","overlay-type":"","overlay-color":"","overlay-opacity":"","overlay-gradient":""}},"ast-content-background-meta":{"desktop":{"background-color":"var(--ast-global-color-4)","background-image":"","background-repeat":"repeat","background-position":"center center","background-size":"auto","background-attachment":"scroll","background-type":"","background-media":"","overlay-type":"","overlay-color":"","overlay-opacity":"","overlay-gradient":""},"tablet":{"background-color":"var(--ast-global-color-4)","background-image":"","background-repeat":"repeat","background-position":"center center","background-size":"auto","background-attachment":"scroll","background-type":"","background-media":"","overlay-type":"","overlay-color":"","overlay-opacity":"","overlay-gradient":""},"mobile":{"background-color":"var(--ast-global-color-4)","background-image":"","background-repeat":"repeat","background-position":"center center","background-size":"auto","background-attachment":"scroll","background-type":"","background-media":"","overlay-type":"","overlay-color":"","overlay-opacity":"","overlay-gradient":""}},"footnotes":""},"categories":[14,74],"tags":[190,191,210],"class_list":["post-13590","post","type-post","status-publish","format-standard","hentry","category-p5","category-sortides","tag-p5a","tag-p5b","tag-sortides"],"post_mailing_queue_ids":[],"_links":{"self":[{"href":"https:\/\/agora.xtec.cat\/escmarquesdelapobla\/wp-json\/wp\/v2\/posts\/13590","targetHints":{"allow":["GET"]}}],"collection":[{"href":"https:\/\/agora.xtec.cat\/escmarquesdelapobla\/wp-json\/wp\/v2\/posts"}],"about":[{"href":"https:\/\/agora.xtec.cat\/escmarquesdelapobla\/wp-json\/wp\/v2\/types\/post"}],"author":[{"embeddable":true,"href":"https:\/\/agora.xtec.cat\/escmarquesdelapobla\/wp-json\/wp\/v2\/users\/2"}],"replies":[{"embeddable":true,"href":"https:\/\/agora.xtec.cat\/escmarquesdelapobla\/wp-json\/wp\/v2\/comments?post=13590"}],"version-history":[{"count":2,"href":"https:\/\/agora.xtec.cat\/escmarquesdelapobla\/wp-json\/wp\/v2\/posts\/13590\/revisions"}],"predecessor-version":[{"id":13592,"href":"https:\/\/agora.xtec.cat\/escmarquesdelapobla\/wp-json\/wp\/v2\/posts\/13590\/revisions\/13592"}],"wp:attachment":[{"href":"https:\/\/agora.xtec.cat\/escmarquesdelapobla\/wp-json\/wp\/v2\/media?parent=13590"}],"wp:term":[{"taxonomy":"category","embeddable":true,"href":"https:\/\/agora.xtec.cat\/escmarquesdelapobla\/wp-json\/wp\/v2\/categories?post=13590"},{"taxonomy":"post_tag","embeddable":true,"href":"https:\/\/agora.xtec.cat\/escmarquesdelapobla\/wp-json\/wp\/v2\/tags?post=13590"}],"curies":[{"name":"wp","href":"https:\/\/api.w.org\/{rel}","templated":true}]}}