{"id":13577,"date":"2023-12-15T20:51:44","date_gmt":"2023-12-15T19:51:44","guid":{"rendered":"https:\/\/agora.xtec.cat\/escmarquesdelapobla\/?p=13577"},"modified":"2023-12-15T20:52:11","modified_gmt":"2023-12-15T19:52:11","slug":"celebrem-el-ii-gran-mercat-dhivern","status":"publish","type":"post","link":"https:\/\/agora.xtec.cat\/escmarquesdelapobla\/superior\/celebrem-el-ii-gran-mercat-dhivern\/","title":{"rendered":"Celebrem el II Gran Mercat d&#8217;Hivern!"},"content":{"rendered":"<p style=\"text-align: justify;\">Avui a l&#8217;escola hem dut a terme el segon Gran Mercat d&#8217;Hivern i ha estat una tarda molt bonica, amb bon ambient i on amb molta estima i dedicaci\u00f3 l&#8217;alumnat de Cicle Mitj\u00e0 i Cicle Superior han preparat diferents paradetes per causes v\u00e0ries. A m\u00e9s a m\u00e9s, els membres de l&#8217;AFA han organitzat un berenar de benvinguda pels nous membres de l&#8217;AFA i oferir aix\u00ed un petit mos per tothom qui assist\u00eds al mercat. Tamb\u00e9 han posat una guardiola per recollir diners per la Marat\u00f3 d&#8217;enguany.<\/p>\n<p style=\"text-align: justify;\">Totes les fam\u00edlies i alumnes s&#8217;hi han implicat i han participat, creant aix\u00ed un ambient molt bonic, on tots avui hem fet escola. Entre m\u00fasica, converses, rialles i moltes emocions hem dut a terme aquesta segona edici\u00f3 del Gran Mercat d&#8217;Hivern, i cal dir, que ha sigut tot un \u00e8xit! Gr\u00e0cies a tots i totes per fer-ho possible!<\/p>\n<p style=\"text-align: justify;\"><a href=\"https:\/\/photos.app.goo.gl\/PYojbKn1LEnpbyrc8\"><img loading=\"lazy\" decoding=\"async\" class=\"aligncenter size-large\" src=\"https:\/\/lh3.googleusercontent.com\/pw\/ABLVV84sXuwRc07IZwar_n9QIKD1Vjw5259w3CEWN-jSius4zybHsMNkUSwFkKFXJeh4l_kW23Er2PrGjdZG8o8Yo-QO4u2oMUL5yFGkuMKKVHPOuQ3OWt2O9UzGiad1ysHdC74b8h362h7BQSSszgc7QSCk=w1644-h924-s-no-gm?authuser=2\" width=\"1644\" height=\"924\" \/><\/a><\/p>\n<p>&nbsp;<\/p>\n","protected":false},"excerpt":{"rendered":"<p>Avui a l&#8217;escola hem dut a terme el segon Gran Mercat d&#8217;Hivern i ha estat una tarda molt bonica, amb bon ambient i on amb molta estima i dedicaci\u00f3 l&#8217;alumnat de Cicle Mitj\u00e0 i Cicle Superior han preparat diferents paradetes per causes v\u00e0ries. A m\u00e9s a m\u00e9s, els membres de l&#8217;AFA han organitzat un berenar [&hellip;]<\/p>\n","protected":false},"author":45,"featured_media":0,"comment_status":"open","ping_status":"closed","sticky":false,"template":"","format":"standard","meta":{"_bbp_topic_count":0,"_bbp_reply_count":0,"_bbp_total_topic_count":0,"_bbp_total_reply_count":0,"_bbp_voice_count":0,"_bbp_anonymous_reply_count":0,"_bbp_topic_count_hidden":0,"_bbp_reply_count_hidden":0,"_bbp_forum_subforum_count":0,"site-sidebar-layout":"default","site-content-layout":"","ast-site-content-layout":"","site-content-style":"default","site-sidebar-style":"default","ast-global-header-display":"","ast-banner-title-visibility":"","ast-main-header-display":"","ast-hfb-above-header-display":"","ast-hfb-below-header-display":"","ast-hfb-mobile-header-display":"","site-post-title":"","ast-breadcrumbs-content":"","ast-featured-img":"","footer-sml-layout":"","theme-transparent-header-meta":"","adv-header-id-meta":"","stick-header-meta":"","header-above-stick-meta":"","header-main-stick-meta":"","header-below-stick-meta":"","astra-migrate-meta-layouts":"default","ast-page-background-enabled":"default","ast-page-background-meta":{"desktop":{"background-color":"var(--ast-global-color-5)","background-image":"","background-repeat":"repeat","background-position":"center center","background-size":"auto","background-attachment":"scroll","background-type":"","background-media":"","overlay-type":"","overlay-color":"","overlay-opacity":"","overlay-gradient":""},"tablet":{"background-color":"","background-image":"","background-repeat":"repeat","background-position":"center center","background-size":"auto","background-attachment":"scroll","background-type":"","background-media":"","overlay-type":"","overlay-color":"","overlay-opacity":"","overlay-gradient":""},"mobile":{"background-color":"","background-image":"","background-repeat":"repeat","background-position":"center center","background-size":"auto","background-attachment":"scroll","background-type":"","background-media":"","overlay-type":"","overlay-color":"","overlay-opacity":"","overlay-gradient":""}},"ast-content-background-meta":{"desktop":{"background-color":"var(--ast-global-color-4)","background-image":"","background-repeat":"repeat","background-position":"center center","background-size":"auto","background-attachment":"scroll","background-type":"","background-media":"","overlay-type":"","overlay-color":"","overlay-opacity":"","overlay-gradient":""},"tablet":{"background-color":"var(--ast-global-color-4)","background-image":"","background-repeat":"repeat","background-position":"center center","background-size":"auto","background-attachment":"scroll","background-type":"","background-media":"","overlay-type":"","overlay-color":"","overlay-opacity":"","overlay-gradient":""},"mobile":{"background-color":"var(--ast-global-color-4)","background-image":"","background-repeat":"repeat","background-position":"center center","background-size":"auto","background-attachment":"scroll","background-type":"","background-media":"","overlay-type":"","overlay-color":"","overlay-opacity":"","overlay-gradient":""}},"footnotes":""},"categories":[65,5,114,140,139,14,133,171],"tags":[223,200],"class_list":["post-13577","post","type-post","status-publish","format-standard","hentry","category-mitja","category-superior","category-nadal","category-p3","category-p4","category-p5","category-p6","category-tauler-principal","tag-lescola","tag-nadal"],"post_mailing_queue_ids":[],"_links":{"self":[{"href":"https:\/\/agora.xtec.cat\/escmarquesdelapobla\/wp-json\/wp\/v2\/posts\/13577","targetHints":{"allow":["GET"]}}],"collection":[{"href":"https:\/\/agora.xtec.cat\/escmarquesdelapobla\/wp-json\/wp\/v2\/posts"}],"about":[{"href":"https:\/\/agora.xtec.cat\/escmarquesdelapobla\/wp-json\/wp\/v2\/types\/post"}],"author":[{"embeddable":true,"href":"https:\/\/agora.xtec.cat\/escmarquesdelapobla\/wp-json\/wp\/v2\/users\/45"}],"replies":[{"embeddable":true,"href":"https:\/\/agora.xtec.cat\/escmarquesdelapobla\/wp-json\/wp\/v2\/comments?post=13577"}],"version-history":[{"count":1,"href":"https:\/\/agora.xtec.cat\/escmarquesdelapobla\/wp-json\/wp\/v2\/posts\/13577\/revisions"}],"predecessor-version":[{"id":13578,"href":"https:\/\/agora.xtec.cat\/escmarquesdelapobla\/wp-json\/wp\/v2\/posts\/13577\/revisions\/13578"}],"wp:attachment":[{"href":"https:\/\/agora.xtec.cat\/escmarquesdelapobla\/wp-json\/wp\/v2\/media?parent=13577"}],"wp:term":[{"taxonomy":"category","embeddable":true,"href":"https:\/\/agora.xtec.cat\/escmarquesdelapobla\/wp-json\/wp\/v2\/categories?post=13577"},{"taxonomy":"post_tag","embeddable":true,"href":"https:\/\/agora.xtec.cat\/escmarquesdelapobla\/wp-json\/wp\/v2\/tags?post=13577"}],"curies":[{"name":"wp","href":"https:\/\/api.w.org\/{rel}","templated":true}]}}