{"id":13454,"date":"2023-11-15T19:09:35","date_gmt":"2023-11-15T18:09:35","guid":{"rendered":"https:\/\/agora.xtec.cat\/escmarquesdelapobla\/?p=13454"},"modified":"2023-11-15T19:09:47","modified_gmt":"2023-11-15T18:09:47","slug":"anem-al-museu-de-ciencies-naturals-de-barcelona","status":"publish","type":"post","link":"https:\/\/agora.xtec.cat\/escmarquesdelapobla\/mitja\/anem-al-museu-de-ciencies-naturals-de-barcelona\/","title":{"rendered":"CM anem al Museu de Ci\u00e8ncies Naturals de Barcelona!"},"content":{"rendered":"<p style=\"text-align: justify;\">Aquest dimecres hem anat d&#8217;excursi\u00f3 al Museu de Ci\u00e8ncies Naturals de Barcelona a veure dues exposicions: &#8220;Hi havia una vegada&#8230;&#8221; on hem vist fen\u00f2mens naturals a trav\u00e9s de la literatura dels contes cl\u00e0ssics i &#8220;Planeta Vida&#8221; on se&#8217;ns mostra com la Terra es va transformant amb la interacci\u00f3 dels \u00e9ssers que hi formem part, formant part d&#8217;un gran ecosistema: El Planeta Terra. All\u00e0 hem hagut de resoldre un petit quadernet amb activitats que ens han fet fixar amb atenci\u00f3 als diferents animals, plantes i reptes que hem observat al llarg de les dues exposicions.<\/p>\n<p style=\"text-align: justify;\">Despr\u00e9s hem anat a dinar al parc de la vora del museu i all\u00e0 hem pogut menjar i jugar una estona. Hi hem trobat una construcci\u00f3 d&#8217;una teranyina gegant amb un gran tobogan met\u00e0l\u00b7lic, ha estat molt divertit!<\/p>\n<p style=\"text-align: justify;\">Ha sigut un dia genial on l&#8217;eix d&#8217;aquest any l&#8217;hem pogut enfocar des d&#8217;un vessant m\u00e9s cient\u00edfic.<\/p>\n<p><a href=\"https:\/\/photos.app.goo.gl\/2iYGRxNiXk1mmyUp8\"><img loading=\"lazy\" decoding=\"async\" class=\"aligncenter\" src=\"https:\/\/lh3.googleusercontent.com\/pw\/ADCreHfjXQ-X3CnR_e8UaOrcfoYxcDbtv1PmISIx6CqbTfDe67YfqyAmXD8xohi2GbMHzEhAn-ks8iUtqofB_gzSzLbxtoXw-1501vkbMo0Sx0hq0Q_wyfjcQiVuxQpjWo-_nhy1lsrK_Wu9Bvkr2iOhbHAP=w1231-h924-s-no-gm?authuser=3\" alt=\"\" width=\"1231\" height=\"924\" \/><\/a><\/p>\n<p>&nbsp;<\/p>\n","protected":false},"excerpt":{"rendered":"<p>Aquest dimecres hem anat d&#8217;excursi\u00f3 al Museu de Ci\u00e8ncies Naturals de Barcelona a veure dues exposicions: &#8220;Hi havia una vegada&#8230;&#8221; on hem vist fen\u00f2mens naturals a trav\u00e9s de la literatura dels contes cl\u00e0ssics i &#8220;Planeta Vida&#8221; on se&#8217;ns mostra com la Terra es va transformant amb la interacci\u00f3 dels \u00e9ssers que hi formem part, formant [&hellip;]<\/p>\n","protected":false},"author":45,"featured_media":0,"comment_status":"open","ping_status":"closed","sticky":false,"template":"","format":"standard","meta":{"_bbp_topic_count":0,"_bbp_reply_count":0,"_bbp_total_topic_count":0,"_bbp_total_reply_count":0,"_bbp_voice_count":0,"_bbp_anonymous_reply_count":0,"_bbp_topic_count_hidden":0,"_bbp_reply_count_hidden":0,"_bbp_forum_subforum_count":0,"site-sidebar-layout":"default","site-content-layout":"","ast-site-content-layout":"","site-content-style":"default","site-sidebar-style":"default","ast-global-header-display":"","ast-banner-title-visibility":"","ast-main-header-display":"","ast-hfb-above-header-display":"","ast-hfb-below-header-display":"","ast-hfb-mobile-header-display":"","site-post-title":"","ast-breadcrumbs-content":"","ast-featured-img":"","footer-sml-layout":"","theme-transparent-header-meta":"","adv-header-id-meta":"","stick-header-meta":"","header-above-stick-meta":"","header-main-stick-meta":"","header-below-stick-meta":"","astra-migrate-meta-layouts":"default","ast-page-background-enabled":"default","ast-page-background-meta":{"desktop":{"background-color":"var(--ast-global-color-5)","background-image":"","background-repeat":"repeat","background-position":"center center","background-size":"auto","background-attachment":"scroll","background-type":"","background-media":"","overlay-type":"","overlay-color":"","overlay-opacity":"","overlay-gradient":""},"tablet":{"background-color":"","background-image":"","background-repeat":"repeat","background-position":"center center","background-size":"auto","background-attachment":"scroll","background-type":"","background-media":"","overlay-type":"","overlay-color":"","overlay-opacity":"","overlay-gradient":""},"mobile":{"background-color":"","background-image":"","background-repeat":"repeat","background-position":"center center","background-size":"auto","background-attachment":"scroll","background-type":"","background-media":"","overlay-type":"","overlay-color":"","overlay-opacity":"","overlay-gradient":""}},"ast-content-background-meta":{"desktop":{"background-color":"var(--ast-global-color-4)","background-image":"","background-repeat":"repeat","background-position":"center center","background-size":"auto","background-attachment":"scroll","background-type":"","background-media":"","overlay-type":"","overlay-color":"","overlay-opacity":"","overlay-gradient":""},"tablet":{"background-color":"var(--ast-global-color-4)","background-image":"","background-repeat":"repeat","background-position":"center center","background-size":"auto","background-attachment":"scroll","background-type":"","background-media":"","overlay-type":"","overlay-color":"","overlay-opacity":"","overlay-gradient":""},"mobile":{"background-color":"var(--ast-global-color-4)","background-image":"","background-repeat":"repeat","background-position":"center center","background-size":"auto","background-attachment":"scroll","background-type":"","background-media":"","overlay-type":"","overlay-color":"","overlay-opacity":"","overlay-gradient":""}},"footnotes":""},"categories":[65,140,139],"tags":[185,186,187,188],"class_list":["post-13454","post","type-post","status-publish","format-standard","hentry","category-mitja","category-p3","category-p4","tag-p3a","tag-p3b","tag-p4a","tag-p4b"],"post_mailing_queue_ids":[],"_links":{"self":[{"href":"https:\/\/agora.xtec.cat\/escmarquesdelapobla\/wp-json\/wp\/v2\/posts\/13454","targetHints":{"allow":["GET"]}}],"collection":[{"href":"https:\/\/agora.xtec.cat\/escmarquesdelapobla\/wp-json\/wp\/v2\/posts"}],"about":[{"href":"https:\/\/agora.xtec.cat\/escmarquesdelapobla\/wp-json\/wp\/v2\/types\/post"}],"author":[{"embeddable":true,"href":"https:\/\/agora.xtec.cat\/escmarquesdelapobla\/wp-json\/wp\/v2\/users\/45"}],"replies":[{"embeddable":true,"href":"https:\/\/agora.xtec.cat\/escmarquesdelapobla\/wp-json\/wp\/v2\/comments?post=13454"}],"version-history":[{"count":6,"href":"https:\/\/agora.xtec.cat\/escmarquesdelapobla\/wp-json\/wp\/v2\/posts\/13454\/revisions"}],"predecessor-version":[{"id":13468,"href":"https:\/\/agora.xtec.cat\/escmarquesdelapobla\/wp-json\/wp\/v2\/posts\/13454\/revisions\/13468"}],"wp:attachment":[{"href":"https:\/\/agora.xtec.cat\/escmarquesdelapobla\/wp-json\/wp\/v2\/media?parent=13454"}],"wp:term":[{"taxonomy":"category","embeddable":true,"href":"https:\/\/agora.xtec.cat\/escmarquesdelapobla\/wp-json\/wp\/v2\/categories?post=13454"},{"taxonomy":"post_tag","embeddable":true,"href":"https:\/\/agora.xtec.cat\/escmarquesdelapobla\/wp-json\/wp\/v2\/tags?post=13454"}],"curies":[{"name":"wp","href":"https:\/\/api.w.org\/{rel}","templated":true}]}}