{"id":13448,"date":"2023-11-09T21:07:25","date_gmt":"2023-11-09T20:07:25","guid":{"rendered":"https:\/\/agora.xtec.cat\/escmarquesdelapobla\/?p=13448"},"modified":"2025-11-12T18:52:31","modified_gmt":"2025-11-12T17:52:31","slug":"informacio-eleccions-del-consell-escolar-2023","status":"publish","type":"post","link":"https:\/\/agora.xtec.cat\/escmarquesdelapobla\/tauler-principal\/informacio-eleccions-del-consell-escolar-2023\/","title":{"rendered":"Informaci\u00f3 eleccions del Consell Escolar 2023"},"content":{"rendered":"<p style=\"text-align: justify;\"><strong>QU\u00c8 \u00c9S EL CONSELL ESCOLAR?<\/strong><br \/>\nEl Consell Escolar \u00e9s l\u2019\u00f2rgan de govern dels centres educatius, \u00e9s a dir, on es troba la comunitat educativa (alumnes, professors, mares i pares, personal d\u2019administraci\u00f3 i serveis) per prendre decisions sobre el funcionament de l\u2019escola.<\/p>\n<p style=\"text-align: justify;\">Els representants de cada sector s\u00f3n escollits mitjan\u00e7ant una votaci\u00f3. Tenen un mandat de 4 anys, per\u00f2 les eleccions es produeixen cada 2 per tal de renovar la meitat de les persones membres del Consell.<\/p>\n<p style=\"text-align: justify;\">\u00c9s molt important participar perqu\u00e8 \u00e9s una forma de fer sentir la veu de totes i tots els que formem part de la comunitat educativa.<\/p>\n<p style=\"text-align: justify;\"><a href=\"https:\/\/agora.xtec.cat\/escmarquesdelapobla\/wp-content\/uploads\/usu1682\/2023\/11\/carett-consell-escolar_page-0001.jpg\"><img loading=\"lazy\" decoding=\"async\" class=\"aligncenter wp-image-13449 size-large\" src=\"https:\/\/agora.xtec.cat\/escmarquesdelapobla\/wp-content\/uploads\/usu1682\/2023\/11\/carett-consell-escolar_page-0001-725x1024.jpg\" alt=\"\" width=\"725\" height=\"1024\" srcset=\"https:\/\/agora.xtec.cat\/escmarquesdelapobla\/wp-content\/uploads\/usu1682\/2023\/11\/carett-consell-escolar_page-0001-725x1024.jpg 725w, https:\/\/agora.xtec.cat\/escmarquesdelapobla\/wp-content\/uploads\/usu1682\/2023\/11\/carett-consell-escolar_page-0001-212x300.jpg 212w, https:\/\/agora.xtec.cat\/escmarquesdelapobla\/wp-content\/uploads\/usu1682\/2023\/11\/carett-consell-escolar_page-0001-768x1085.jpg 768w, https:\/\/agora.xtec.cat\/escmarquesdelapobla\/wp-content\/uploads\/usu1682\/2023\/11\/carett-consell-escolar_page-0001-1087x1536.jpg 1087w, https:\/\/agora.xtec.cat\/escmarquesdelapobla\/wp-content\/uploads\/usu1682\/2023\/11\/carett-consell-escolar_page-0001-1449x2048.jpg 1449w, https:\/\/agora.xtec.cat\/escmarquesdelapobla\/wp-content\/uploads\/usu1682\/2023\/11\/carett-consell-escolar_page-0001.jpg 1755w\" sizes=\"auto, (max-width: 725px) 100vw, 725px\" \/><\/a><\/p>\n<p>Cliqueu a &#8220;llegeix m\u00e9s&#8221; per continuar amb la informaci\u00f3.<\/p>\n<p style=\"text-align: justify;\"><!--more--><br \/>\n<strong>QUINES FUNCIONS T\u00c9 EL CONSELL ESCOLAR?<\/strong><br \/>\nEl Consell Escolar t\u00e9 la funci\u00f3 de governar l\u2019escola. S\u2019aprova el projecte educatiu, es programen les activitats anuals, s\u2019aprova la gesti\u00f3 econ\u00f2mica i el reglament intern de centre, entre d\u2019altres.<\/p>\n<p style=\"text-align: justify;\"><strong>COM POTS PARTICIPAR?<\/strong><br \/>\nHi ha dues formes b\u00e0siques de participaci\u00f3: la presentaci\u00f3 d\u2019una candidatura per ser conseller o consellera escolar\u00a0 o votant responsablement el dia de les eleccions.<\/p>\n<p style=\"text-align: justify;\"><strong>VOLS PRESENTAR-TE A LES ELECCIONS?<\/strong><br \/>\nSi vols implicar-te com a conseller o consellera primer haur\u00e0s d\u2019omplir\u00a0 el full de presentaci\u00f3 de candidatura demanant-lo i portant-lo a secretaria de l\u2019escola. La llista dels candidats\/es estar\u00e0 penjada a la graella de l\u2019escola fins el dia\u00a0 17 de novembre.<\/p>\n<p style=\"text-align: justify;\"><strong>DIJOUS 23 de novembre de 2023 des de les 8:00h a les 17.00h al vest\u00edbul de l\u2019 escola, eleccions al Consell escolar per escollir<\/strong><\/p>\n<p style=\"text-align: justify;\">representants de pares i mares.<\/p>\n<ul style=\"text-align: justify;\">\n<li>Cada elector (pare i mare o representants legals dels alumnes) podr\u00e0 votar un nombre m\u00e0xim de 2 pares\/mares com a representants al Consell Escolar del centre. Si aquell dia no pots assistir a les votacions, pots entregar el sobre amb la butlleta (properament us la farem arribar) a trav\u00e9s del teu fill\/a.<\/li>\n<\/ul>\n<ul style=\"text-align: justify;\">\n<li>El nombre de representants que es renoven en la present convocat\u00f2ria<br \/>\ns\u00f3n\u00a02\u00a0pares\/mares m\u00e9s un membre de l\u2019AFA (escollit pels propis membres).<\/li>\n<\/ul>\n<p style=\"text-align: justify;\"><strong>Per qu\u00e8 \u00e9s important que les fam\u00edlies participeu en el consell escolar?<\/strong><\/p>\n<p style=\"text-align: justify;\">Els professionals dels centres i les fam\u00edlies compartim un objectiu: l\u2019\u00e8xit social i personal dels fills. Les decisions que es prenen al consell escolar s\u00f3n claus per al funcionament i la millora del centre i, per tant, tamb\u00e9 per a l\u2019\u00e8xit educatiu de tots els alumnes. \u00c9s per aquest motiu que la participaci\u00f3 i implicaci\u00f3 dels pares en les eleccions al consell escolar \u00e9s tan important.<\/p>\n<p style=\"text-align: justify;\">Quan les fam\u00edlies participeu en les eleccions, doneu suport al vostre candidat i delegueu en la seva veu i representaci\u00f3. Aix\u00ed feu arribar les seves opinions i aportacions. \u00c9s important que participeu en les eleccions al consell escolar perqu\u00e8:<\/p>\n<ul>\n<li style=\"text-align: justify;\">Sou els responsables de la formaci\u00f3 dels vostres fills i \u00e9s important tenir uns bons representants al consell escolar que us informin i facin arribar la vostra veu.<\/li>\n<li style=\"text-align: justify;\">Les fam\u00edlies i els docents compartim un mateix objectiu. Per aix\u00f2 hem de ser capa\u00e7os de decidir, entre tots, a qu\u00e8 ens comprometem per aconseguir-ho.<\/li>\n<li style=\"text-align: justify;\">Les fam\u00edlies teniu el dret de participar de manera democr\u00e0tica en l\u2019organitzaci\u00f3 del centre. Aquesta \u00e9s una manera de valorar l\u2019escola i tamb\u00e9 contribu\u00efu que el vostre fill la valori.<\/li>\n<li style=\"text-align: justify;\">L\u2019\u00e8xit educatiu del vostre fill tamb\u00e9 dep\u00e8n del funcionament i el clima de centre. Implicar-vos en el seguiment i l\u2019avaluaci\u00f3 d\u2019aquest funcionament incideix en el desenvolupament i creixement personal dels vostres fills.<\/li>\n<li style=\"text-align: justify;\">\u00c9s important tenir una escola oberta a l\u2019entorn, que col\u00b7labori amb els altres centres i les diferents entitats i que entre tots puguem fer del nostre municipi, barri o poble un entorn m\u00e9s educatiu i cohesionat. El consell escolar decideix quines han de ser aquestes relacions.<\/li>\n<\/ul>\n","protected":false},"excerpt":{"rendered":"<p>QU\u00c8 \u00c9S EL CONSELL ESCOLAR? El Consell Escolar \u00e9s l\u2019\u00f2rgan de govern dels centres educatius, \u00e9s a dir, on es troba la comunitat educativa (alumnes, professors, mares i pares, personal d\u2019administraci\u00f3 i serveis) per prendre decisions sobre el funcionament de l\u2019escola. Els representants de cada sector s\u00f3n escollits mitjan\u00e7ant una votaci\u00f3. Tenen un mandat de [&hellip;]<\/p>\n","protected":false},"author":45,"featured_media":0,"comment_status":"open","ping_status":"closed","sticky":false,"template":"","format":"standard","meta":{"_bbp_topic_count":0,"_bbp_reply_count":0,"_bbp_total_topic_count":0,"_bbp_total_reply_count":0,"_bbp_voice_count":0,"_bbp_anonymous_reply_count":0,"_bbp_topic_count_hidden":0,"_bbp_reply_count_hidden":0,"_bbp_forum_subforum_count":0,"site-sidebar-layout":"default","site-content-layout":"","ast-site-content-layout":"","site-content-style":"default","site-sidebar-style":"default","ast-global-header-display":"","ast-banner-title-visibility":"","ast-main-header-display":"","ast-hfb-above-header-display":"","ast-hfb-below-header-display":"","ast-hfb-mobile-header-display":"","site-post-title":"","ast-breadcrumbs-content":"","ast-featured-img":"","footer-sml-layout":"","theme-transparent-header-meta":"","adv-header-id-meta":"","stick-header-meta":"","header-above-stick-meta":"","header-main-stick-meta":"","header-below-stick-meta":"","astra-migrate-meta-layouts":"default","ast-page-background-enabled":"default","ast-page-background-meta":{"desktop":{"background-color":"var(--ast-global-color-5)","background-image":"","background-repeat":"repeat","background-position":"center center","background-size":"auto","background-attachment":"scroll","background-type":"","background-media":"","overlay-type":"","overlay-color":"","overlay-opacity":"","overlay-gradient":""},"tablet":{"background-color":"","background-image":"","background-repeat":"repeat","background-position":"center center","background-size":"auto","background-attachment":"scroll","background-type":"","background-media":"","overlay-type":"","overlay-color":"","overlay-opacity":"","overlay-gradient":""},"mobile":{"background-color":"","background-image":"","background-repeat":"repeat","background-position":"center center","background-size":"auto","background-attachment":"scroll","background-type":"","background-media":"","overlay-type":"","overlay-color":"","overlay-opacity":"","overlay-gradient":""}},"ast-content-background-meta":{"desktop":{"background-color":"var(--ast-global-color-4)","background-image":"","background-repeat":"repeat","background-position":"center center","background-size":"auto","background-attachment":"scroll","background-type":"","background-media":"","overlay-type":"","overlay-color":"","overlay-opacity":"","overlay-gradient":""},"tablet":{"background-color":"var(--ast-global-color-4)","background-image":"","background-repeat":"repeat","background-position":"center center","background-size":"auto","background-attachment":"scroll","background-type":"","background-media":"","overlay-type":"","overlay-color":"","overlay-opacity":"","overlay-gradient":""},"mobile":{"background-color":"var(--ast-global-color-4)","background-image":"","background-repeat":"repeat","background-position":"center center","background-size":"auto","background-attachment":"scroll","background-type":"","background-media":"","overlay-type":"","overlay-color":"","overlay-opacity":"","overlay-gradient":""}},"footnotes":""},"categories":[319,171],"tags":[],"class_list":["post-13448","post","type-post","status-publish","format-standard","hentry","category-consell-escolar","category-tauler-principal"],"post_mailing_queue_ids":[],"_links":{"self":[{"href":"https:\/\/agora.xtec.cat\/escmarquesdelapobla\/wp-json\/wp\/v2\/posts\/13448","targetHints":{"allow":["GET"]}}],"collection":[{"href":"https:\/\/agora.xtec.cat\/escmarquesdelapobla\/wp-json\/wp\/v2\/posts"}],"about":[{"href":"https:\/\/agora.xtec.cat\/escmarquesdelapobla\/wp-json\/wp\/v2\/types\/post"}],"author":[{"embeddable":true,"href":"https:\/\/agora.xtec.cat\/escmarquesdelapobla\/wp-json\/wp\/v2\/users\/45"}],"replies":[{"embeddable":true,"href":"https:\/\/agora.xtec.cat\/escmarquesdelapobla\/wp-json\/wp\/v2\/comments?post=13448"}],"version-history":[{"count":4,"href":"https:\/\/agora.xtec.cat\/escmarquesdelapobla\/wp-json\/wp\/v2\/posts\/13448\/revisions"}],"predecessor-version":[{"id":13453,"href":"https:\/\/agora.xtec.cat\/escmarquesdelapobla\/wp-json\/wp\/v2\/posts\/13448\/revisions\/13453"}],"wp:attachment":[{"href":"https:\/\/agora.xtec.cat\/escmarquesdelapobla\/wp-json\/wp\/v2\/media?parent=13448"}],"wp:term":[{"taxonomy":"category","embeddable":true,"href":"https:\/\/agora.xtec.cat\/escmarquesdelapobla\/wp-json\/wp\/v2\/categories?post=13448"},{"taxonomy":"post_tag","embeddable":true,"href":"https:\/\/agora.xtec.cat\/escmarquesdelapobla\/wp-json\/wp\/v2\/tags?post=13448"}],"curies":[{"name":"wp","href":"https:\/\/api.w.org\/{rel}","templated":true}]}}