{"id":13383,"date":"2023-10-31T19:46:37","date_gmt":"2023-10-31T18:46:37","guid":{"rendered":"https:\/\/agora.xtec.cat\/escmarquesdelapobla\/?p=13383"},"modified":"2023-10-31T19:48:14","modified_gmt":"2023-10-31T18:48:14","slug":"celebrem-la-castanyada-a-lescola","status":"publish","type":"post","link":"https:\/\/agora.xtec.cat\/escmarquesdelapobla\/infantil\/celebrem-la-castanyada-a-lescola\/","title":{"rendered":"Celebrem la Castanyada a l&#8217;escola!"},"content":{"rendered":"<p style=\"text-align: justify;\">Un any m\u00e9s hem celebrat la Castanyada a l&#8217;escola i ens ho hem passat d&#8217;all\u00f2 m\u00e9s b\u00e9! De fet, ahir ja vam comen\u00e7ar els preparatius per la festa fent paperines, juntament els grans amb els petits, i aix\u00ed entre tots vam deixar les paperines enllestides, que l&#8217;alumnat de P6 ha omplert de castanyes aquest migdia.<\/p>\n<p style=\"text-align: justify;\">Avui Educaci\u00f3 Infantil i i Cicle Inicial han anat a rebre la Castanyera, el Castanyer i el Marrameu a la Font Cuitora i all\u00e0 juntament a ells, hem pogut cantar i ballar can\u00e7ons d&#8217;aquesta festa. Cicle Mitj\u00e0 i Cicle Superior primer de tot han pogut gaudir de la cantada de can\u00e7ons que han fet l&#8217;alumnat de P4 al vest\u00edbul i tot seguit han gaudit d&#8217;un mat\u00ed diferent amb la gimcana que han organitzat els nens i nenes de P6.<\/p>\n<p style=\"text-align: justify;\">A la tarda els m\u00e9s petits han pogut participar al Ral\u00b7li de la Castanya, organitzat per Cicle Inicial. Cicle Mitj\u00e0 han realitzat un taller art\u00edstic molt bonic, creant mandales de fang amb elements naturals i finalment Cicle Superior han anat a jugar al parc i a menjar-se all\u00e0 les castanyes.<\/p>\n<p style=\"text-align: justify;\">Ha sigut un dia genial, on hem gaudit un any m\u00e9s, de la festa de la Castanyada!<\/p>\n<p><a href=\"https:\/\/photos.app.goo.gl\/iX7rzok2kRXxTZPm7\"><img loading=\"lazy\" decoding=\"async\" class=\"aligncenter size-large\" src=\"https:\/\/lh3.googleusercontent.com\/pw\/ADCreHeT5jOZWM4KvJfwS-YOUCJltZBygpsJxoy4_ytTjTNx0hHaV5FeiRsOS37buE8AzJFXt8UWj8OuxE9gRVwZnWFoGNTWKbhHa-aV0vCwBN4pEaV_Uwt0QAFfwIKIvB8Hodg6deJwlkwmZnFW8NoeVCQf=w1641-h924-s-no-gm?authuser=3\" width=\"1641\" height=\"924\" \/><\/a><\/p>\n","protected":false},"excerpt":{"rendered":"<p>Un any m\u00e9s hem celebrat la Castanyada a l&#8217;escola i ens ho hem passat d&#8217;all\u00f2 m\u00e9s b\u00e9! De fet, ahir ja vam comen\u00e7ar els preparatius per la festa fent paperines, juntament els grans amb els petits, i aix\u00ed entre tots vam deixar les paperines enllestides, que l&#8217;alumnat de P6 ha omplert de castanyes aquest migdia. [&hellip;]<\/p>\n","protected":false},"author":45,"featured_media":0,"comment_status":"open","ping_status":"closed","sticky":false,"template":"","format":"standard","meta":{"_bbp_topic_count":0,"_bbp_reply_count":0,"_bbp_total_topic_count":0,"_bbp_total_reply_count":0,"_bbp_voice_count":0,"_bbp_anonymous_reply_count":0,"_bbp_topic_count_hidden":0,"_bbp_reply_count_hidden":0,"_bbp_forum_subforum_count":0,"site-sidebar-layout":"default","site-content-layout":"","ast-site-content-layout":"","site-content-style":"default","site-sidebar-style":"default","ast-global-header-display":"","ast-banner-title-visibility":"","ast-main-header-display":"","ast-hfb-above-header-display":"","ast-hfb-below-header-display":"","ast-hfb-mobile-header-display":"","site-post-title":"","ast-breadcrumbs-content":"","ast-featured-img":"","footer-sml-layout":"","theme-transparent-header-meta":"","adv-header-id-meta":"","stick-header-meta":"","header-above-stick-meta":"","header-main-stick-meta":"","header-below-stick-meta":"","astra-migrate-meta-layouts":"default","ast-page-background-enabled":"default","ast-page-background-meta":{"desktop":{"background-color":"var(--ast-global-color-5)","background-image":"","background-repeat":"repeat","background-position":"center center","background-size":"auto","background-attachment":"scroll","background-type":"","background-media":"","overlay-type":"","overlay-color":"","overlay-opacity":"","overlay-gradient":""},"tablet":{"background-color":"","background-image":"","background-repeat":"repeat","background-position":"center center","background-size":"auto","background-attachment":"scroll","background-type":"","background-media":"","overlay-type":"","overlay-color":"","overlay-opacity":"","overlay-gradient":""},"mobile":{"background-color":"","background-image":"","background-repeat":"repeat","background-position":"center center","background-size":"auto","background-attachment":"scroll","background-type":"","background-media":"","overlay-type":"","overlay-color":"","overlay-opacity":"","overlay-gradient":""}},"ast-content-background-meta":{"desktop":{"background-color":"var(--ast-global-color-4)","background-image":"","background-repeat":"repeat","background-position":"center center","background-size":"auto","background-attachment":"scroll","background-type":"","background-media":"","overlay-type":"","overlay-color":"","overlay-opacity":"","overlay-gradient":""},"tablet":{"background-color":"var(--ast-global-color-4)","background-image":"","background-repeat":"repeat","background-position":"center center","background-size":"auto","background-attachment":"scroll","background-type":"","background-media":"","overlay-type":"","overlay-color":"","overlay-opacity":"","overlay-gradient":""},"mobile":{"background-color":"var(--ast-global-color-4)","background-image":"","background-repeat":"repeat","background-position":"center center","background-size":"auto","background-attachment":"scroll","background-type":"","background-media":"","overlay-type":"","overlay-color":"","overlay-opacity":"","overlay-gradient":""}},"footnotes":""},"categories":[170,55,64,65,5,3,8,9,2,141,142,140,139,14,133,171],"tags":[199],"class_list":["post-13383","post","type-post","status-publish","format-standard","hentry","category-castanyada","category-celebracions","category-inicial","category-mitja","category-superior","category-i3","category-i4","category-i5","category-infantil","category-p1","category-p2","category-p3","category-p4","category-p5","category-p6","category-tauler-principal","tag-castanyada"],"post_mailing_queue_ids":[],"_links":{"self":[{"href":"https:\/\/agora.xtec.cat\/escmarquesdelapobla\/wp-json\/wp\/v2\/posts\/13383","targetHints":{"allow":["GET"]}}],"collection":[{"href":"https:\/\/agora.xtec.cat\/escmarquesdelapobla\/wp-json\/wp\/v2\/posts"}],"about":[{"href":"https:\/\/agora.xtec.cat\/escmarquesdelapobla\/wp-json\/wp\/v2\/types\/post"}],"author":[{"embeddable":true,"href":"https:\/\/agora.xtec.cat\/escmarquesdelapobla\/wp-json\/wp\/v2\/users\/45"}],"replies":[{"embeddable":true,"href":"https:\/\/agora.xtec.cat\/escmarquesdelapobla\/wp-json\/wp\/v2\/comments?post=13383"}],"version-history":[{"count":4,"href":"https:\/\/agora.xtec.cat\/escmarquesdelapobla\/wp-json\/wp\/v2\/posts\/13383\/revisions"}],"predecessor-version":[{"id":13410,"href":"https:\/\/agora.xtec.cat\/escmarquesdelapobla\/wp-json\/wp\/v2\/posts\/13383\/revisions\/13410"}],"wp:attachment":[{"href":"https:\/\/agora.xtec.cat\/escmarquesdelapobla\/wp-json\/wp\/v2\/media?parent=13383"}],"wp:term":[{"taxonomy":"category","embeddable":true,"href":"https:\/\/agora.xtec.cat\/escmarquesdelapobla\/wp-json\/wp\/v2\/categories?post=13383"},{"taxonomy":"post_tag","embeddable":true,"href":"https:\/\/agora.xtec.cat\/escmarquesdelapobla\/wp-json\/wp\/v2\/tags?post=13383"}],"curies":[{"name":"wp","href":"https:\/\/api.w.org\/{rel}","templated":true}]}}