{"id":13306,"date":"2023-10-16T13:28:29","date_gmt":"2023-10-16T11:28:29","guid":{"rendered":"https:\/\/agora.xtec.cat\/escmarquesdelapobla\/?p=13306"},"modified":"2023-10-16T15:57:06","modified_gmt":"2023-10-16T13:57:06","slug":"taller-de-benestar-emocional","status":"publish","type":"post","link":"https:\/\/agora.xtec.cat\/escmarquesdelapobla\/general\/taller-de-benestar-emocional\/","title":{"rendered":"Taller de Benestar Emocional"},"content":{"rendered":"<p>El divendres 6 d\u2019octubre els nens i nenes de P6 vam poder trobar-nos i compartir una estona amb dues psic\u00f2logues del servei de Benestar del Departament d\u2019Educaci\u00f3; la Laia i la M\u00edriam. Ens van explicar que la seva feina \u00e9s anar per les escoles i acompanyar a infants i mestres en la gesti\u00f3 de les emocions perqu\u00e8 tots i totes puguem ser-ne conscients i millorar el nostre benestar emocional.<\/p>\n<p><a href=\"https:\/\/photos.app.goo.gl\/HinptpYJrfRg6iDV8\"><img loading=\"lazy\" decoding=\"async\" class=\"alignnone size-large\" src=\"https:\/\/lh3.googleusercontent.com\/pw\/ADCreHcY3TgirLyS6T_u5cUKkwlQcLOTzKwnJZCGm7nWWbuxcgSJEGZ0LscjfUhwRyC-uMRl5qfz018TChV_4SIh-lBWPuXRG-c5pSD4FUyzQR2mmSYCuKGNsmj6G4CK8pCU8NYZNZFtnqZVZ_3hPXSzAOFo=w1140-h857-s-no?authuser=1\" width=\"1140\" height=\"857\" \/><\/a><!--more--><\/p>\n<p>Primer de tot ens vam presentar, vam dir el nostre nom, una cosa que ens agrada i una que no. Despr\u00e9s, a trav\u00e9s de la pregunta \u201cCom t\u2019has sentit aquesta setmana?\u201d cadasc\u00fa va escollir una carta del Dixit que express\u00e9s com ens hav\u00edem sentit. Un per un vam explicar al grup perqu\u00e8 hav\u00edem escollit cada carta i com la carta representava com ens sent\u00edem.<br \/>\nTothom va poder compartir els seus sentiments i emocions amb els companys i companyes de la classe; es va crear un clima d\u2019amor, respecte, suport i uni\u00f3 molt bonic.<br \/>\nVam veure que molts de nosaltres ens sentim tristos, enfadats, confosos i amb una gran barreja d\u2019emocions\u2026 Ens va anar b\u00e9 poder compartir els nostres sentiments en un moment dif\u00edcil degut a la p\u00e8rdua d\u2019un company i amic de sis\u00e8. Tamb\u00e9 ens vam adonar que, a molts, aquests sentiments ens recordaven a altres persones de la nostra vida que trobem a faltar.<\/p>\n<p>Ens va anar b\u00e9 poder parlar de les nostres emocions. El dolor de la p\u00e8rdua de l\u2019Arnau ens ha unit encara m\u00e9s.<\/p>\n<p>Arnau \ud83e\udd0d<\/p>\n<p>&nbsp;<\/p>\n","protected":false},"excerpt":{"rendered":"<p>El divendres 6 d\u2019octubre els nens i nenes de P6 vam poder trobar-nos i compartir una estona amb dues psic\u00f2logues del servei de Benestar del Departament d\u2019Educaci\u00f3; la Laia i la M\u00edriam. Ens van explicar que la seva feina \u00e9s anar per les escoles i acompanyar a infants i mestres en la gesti\u00f3 de les [&hellip;]<\/p>\n","protected":false},"author":2,"featured_media":0,"comment_status":"open","ping_status":"closed","sticky":false,"template":"","format":"standard","meta":{"_bbp_topic_count":0,"_bbp_reply_count":0,"_bbp_total_topic_count":0,"_bbp_total_reply_count":0,"_bbp_voice_count":0,"_bbp_anonymous_reply_count":0,"_bbp_topic_count_hidden":0,"_bbp_reply_count_hidden":0,"_bbp_forum_subforum_count":0,"site-sidebar-layout":"default","site-content-layout":"","ast-site-content-layout":"","site-content-style":"default","site-sidebar-style":"default","ast-global-header-display":"","ast-banner-title-visibility":"","ast-main-header-display":"","ast-hfb-above-header-display":"","ast-hfb-below-header-display":"","ast-hfb-mobile-header-display":"","site-post-title":"","ast-breadcrumbs-content":"","ast-featured-img":"","footer-sml-layout":"","theme-transparent-header-meta":"","adv-header-id-meta":"","stick-header-meta":"","header-above-stick-meta":"","header-main-stick-meta":"","header-below-stick-meta":"","astra-migrate-meta-layouts":"default","ast-page-background-enabled":"default","ast-page-background-meta":{"desktop":{"background-color":"var(--ast-global-color-5)","background-image":"","background-repeat":"repeat","background-position":"center center","background-size":"auto","background-attachment":"scroll","background-type":"","background-media":"","overlay-type":"","overlay-color":"","overlay-opacity":"","overlay-gradient":""},"tablet":{"background-color":"","background-image":"","background-repeat":"repeat","background-position":"center center","background-size":"auto","background-attachment":"scroll","background-type":"","background-media":"","overlay-type":"","overlay-color":"","overlay-opacity":"","overlay-gradient":""},"mobile":{"background-color":"","background-image":"","background-repeat":"repeat","background-position":"center center","background-size":"auto","background-attachment":"scroll","background-type":"","background-media":"","overlay-type":"","overlay-color":"","overlay-opacity":"","overlay-gradient":""}},"ast-content-background-meta":{"desktop":{"background-color":"var(--ast-global-color-4)","background-image":"","background-repeat":"repeat","background-position":"center center","background-size":"auto","background-attachment":"scroll","background-type":"","background-media":"","overlay-type":"","overlay-color":"","overlay-opacity":"","overlay-gradient":""},"tablet":{"background-color":"var(--ast-global-color-4)","background-image":"","background-repeat":"repeat","background-position":"center center","background-size":"auto","background-attachment":"scroll","background-type":"","background-media":"","overlay-type":"","overlay-color":"","overlay-opacity":"","overlay-gradient":""},"mobile":{"background-color":"var(--ast-global-color-4)","background-image":"","background-repeat":"repeat","background-position":"center center","background-size":"auto","background-attachment":"scroll","background-type":"","background-media":"","overlay-type":"","overlay-color":"","overlay-opacity":"","overlay-gradient":""}},"footnotes":""},"categories":[5,1,133],"tags":[211,212],"class_list":["post-13306","post","type-post","status-publish","format-standard","hentry","category-superior","category-general","category-p6","tag-p6a","tag-p6b"],"post_mailing_queue_ids":[],"_links":{"self":[{"href":"https:\/\/agora.xtec.cat\/escmarquesdelapobla\/wp-json\/wp\/v2\/posts\/13306","targetHints":{"allow":["GET"]}}],"collection":[{"href":"https:\/\/agora.xtec.cat\/escmarquesdelapobla\/wp-json\/wp\/v2\/posts"}],"about":[{"href":"https:\/\/agora.xtec.cat\/escmarquesdelapobla\/wp-json\/wp\/v2\/types\/post"}],"author":[{"embeddable":true,"href":"https:\/\/agora.xtec.cat\/escmarquesdelapobla\/wp-json\/wp\/v2\/users\/2"}],"replies":[{"embeddable":true,"href":"https:\/\/agora.xtec.cat\/escmarquesdelapobla\/wp-json\/wp\/v2\/comments?post=13306"}],"version-history":[{"count":6,"href":"https:\/\/agora.xtec.cat\/escmarquesdelapobla\/wp-json\/wp\/v2\/posts\/13306\/revisions"}],"predecessor-version":[{"id":13320,"href":"https:\/\/agora.xtec.cat\/escmarquesdelapobla\/wp-json\/wp\/v2\/posts\/13306\/revisions\/13320"}],"wp:attachment":[{"href":"https:\/\/agora.xtec.cat\/escmarquesdelapobla\/wp-json\/wp\/v2\/media?parent=13306"}],"wp:term":[{"taxonomy":"category","embeddable":true,"href":"https:\/\/agora.xtec.cat\/escmarquesdelapobla\/wp-json\/wp\/v2\/categories?post=13306"},{"taxonomy":"post_tag","embeddable":true,"href":"https:\/\/agora.xtec.cat\/escmarquesdelapobla\/wp-json\/wp\/v2\/tags?post=13306"}],"curies":[{"name":"wp","href":"https:\/\/api.w.org\/{rel}","templated":true}]}}